{"id":11440,"date":"2023-07-07T17:40:10","date_gmt":"2023-07-07T17:40:10","guid":{"rendered":"https:\/\/diariotiempo.com.uy\/noticias\/?p=11440"},"modified":"2023-07-07T17:40:10","modified_gmt":"2023-07-07T17:40:10","slug":"nacional-y-penarol-dan-un-ejemplo-de-convivencia-con-pintada-de-muro","status":"publish","type":"post","link":"https:\/\/diariotiempo.com.uy\/noticias\/2023\/07\/07\/nacional-y-penarol-dan-un-ejemplo-de-convivencia-con-pintada-de-muro\/","title":{"rendered":"Nacional y Pe\u00f1arol dan un ejemplo de convivencia con pintada de muro"},"content":{"rendered":"\n<figure class=\"wp-block-image size-full\"><img loading=\"lazy\" decoding=\"async\" width=\"800\" height=\"535\" src=\"https:\/\/diariotiempo.com.uy\/noticias\/wp-content\/uploads\/2023\/07\/penaa.jpg\" alt=\"\" class=\"wp-image-11441\" srcset=\"https:\/\/diariotiempo.com.uy\/noticias\/wp-content\/uploads\/2023\/07\/penaa.jpg 800w, https:\/\/diariotiempo.com.uy\/noticias\/wp-content\/uploads\/2023\/07\/penaa-300x201.jpg 300w, https:\/\/diariotiempo.com.uy\/noticias\/wp-content\/uploads\/2023\/07\/penaa-768x514.jpg 768w\" sizes=\"auto, (max-width: 800px) 100vw, 800px\" \/><\/figure>\n\n\n\n<p>En el marco de la Semana de la Convivencia, el Consulado de Nacional y la Pe\u00f1a de Pe\u00f1arol se juntaron una vez m\u00e1s para realizar una acci\u00f3n en conjunto y dar un mensaje de uni\u00f3n y convivencia. En esta oportunidad, realizaron una pintada de un muro en la capital canaria, con las banderas de Pe\u00f1arol y Nacional y el escudo del Municipio de Canelones.<br>El Director de Seguridad y Convivencia, Nicol\u00e1s Guillenea, inform\u00f3 que esta pintada de la convivencia tuvo como objetivo compartir una jornada juntos, \u201ccon los gurises y la comunidad de Canelones, para dar un mensaje de confraternidad, un mensaje esperanzador y mostrar que, m\u00e1s all\u00e1 de las diferencias deportivas, se puede convivir juntos en un mismo espacio\u201d.<br>Por su parte, el representante del Consulado de Nacional, Eduardo Hirigoyen, comunic\u00f3 que a ra\u00edz del \u00e9xito de la campa\u00f1a del abrigo que realizaron en conjunto, se unieron nuevamente en esta Semana de la Convivencia. \u201cLa intenci\u00f3n es seguir dando ese mensaje de uni\u00f3n, de que se pueden hacer cosas y que otras ciudades se contagien de esta iniciativa\u201d, enfatiz\u00f3. A su vez, el representante de la Pe\u00f1a de Pe\u00f1arol, Leonardo Sorbara, dijo que tienen pensado realizar otras acciones por el D\u00eda del Ni\u00f1o y seguir dando un ejemplo de confraternidad.<\/p>\n","protected":false},"excerpt":{"rendered":"<p>En el marco de la Semana de la Convivencia, el Consulado de Nacional y la&#8230;<\/p>\n","protected":false},"author":1,"featured_media":11441,"comment_status":"closed","ping_status":"closed","sticky":false,"template":"","format":"standard","meta":{"_monsterinsights_skip_tracking":false,"_monsterinsights_sitenote_active":false,"_monsterinsights_sitenote_note":"","_monsterinsights_sitenote_category":0,"footnotes":""},"categories":[8],"tags":[],"class_list":["post-11440","post","type-post","status-publish","format-standard","has-post-thumbnail","hentry","category-deporte"],"featured_image_urls":{"full":["https:\/\/diariotiempo.com.uy\/noticias\/wp-content\/uploads\/2023\/07\/penaa.jpg",800,535,false],"thumbnail":["https:\/\/diariotiempo.com.uy\/noticias\/wp-content\/uploads\/2023\/07\/penaa-150x150.jpg",150,150,true],"medium":["https:\/\/diariotiempo.com.uy\/noticias\/wp-content\/uploads\/2023\/07\/penaa-300x201.jpg",300,201,true],"medium_large":["https:\/\/diariotiempo.com.uy\/noticias\/wp-content\/uploads\/2023\/07\/penaa-768x514.jpg",640,428,true],"large":["https:\/\/diariotiempo.com.uy\/noticias\/wp-content\/uploads\/2023\/07\/penaa.jpg",640,428,false],"rpg_gallery_admin_thumb":["https:\/\/diariotiempo.com.uy\/noticias\/wp-content\/uploads\/2023\/07\/penaa.jpg",150,100,false],"rpg_gallery_thumb":["https:\/\/diariotiempo.com.uy\/noticias\/wp-content\/uploads\/2023\/07\/penaa.jpg",150,100,false],"1536x1536":["https:\/\/diariotiempo.com.uy\/noticias\/wp-content\/uploads\/2023\/07\/penaa.jpg",800,535,false],"2048x2048":["https:\/\/diariotiempo.com.uy\/noticias\/wp-content\/uploads\/2023\/07\/penaa.jpg",800,535,false],"covernews-slider-full":["https:\/\/diariotiempo.com.uy\/noticias\/wp-content\/uploads\/2023\/07\/penaa.jpg",800,535,false],"covernews-slider-center":["https:\/\/diariotiempo.com.uy\/noticias\/wp-content\/uploads\/2023\/07\/penaa-800x500.jpg",800,500,true],"covernews-featured":["https:\/\/diariotiempo.com.uy\/noticias\/wp-content\/uploads\/2023\/07\/penaa.jpg",800,535,false],"covernews-medium":["https:\/\/diariotiempo.com.uy\/noticias\/wp-content\/uploads\/2023\/07\/penaa-540x340.jpg",540,340,true],"covernews-medium-square":["https:\/\/diariotiempo.com.uy\/noticias\/wp-content\/uploads\/2023\/07\/penaa-400x250.jpg",400,250,true]},"author_info":{"display_name":"diario","author_link":"https:\/\/diariotiempo.com.uy\/noticias\/author\/diario\/"},"category_info":"<a href=\"https:\/\/diariotiempo.com.uy\/noticias\/category\/deporte\/\" rel=\"category tag\">DEPORTE<\/a>","tag_info":"DEPORTE","comment_count":"0","_links":{"self":[{"href":"https:\/\/diariotiempo.com.uy\/noticias\/wp-json\/wp\/v2\/posts\/11440","targetHints":{"allow":["GET"]}}],"collection":[{"href":"https:\/\/diariotiempo.com.uy\/noticias\/wp-json\/wp\/v2\/posts"}],"about":[{"href":"https:\/\/diariotiempo.com.uy\/noticias\/wp-json\/wp\/v2\/types\/post"}],"author":[{"embeddable":true,"href":"https:\/\/diariotiempo.com.uy\/noticias\/wp-json\/wp\/v2\/users\/1"}],"replies":[{"embeddable":true,"href":"https:\/\/diariotiempo.com.uy\/noticias\/wp-json\/wp\/v2\/comments?post=11440"}],"version-history":[{"count":1,"href":"https:\/\/diariotiempo.com.uy\/noticias\/wp-json\/wp\/v2\/posts\/11440\/revisions"}],"predecessor-version":[{"id":11442,"href":"https:\/\/diariotiempo.com.uy\/noticias\/wp-json\/wp\/v2\/posts\/11440\/revisions\/11442"}],"wp:featuredmedia":[{"embeddable":true,"href":"https:\/\/diariotiempo.com.uy\/noticias\/wp-json\/wp\/v2\/media\/11441"}],"wp:attachment":[{"href":"https:\/\/diariotiempo.com.uy\/noticias\/wp-json\/wp\/v2\/media?parent=11440"}],"wp:term":[{"taxonomy":"category","embeddable":true,"href":"https:\/\/diariotiempo.com.uy\/noticias\/wp-json\/wp\/v2\/categories?post=11440"},{"taxonomy":"post_tag","embeddable":true,"href":"https:\/\/diariotiempo.com.uy\/noticias\/wp-json\/wp\/v2\/tags?post=11440"}],"curies":[{"name":"wp","href":"https:\/\/api.w.org\/{rel}","templated":true}]}}