{"id":11722,"date":"2023-07-28T15:53:31","date_gmt":"2023-07-28T15:53:31","guid":{"rendered":"https:\/\/diariotiempo.com.uy\/noticias\/?p=11722"},"modified":"2023-07-28T15:53:31","modified_gmt":"2023-07-28T15:53:31","slug":"exitosa-edicion-de-las-llamadas-de-invierno-en-parque-del-plata","status":"publish","type":"post","link":"https:\/\/diariotiempo.com.uy\/noticias\/2023\/07\/28\/exitosa-edicion-de-las-llamadas-de-invierno-en-parque-del-plata\/","title":{"rendered":"Exitosa edici\u00f3n de las llamadas de invierno en Parque del Plata"},"content":{"rendered":"\n<figure class=\"wp-block-image size-full\"><img loading=\"lazy\" decoding=\"async\" width=\"800\" height=\"533\" src=\"https:\/\/diariotiempo.com.uy\/noticias\/wp-content\/uploads\/2023\/07\/llamadas.jpg\" alt=\"\" class=\"wp-image-11723\" srcset=\"https:\/\/diariotiempo.com.uy\/noticias\/wp-content\/uploads\/2023\/07\/llamadas.jpg 800w, https:\/\/diariotiempo.com.uy\/noticias\/wp-content\/uploads\/2023\/07\/llamadas-300x200.jpg 300w, https:\/\/diariotiempo.com.uy\/noticias\/wp-content\/uploads\/2023\/07\/llamadas-768x512.jpg 768w\" sizes=\"auto, (max-width: 800px) 100vw, 800px\" \/><\/figure>\n\n\n\n<p>El pasado domingo 23 de julio, la localidad costera de Parque del Plata se visti\u00f3 de fiesta y alegr\u00eda para recibir una nueva edici\u00f3n de las Llamadas de Invierno. Desde las 15:00 horas, las calles se llenaron de color y el contagioso ritmo del candombe reson\u00f3 en cada rinc\u00f3n, dando inicio a una tarde llena de m\u00fasica y cultura afro-uruguaya.<\/p>\n\n\n\n<p>El evento, organizado por la Intendencia de Canelones y el Municipio de Parque del Plata, es una iniciativa que lucha contra el racismo y la xenofobia. Se destac\u00f3 por su emotiva propuesta que promovi\u00f3 la unidad y la diversidad cultural. Las 14 comparsas participantes brindaron un impresionante espect\u00e1culo, demostrando su talento y pasi\u00f3n por la m\u00fasica.<\/p>\n\n\n\n<p>Tambores del Candombe, Yey\u00e9 Luanda, Matamba, Que Rica Che, Tribu Tambor, Shangrilonja, Katump\u00e1 Zul\u00fa, La Fauna, Gacanta Dud\u00fa, Batea del R\u00edo de la Luna, Candombe Groove, Candombe Tribal, Dar\u00edo P\u00e9rez + Banda y la Formaci\u00f3n en Danza Candombe conformaron el potente elenco de agrupaciones que animaron la jornada con sus vibrantes ritmos y danzas. Cada una de estas comparsas present\u00f3 una actuaci\u00f3n llena de energ\u00eda y emoci\u00f3n, cautivando a todos los asistentes.<\/p>\n\n\n\n<p>El desfile recorri\u00f3 la Av. Mario Ferreira, desde la Calle 8 hasta la Calle 13, en medio de un ambiente festivo y bullicioso. Luego, la fiesta continu\u00f3 en la plaza Artigas, donde desde las 18:00 horas diferentes artistas locales se presentaron en el escenario, ofreciendo un broche de oro para una jornada llena de emociones y entretenimiento.<br>Las Llamadas de Invierno en Parque del Plata fueron un rotundo \u00e9xito y dejaron una huella imborrable en los corazones de todos los presentes. En esta celebraci\u00f3n surgi\u00f3 una vez m\u00e1s la riqueza cultural y el esp\u00edritu festivo que caracterizan a Uruguay y fue una muestra de que la m\u00fasica y el baile pueden ser poderosos medios para promover el respeto, la inclusi\u00f3n y la diversidad. Este evento seguir\u00e1 siendo un referente en la comunidad, promoviendo un mensaje de unidad y hermandad que trasciende fronteras.<\/p>\n","protected":false},"excerpt":{"rendered":"<p>El pasado domingo 23 de julio, la localidad costera de Parque del Plata se visti\u00f3&#8230;<\/p>\n","protected":false},"author":1,"featured_media":11723,"comment_status":"closed","ping_status":"closed","sticky":false,"template":"","format":"standard","meta":{"_monsterinsights_skip_tracking":false,"_monsterinsights_sitenote_active":false,"_monsterinsights_sitenote_note":"","_monsterinsights_sitenote_category":0,"footnotes":""},"categories":[86],"tags":[],"class_list":["post-11722","post","type-post","status-publish","format-standard","has-post-thumbnail","hentry","category-parque-del-plata"],"featured_image_urls":{"full":["https:\/\/diariotiempo.com.uy\/noticias\/wp-content\/uploads\/2023\/07\/llamadas.jpg",800,533,false],"thumbnail":["https:\/\/diariotiempo.com.uy\/noticias\/wp-content\/uploads\/2023\/07\/llamadas-150x150.jpg",150,150,true],"medium":["https:\/\/diariotiempo.com.uy\/noticias\/wp-content\/uploads\/2023\/07\/llamadas-300x200.jpg",300,200,true],"medium_large":["https:\/\/diariotiempo.com.uy\/noticias\/wp-content\/uploads\/2023\/07\/llamadas-768x512.jpg",640,427,true],"large":["https:\/\/diariotiempo.com.uy\/noticias\/wp-content\/uploads\/2023\/07\/llamadas.jpg",640,426,false],"rpg_gallery_admin_thumb":["https:\/\/diariotiempo.com.uy\/noticias\/wp-content\/uploads\/2023\/07\/llamadas.jpg",150,100,false],"rpg_gallery_thumb":["https:\/\/diariotiempo.com.uy\/noticias\/wp-content\/uploads\/2023\/07\/llamadas.jpg",150,100,false],"1536x1536":["https:\/\/diariotiempo.com.uy\/noticias\/wp-content\/uploads\/2023\/07\/llamadas.jpg",800,533,false],"2048x2048":["https:\/\/diariotiempo.com.uy\/noticias\/wp-content\/uploads\/2023\/07\/llamadas.jpg",800,533,false],"covernews-slider-full":["https:\/\/diariotiempo.com.uy\/noticias\/wp-content\/uploads\/2023\/07\/llamadas.jpg",800,533,false],"covernews-slider-center":["https:\/\/diariotiempo.com.uy\/noticias\/wp-content\/uploads\/2023\/07\/llamadas-800x500.jpg",800,500,true],"covernews-featured":["https:\/\/diariotiempo.com.uy\/noticias\/wp-content\/uploads\/2023\/07\/llamadas.jpg",800,533,false],"covernews-medium":["https:\/\/diariotiempo.com.uy\/noticias\/wp-content\/uploads\/2023\/07\/llamadas-540x340.jpg",540,340,true],"covernews-medium-square":["https:\/\/diariotiempo.com.uy\/noticias\/wp-content\/uploads\/2023\/07\/llamadas-400x250.jpg",400,250,true]},"author_info":{"display_name":"diario","author_link":"https:\/\/diariotiempo.com.uy\/noticias\/author\/diario\/"},"category_info":"<a href=\"https:\/\/diariotiempo.com.uy\/noticias\/category\/departamental\/parque-del-plata\/\" rel=\"category tag\">Parque del Plata<\/a>","tag_info":"Parque del Plata","comment_count":"0","_links":{"self":[{"href":"https:\/\/diariotiempo.com.uy\/noticias\/wp-json\/wp\/v2\/posts\/11722","targetHints":{"allow":["GET"]}}],"collection":[{"href":"https:\/\/diariotiempo.com.uy\/noticias\/wp-json\/wp\/v2\/posts"}],"about":[{"href":"https:\/\/diariotiempo.com.uy\/noticias\/wp-json\/wp\/v2\/types\/post"}],"author":[{"embeddable":true,"href":"https:\/\/diariotiempo.com.uy\/noticias\/wp-json\/wp\/v2\/users\/1"}],"replies":[{"embeddable":true,"href":"https:\/\/diariotiempo.com.uy\/noticias\/wp-json\/wp\/v2\/comments?post=11722"}],"version-history":[{"count":1,"href":"https:\/\/diariotiempo.com.uy\/noticias\/wp-json\/wp\/v2\/posts\/11722\/revisions"}],"predecessor-version":[{"id":11724,"href":"https:\/\/diariotiempo.com.uy\/noticias\/wp-json\/wp\/v2\/posts\/11722\/revisions\/11724"}],"wp:featuredmedia":[{"embeddable":true,"href":"https:\/\/diariotiempo.com.uy\/noticias\/wp-json\/wp\/v2\/media\/11723"}],"wp:attachment":[{"href":"https:\/\/diariotiempo.com.uy\/noticias\/wp-json\/wp\/v2\/media?parent=11722"}],"wp:term":[{"taxonomy":"category","embeddable":true,"href":"https:\/\/diariotiempo.com.uy\/noticias\/wp-json\/wp\/v2\/categories?post=11722"},{"taxonomy":"post_tag","embeddable":true,"href":"https:\/\/diariotiempo.com.uy\/noticias\/wp-json\/wp\/v2\/tags?post=11722"}],"curies":[{"name":"wp","href":"https:\/\/api.w.org\/{rel}","templated":true}]}}