{"id":11725,"date":"2023-07-28T15:55:29","date_gmt":"2023-07-28T15:55:29","guid":{"rendered":"https:\/\/diariotiempo.com.uy\/noticias\/?p=11725"},"modified":"2023-07-28T15:55:30","modified_gmt":"2023-07-28T15:55:30","slug":"primera-reunion-de-trabajo-del-gabinete-del-agua-en-canelones","status":"publish","type":"post","link":"https:\/\/diariotiempo.com.uy\/noticias\/2023\/07\/28\/primera-reunion-de-trabajo-del-gabinete-del-agua-en-canelones\/","title":{"rendered":"Primera reuni\u00f3n de trabajo del Gabinete del Agua en Canelones"},"content":{"rendered":"\n<figure class=\"wp-block-image size-full\"><img loading=\"lazy\" decoding=\"async\" width=\"800\" height=\"535\" src=\"https:\/\/diariotiempo.com.uy\/noticias\/wp-content\/uploads\/2023\/07\/agua-corriente.jpg\" alt=\"\" class=\"wp-image-11726\" srcset=\"https:\/\/diariotiempo.com.uy\/noticias\/wp-content\/uploads\/2023\/07\/agua-corriente.jpg 800w, https:\/\/diariotiempo.com.uy\/noticias\/wp-content\/uploads\/2023\/07\/agua-corriente-300x201.jpg 300w, https:\/\/diariotiempo.com.uy\/noticias\/wp-content\/uploads\/2023\/07\/agua-corriente-768x514.jpg 768w\" sizes=\"auto, (max-width: 800px) 100vw, 800px\" \/><\/figure>\n\n\n\n<p>En la Sala Beto Satragni del Complejo Cultural Politeama tuvo lugar la primera reuni\u00f3n de trabajo del Gabinete del Agua en Canelones, donde estuvo presente todo el gabinete pol\u00edtico del Gobierno Departamental y cuyo objetivo es generar un \u00e1mbito de conocimiento e intercambio para mejorar la toma de decisiones incorporando conocimiento espec\u00edfico sobre cambio clim\u00e1tico, cuidado del agua y gesti\u00f3n de crisis.<br>De esta primera reuni\u00f3n participaron referentes de la Universidad de la Rep\u00fablica, Naciones Unidas, el Banco Mundial y la Organizaci\u00f3n Panamericana de la Salud. En este sentido, desde Canelones se busca aportar a la construcci\u00f3n de estrategias escalables que permitan atender la emergencia h\u00eddrica y, al mismo tiempo, abordar los desaf\u00edos de mediano y largo plazo desplegando todas las capacidades en cada rinc\u00f3n del territorio.<br>Al respecto, el Intendente de Canelones, Prof. Yamand\u00fa Orsi, dijo que \u201ccomo Gobierno Departamental debo admitir una sensaci\u00f3n de desconcierto\u201d, puesto que, \u201cen alg\u00fan momento, manejamos que pod\u00edamos tener algunos meses de sequ\u00eda, otros de mucha inundaci\u00f3n, pero jam\u00e1s se nos pasaba por la cabeza que \u00edbamos a tener una situaci\u00f3n como la que tenemos\u201d. En este sentido, el Intendente asever\u00f3 que \u201clos gobiernos departamentales tenemos que salir a hacer cosas\u201d, y, si bien reconoci\u00f3 que hoy no existen acciones concretas a mediano y largo plazo, la idea es ir gener\u00e1ndolas para que la pr\u00f3xima administraci\u00f3n tenga un camino trazado desde lo departamental.<br>\u201cSiete de cada 10 canarios viven en el \u00c1rea Metropolitana, pero es el departamento que est\u00e1 en riesgo. Se habla del \u00c1rea Metropolitana, pero es peor\u201d, sentenci\u00f3 Orsi, y consider\u00f3 que \u201ccomo pa\u00eds no hemos tomado muchas decisiones dada la realidad que se nos presenta\u201d. Es por esto que, seg\u00fan opin\u00f3 el jerarca departamental, es una muy buena oportunidad para que profesionales que tienen la formaci\u00f3n necesaria planteen algunos lineamientos para poder accionar. \u201cLa idea es que podamos escuchar, llevarnos en nuestras cabezas algunos conceptos y, despu\u00e9s, resolver lo que podamos\u201d, manifest\u00f3 Orsi.<br>En tanto, el Director General de Gesti\u00f3n Ambiental del Gobierno de Canelones, Leonardo Herou, aclar\u00f3 que se busca sostener este espacio de intercambio con los mismos referentes, a la vez que se incorporar\u00e1n otras \u00e1reas de la academia, otros organismos y organizaciones sociales para continuar intercambiando, mejorando el abordaje y las decisiones que se toman en torno al tema del agua y su gesti\u00f3n. En este sentido, Herou expres\u00f3 que se est\u00e1 buscando la forma de que, ante situaciones similares que se presenten en el futuro, se pueda estar mejor preparados como gobierno y como departamento.<br>Sobre la creaci\u00f3n de un posible Plan Estrat\u00e9gico de Agua para el departamento, el director de Gesti\u00f3n Ambiental expres\u00f3 que \u201cno tengan dudas de que vamos a avanzar en un Plan Estrat\u00e9gico de Agua para Canelones como hemos avanzado en un Plan Estrat\u00e9gico de Calidad del Agua, que hoy nos permite tener mucha informaci\u00f3n con redes de monitoreo autom\u00e1tico, con participaci\u00f3n de vecinas y vecinos y que, adem\u00e1s, permitir\u00e1 trabajar en la gesti\u00f3n y la planificaci\u00f3n en torno a un tema central como es el del agua, que es una de nuestras prioridades\u201d.<br>\u201cSe debe reconocer la complejidad de este tema: no es un tema que tiene una \u00fanica causa. Tenemos que asumir que el problema hoy no es solamente el abastecimiento de agua potable, es un tema estructural, que requiere de decisiones pol\u00edticas profundas de quienes tienen responsabilidad, en este caso, de los gobiernos departamentales\u201d, dijo Herou, a la vez que afirm\u00f3 que \u201cnos vamos convencidos de que hay que tomar decisiones pol\u00edticas de alto nivel en un tema central y nos vamos con un mont\u00f3n de elementos mejores para encarar este tema en el futuro\u201d.<br>Aporte nacional e internacional<br>El Director General de Relaciones Internacionales y Gobierno Abierto, Dr. Edison Lanza, declar\u00f3 que se est\u00e1 trabajando con todas las embajadas que en Uruguay est\u00e1n dispuestas a brindar asistencia ante la crisis h\u00eddrica que atraviesa el pa\u00eds y, en ese sentido, se han entablado di\u00e1logos con las embajadas de Reino Unido, Francia, China, Uni\u00f3n Europea y Estados Unidos. Sobre este \u00faltimo gobierno, Lanza anunci\u00f3 que \u201cha comprometido un primer fondo de US$ 25.000 para la compra de equipos de tanques, de motores para extracci\u00f3n de agua, que van a venir a complementar la planta de potabilizaci\u00f3n de \u00f3smosis inversa que se puso en funcionamiento hace un par de semanas atr\u00e1s en el departamento\u201d.<br>Esta primera reuni\u00f3n del Gabinete del Agua cont\u00f3 con la participaci\u00f3n de referentes de la Universidad de la Rep\u00fablica como el Dr. Marcel Achkar, de la Facultad de Ciencias, quien habl\u00f3 sobre la gesti\u00f3n ambiental del territorio y la gesti\u00f3n del agua, la Dra. Paula Collazo, de la Facultad de Ciencias, quien expuso sobre los recursos h\u00eddricos subterr\u00e1neos, y el Dr. Guillermo Goyenola del Centro Universitario Regional Este (CURE), quien disert\u00f3 acerca de la gesti\u00f3n de aguas superficiales. Asimismo, particip\u00f3 Javier Neme en representaci\u00f3n del programa de Naciones Unidas para el Medio Ambiente, que hizo un abordaje sobre el cambio clim\u00e1tico y la gesti\u00f3n del agua, un especialista de la Organizaci\u00f3n Panamericana de la Salud (OPS) y el especialista senior en Gesti\u00f3n de Recursos H\u00eddricos del Banco Mundial, Klaas de Groot.<\/p>\n","protected":false},"excerpt":{"rendered":"<p>En la Sala Beto Satragni del Complejo Cultural Politeama tuvo lugar la primera reuni\u00f3n de&#8230;<\/p>\n","protected":false},"author":1,"featured_media":11726,"comment_status":"closed","ping_status":"closed","sticky":false,"template":"","format":"standard","meta":{"_monsterinsights_skip_tracking":false,"_monsterinsights_sitenote_active":false,"_monsterinsights_sitenote_note":"","_monsterinsights_sitenote_category":0,"footnotes":""},"categories":[4],"tags":[],"class_list":["post-11725","post","type-post","status-publish","format-standard","has-post-thumbnail","hentry","category-departamental"],"featured_image_urls":{"full":["https:\/\/diariotiempo.com.uy\/noticias\/wp-content\/uploads\/2023\/07\/agua-corriente.jpg",800,535,false],"thumbnail":["https:\/\/diariotiempo.com.uy\/noticias\/wp-content\/uploads\/2023\/07\/agua-corriente-150x150.jpg",150,150,true],"medium":["https:\/\/diariotiempo.com.uy\/noticias\/wp-content\/uploads\/2023\/07\/agua-corriente-300x201.jpg",300,201,true],"medium_large":["https:\/\/diariotiempo.com.uy\/noticias\/wp-content\/uploads\/2023\/07\/agua-corriente-768x514.jpg",640,428,true],"large":["https:\/\/diariotiempo.com.uy\/noticias\/wp-content\/uploads\/2023\/07\/agua-corriente.jpg",640,428,false],"rpg_gallery_admin_thumb":["https:\/\/diariotiempo.com.uy\/noticias\/wp-content\/uploads\/2023\/07\/agua-corriente.jpg",150,100,false],"rpg_gallery_thumb":["https:\/\/diariotiempo.com.uy\/noticias\/wp-content\/uploads\/2023\/07\/agua-corriente.jpg",150,100,false],"1536x1536":["https:\/\/diariotiempo.com.uy\/noticias\/wp-content\/uploads\/2023\/07\/agua-corriente.jpg",800,535,false],"2048x2048":["https:\/\/diariotiempo.com.uy\/noticias\/wp-content\/uploads\/2023\/07\/agua-corriente.jpg",800,535,false],"covernews-slider-full":["https:\/\/diariotiempo.com.uy\/noticias\/wp-content\/uploads\/2023\/07\/agua-corriente.jpg",800,535,false],"covernews-slider-center":["https:\/\/diariotiempo.com.uy\/noticias\/wp-content\/uploads\/2023\/07\/agua-corriente-800x500.jpg",800,500,true],"covernews-featured":["https:\/\/diariotiempo.com.uy\/noticias\/wp-content\/uploads\/2023\/07\/agua-corriente.jpg",800,535,false],"covernews-medium":["https:\/\/diariotiempo.com.uy\/noticias\/wp-content\/uploads\/2023\/07\/agua-corriente-540x340.jpg",540,340,true],"covernews-medium-square":["https:\/\/diariotiempo.com.uy\/noticias\/wp-content\/uploads\/2023\/07\/agua-corriente-400x250.jpg",400,250,true]},"author_info":{"display_name":"diario","author_link":"https:\/\/diariotiempo.com.uy\/noticias\/author\/diario\/"},"category_info":"<a href=\"https:\/\/diariotiempo.com.uy\/noticias\/category\/departamental\/\" rel=\"category tag\">DEPARTAMENTAL<\/a>","tag_info":"DEPARTAMENTAL","comment_count":"0","_links":{"self":[{"href":"https:\/\/diariotiempo.com.uy\/noticias\/wp-json\/wp\/v2\/posts\/11725","targetHints":{"allow":["GET"]}}],"collection":[{"href":"https:\/\/diariotiempo.com.uy\/noticias\/wp-json\/wp\/v2\/posts"}],"about":[{"href":"https:\/\/diariotiempo.com.uy\/noticias\/wp-json\/wp\/v2\/types\/post"}],"author":[{"embeddable":true,"href":"https:\/\/diariotiempo.com.uy\/noticias\/wp-json\/wp\/v2\/users\/1"}],"replies":[{"embeddable":true,"href":"https:\/\/diariotiempo.com.uy\/noticias\/wp-json\/wp\/v2\/comments?post=11725"}],"version-history":[{"count":1,"href":"https:\/\/diariotiempo.com.uy\/noticias\/wp-json\/wp\/v2\/posts\/11725\/revisions"}],"predecessor-version":[{"id":11727,"href":"https:\/\/diariotiempo.com.uy\/noticias\/wp-json\/wp\/v2\/posts\/11725\/revisions\/11727"}],"wp:featuredmedia":[{"embeddable":true,"href":"https:\/\/diariotiempo.com.uy\/noticias\/wp-json\/wp\/v2\/media\/11726"}],"wp:attachment":[{"href":"https:\/\/diariotiempo.com.uy\/noticias\/wp-json\/wp\/v2\/media?parent=11725"}],"wp:term":[{"taxonomy":"category","embeddable":true,"href":"https:\/\/diariotiempo.com.uy\/noticias\/wp-json\/wp\/v2\/categories?post=11725"},{"taxonomy":"post_tag","embeddable":true,"href":"https:\/\/diariotiempo.com.uy\/noticias\/wp-json\/wp\/v2\/tags?post=11725"}],"curies":[{"name":"wp","href":"https:\/\/api.w.org\/{rel}","templated":true}]}}