{"id":11731,"date":"2023-07-28T16:10:46","date_gmt":"2023-07-28T16:10:46","guid":{"rendered":"https:\/\/diariotiempo.com.uy\/noticias\/?p=11731"},"modified":"2023-07-28T16:10:46","modified_gmt":"2023-07-28T16:10:46","slug":"mides-prorroga-beneficio-de-acceso-al-agua-embotellada-para-poblacion-vulnerable","status":"publish","type":"post","link":"https:\/\/diariotiempo.com.uy\/noticias\/2023\/07\/28\/mides-prorroga-beneficio-de-acceso-al-agua-embotellada-para-poblacion-vulnerable\/","title":{"rendered":"Mides pr\u00f3rroga beneficio de acceso al agua embotellada para poblaci\u00f3n vulnerable"},"content":{"rendered":"\n<figure class=\"wp-block-image size-full\"><img loading=\"lazy\" decoding=\"async\" width=\"800\" height=\"471\" src=\"https:\/\/diariotiempo.com.uy\/noticias\/wp-content\/uploads\/2023\/07\/lema.jpg\" alt=\"\" class=\"wp-image-11732\" srcset=\"https:\/\/diariotiempo.com.uy\/noticias\/wp-content\/uploads\/2023\/07\/lema.jpg 800w, https:\/\/diariotiempo.com.uy\/noticias\/wp-content\/uploads\/2023\/07\/lema-300x177.jpg 300w, https:\/\/diariotiempo.com.uy\/noticias\/wp-content\/uploads\/2023\/07\/lema-768x452.jpg 768w\" sizes=\"auto, (max-width: 800px) 100vw, 800px\" \/><\/figure>\n\n\n\n<p>El ministro de Desarrollo Social, Mart\u00edn Lema, inform\u00f3 que se extender\u00e1 por otro mes el apoyo econ\u00f3mico dirigido a la poblaci\u00f3n vulnerable, para garantizar el equivalente a la compra de dos litros de agua embotellada por d\u00eda, por persona. Indic\u00f3 que el beneficio alcanza a unos 540.000 individuos de Montevideo y Canelones y que la inversi\u00f3n es de 23.000.000 de d\u00f3lares. Ya se aseguraron 36.000.000 de litros, agreg\u00f3.<br>En una rueda de prensa, desarrollada este martes 25 en la Torre Ejecutiva, Lema explic\u00f3 que, debido a que se mantiene la emergencia h\u00eddrica, se resolvi\u00f3 extender hasta setiembre el apoyo asignado a integrantes de hogares que perciben asignaciones familiares del Plan de Equidad y los destinatarios de la tarjeta Uruguay Social, asistencia a la vejez y las pensiones y jubilaciones m\u00e1s bajas.<br>Asimismo, precis\u00f3 que esta es una medida preventiva y que, a pesar de que los valores anunciados por el Gobierno indican que el agua de OSE es segura, se busca brindar las garant\u00edas necesarias por si se producen cambios, \u201cpara que las personas est\u00e9n en condiciones de enfrentar las circunstancias\u201d.<br>Detall\u00f3 que el beneficio se efectiviza a trav\u00e9s del refuerzo econ\u00f3mico en las transferencias, equivalentes a 60 litros de agua mensuales, por individuo en situaci\u00f3n de vulnerabilidad. En ese sentido, inform\u00f3 que suman 36.000.000 los litros garantizados para esta poblaci\u00f3n y a\u00f1adi\u00f3 que la inversi\u00f3n es de 23.000.000 de d\u00f3lares si se considera este apoyo y la exoneraci\u00f3n impositiva del agua embotellada.<\/p>\n\n\n\n<p>lema.jpg<\/p>\n","protected":false},"excerpt":{"rendered":"<p>El ministro de Desarrollo Social, Mart\u00edn Lema, inform\u00f3 que se extender\u00e1 por otro mes el&#8230;<\/p>\n","protected":false},"author":1,"featured_media":11732,"comment_status":"closed","ping_status":"closed","sticky":false,"template":"","format":"standard","meta":{"_monsterinsights_skip_tracking":false,"_monsterinsights_sitenote_active":false,"_monsterinsights_sitenote_note":"","_monsterinsights_sitenote_category":0,"footnotes":""},"categories":[79],"tags":[],"class_list":["post-11731","post","type-post","status-publish","format-standard","has-post-thumbnail","hentry","category-nacionales"],"featured_image_urls":{"full":["https:\/\/diariotiempo.com.uy\/noticias\/wp-content\/uploads\/2023\/07\/lema.jpg",800,471,false],"thumbnail":["https:\/\/diariotiempo.com.uy\/noticias\/wp-content\/uploads\/2023\/07\/lema-150x150.jpg",150,150,true],"medium":["https:\/\/diariotiempo.com.uy\/noticias\/wp-content\/uploads\/2023\/07\/lema-300x177.jpg",300,177,true],"medium_large":["https:\/\/diariotiempo.com.uy\/noticias\/wp-content\/uploads\/2023\/07\/lema-768x452.jpg",640,377,true],"large":["https:\/\/diariotiempo.com.uy\/noticias\/wp-content\/uploads\/2023\/07\/lema.jpg",640,377,false],"rpg_gallery_admin_thumb":["https:\/\/diariotiempo.com.uy\/noticias\/wp-content\/uploads\/2023\/07\/lema.jpg",150,88,false],"rpg_gallery_thumb":["https:\/\/diariotiempo.com.uy\/noticias\/wp-content\/uploads\/2023\/07\/lema.jpg",150,88,false],"1536x1536":["https:\/\/diariotiempo.com.uy\/noticias\/wp-content\/uploads\/2023\/07\/lema.jpg",800,471,false],"2048x2048":["https:\/\/diariotiempo.com.uy\/noticias\/wp-content\/uploads\/2023\/07\/lema.jpg",800,471,false],"covernews-slider-full":["https:\/\/diariotiempo.com.uy\/noticias\/wp-content\/uploads\/2023\/07\/lema.jpg",800,471,false],"covernews-slider-center":["https:\/\/diariotiempo.com.uy\/noticias\/wp-content\/uploads\/2023\/07\/lema.jpg",800,471,false],"covernews-featured":["https:\/\/diariotiempo.com.uy\/noticias\/wp-content\/uploads\/2023\/07\/lema.jpg",800,471,false],"covernews-medium":["https:\/\/diariotiempo.com.uy\/noticias\/wp-content\/uploads\/2023\/07\/lema-540x340.jpg",540,340,true],"covernews-medium-square":["https:\/\/diariotiempo.com.uy\/noticias\/wp-content\/uploads\/2023\/07\/lema-400x250.jpg",400,250,true]},"author_info":{"display_name":"diario","author_link":"https:\/\/diariotiempo.com.uy\/noticias\/author\/diario\/"},"category_info":"<a href=\"https:\/\/diariotiempo.com.uy\/noticias\/category\/nacionales\/\" rel=\"category tag\">NACIONALES<\/a>","tag_info":"NACIONALES","comment_count":"0","_links":{"self":[{"href":"https:\/\/diariotiempo.com.uy\/noticias\/wp-json\/wp\/v2\/posts\/11731","targetHints":{"allow":["GET"]}}],"collection":[{"href":"https:\/\/diariotiempo.com.uy\/noticias\/wp-json\/wp\/v2\/posts"}],"about":[{"href":"https:\/\/diariotiempo.com.uy\/noticias\/wp-json\/wp\/v2\/types\/post"}],"author":[{"embeddable":true,"href":"https:\/\/diariotiempo.com.uy\/noticias\/wp-json\/wp\/v2\/users\/1"}],"replies":[{"embeddable":true,"href":"https:\/\/diariotiempo.com.uy\/noticias\/wp-json\/wp\/v2\/comments?post=11731"}],"version-history":[{"count":1,"href":"https:\/\/diariotiempo.com.uy\/noticias\/wp-json\/wp\/v2\/posts\/11731\/revisions"}],"predecessor-version":[{"id":11733,"href":"https:\/\/diariotiempo.com.uy\/noticias\/wp-json\/wp\/v2\/posts\/11731\/revisions\/11733"}],"wp:featuredmedia":[{"embeddable":true,"href":"https:\/\/diariotiempo.com.uy\/noticias\/wp-json\/wp\/v2\/media\/11732"}],"wp:attachment":[{"href":"https:\/\/diariotiempo.com.uy\/noticias\/wp-json\/wp\/v2\/media?parent=11731"}],"wp:term":[{"taxonomy":"category","embeddable":true,"href":"https:\/\/diariotiempo.com.uy\/noticias\/wp-json\/wp\/v2\/categories?post=11731"},{"taxonomy":"post_tag","embeddable":true,"href":"https:\/\/diariotiempo.com.uy\/noticias\/wp-json\/wp\/v2\/tags?post=11731"}],"curies":[{"name":"wp","href":"https:\/\/api.w.org\/{rel}","templated":true}]}}