{"id":11734,"date":"2023-07-28T16:12:44","date_gmt":"2023-07-28T16:12:44","guid":{"rendered":"https:\/\/diariotiempo.com.uy\/noticias\/?p=11734"},"modified":"2023-07-28T16:12:44","modified_gmt":"2023-07-28T16:12:44","slug":"plan-piloto-para-deteccion-temprana-de-cancer-de-pulmon","status":"publish","type":"post","link":"https:\/\/diariotiempo.com.uy\/noticias\/2023\/07\/28\/plan-piloto-para-deteccion-temprana-de-cancer-de-pulmon\/","title":{"rendered":"Plan piloto para detecci\u00f3n temprana de c\u00e1ncer de pulm\u00f3n"},"content":{"rendered":"\n<figure class=\"wp-block-image size-full\"><img loading=\"lazy\" decoding=\"async\" width=\"800\" height=\"600\" src=\"https:\/\/diariotiempo.com.uy\/noticias\/wp-content\/uploads\/2023\/07\/cancer-pulmon.jpg\" alt=\"\" class=\"wp-image-11735\" srcset=\"https:\/\/diariotiempo.com.uy\/noticias\/wp-content\/uploads\/2023\/07\/cancer-pulmon.jpg 800w, https:\/\/diariotiempo.com.uy\/noticias\/wp-content\/uploads\/2023\/07\/cancer-pulmon-300x225.jpg 300w, https:\/\/diariotiempo.com.uy\/noticias\/wp-content\/uploads\/2023\/07\/cancer-pulmon-768x576.jpg 768w\" sizes=\"auto, (max-width: 800px) 100vw, 800px\" \/><\/figure>\n\n\n\n<p>Se desarroll\u00f3 en el Hospital Maciel una jornada para difundir el programa piloto de screening de c\u00e1ncer de pulm\u00f3n UY-LUNGS. Participaron la ministra de salud p\u00fablica, Karina Rando; la directora del Programa Nacional de Control del C\u00e1ncer (Pronaccan), Marisa Fazzino; el director del Hospital Maciel; Gerardo Eguren y su subdirector, Gerardo Bruno.<br>El c\u00e1ncer de pulm\u00f3n es la primera causa de muerte por c\u00e1ncer para ambos sexos en Uruguay, donde representa el 16.8% del total de muertes por esta enfermedad, y el mundo. Su alta incidencia y morbimortalidad representa por tanto, un problema de salud p\u00fablica. El ascenso de la incidencia de este c\u00e1ncer entre las mujeres lo ubica como el tercero m\u00e1s frecuente en esta poblaci\u00f3n (por encima del de cervix), mientras que en hombres es el segundo m\u00e1s frecuente despu\u00e9s del de pr\u00f3stata. Entre 2015-2019 el c\u00e1ncer de pulm\u00f3n produjo 1000 muertes anuales en hombres y 380 en mujeres.<br>A pesar de las pol\u00edticas de salud desarrolladas para disminuir el tabaquismo, la principal causa de c\u00e1ncer de pulm\u00f3n, las tasas de incidencia y mortalidad siguen siendo de las m\u00e1s altas del mundo seg\u00fan datos del Registro Nacional del C\u00e1ncer.<br>El principal problema en relaci\u00f3n al c\u00e1ncer de pulm\u00f3n radica en su diagn\u00f3stico tard\u00edo, que se da en general ante la presencia de s\u00edntomas. En el 91 % de los casos al momento del diagn\u00f3stico ya no es posible plantear tratamientos curativos por lo avanzado de los estad\u00edos.<br>Por esta raz\u00f3n toma especial relevancia la prevenci\u00f3n secundaria y el desarrollo de una estrategia de screening (tamizaje) para el diagn\u00f3stico precoz, de manera de detectarlo cuando se encuentra en etapa potencialmente curativa.<br>Proyecto piloto UY-LUNGS<br>El proyecto lo desarrolla el Programa Nacional de Control del C\u00e1ncer del MSP junto a especialistas del servicio de Cirug\u00eda Tor\u00e1cica, imagenolog\u00eda, neumolog\u00eda, medicina interna, cesaci\u00f3n de tabaquismo y oncolog\u00eda del Hospital Maciel y el servicio de imagenolog\u00eda del Instituto Nacional del C\u00e1ncer (INCA), cuenta adem\u00e1s con el apoyo y asesoramiento de la Agencia Internacional de Investigaci\u00f3n en C\u00e1ncer de la Organizaci\u00f3n Mundial de la Salud (IARC-OMS).<br>La iniciativa se centra en realizar una tomograf\u00eda de baja dosis a personas con alto riesgo de desarrollar c\u00e1ncer de pulm\u00f3n en los pr\u00f3ximos 6 a\u00f1os, as\u00ed como su seguimiento cl\u00ednico realizado por equipo a cargo del proyecto. Es pionero en la regi\u00f3n por las caracter\u00edsticas de la poblaci\u00f3n objetivo: personas de entre 50 y 74 a\u00f1os, fumadoras o exfumadoras, que se atiendan en la Administraci\u00f3n de Servicios de Salud del Estado (ASSE), m\u00e1s vulnerable y con mayores barreras de acceso.<br>Se trata de un cambio en el paradigma del abordaje de la enfermedad debido a que hasta el momento no hab\u00eda un tratamiento con resultados de una baja en la mortalidad de entre un 20 y 40 %, como s\u00ed muestra esta intervenci\u00f3n que se viene desarrollando exitosamente en Estados Unidos y Europa con el apoyo de sociedades cient\u00edficas abocadas al tema.<br>La detecci\u00f3n precoz del c\u00e1ncer de pulm\u00f3n en estas personas implicar\u00e1 la posibilidad de realizar un tratamiento adecuado que permita aumentar el n\u00famero de casos de \u00e9xito y reducir la mortalidad por c\u00e1ncer de pulm\u00f3n en el pa\u00eds a la vez de optimizar los costos para el sistema de salud.<br>De los resultados de estos estudios se obtendr\u00e1n datos que ser\u00e1n \u00fatiles para la implementaci\u00f3n a futuro de un Programa Nacional de Screening de C\u00e1ncer de Pulm\u00f3n.<br>Postulaciones<br>Hasta junio de 2024 podr\u00e1n postularse como candidatos para participar personas de entre 50 y 74 a\u00f1os, fumadoras o ex fumadoras, usuarias ASSE.<br>Los interesados en formar parte de este proyecto deben contactarse por mail: info@pulmonsano.org o whatsapp 092 944 334.<br>Las inscripciones est\u00e1n abiertas hasta junio de 2024.<\/p>\n","protected":false},"excerpt":{"rendered":"<p>Se desarroll\u00f3 en el Hospital Maciel una jornada para difundir el programa piloto de screening&#8230;<\/p>\n","protected":false},"author":1,"featured_media":11735,"comment_status":"closed","ping_status":"closed","sticky":false,"template":"","format":"standard","meta":{"_monsterinsights_skip_tracking":false,"_monsterinsights_sitenote_active":false,"_monsterinsights_sitenote_note":"","_monsterinsights_sitenote_category":0,"footnotes":""},"categories":[70],"tags":[],"class_list":["post-11734","post","type-post","status-publish","format-standard","has-post-thumbnail","hentry","category-salud"],"featured_image_urls":{"full":["https:\/\/diariotiempo.com.uy\/noticias\/wp-content\/uploads\/2023\/07\/cancer-pulmon.jpg",800,600,false],"thumbnail":["https:\/\/diariotiempo.com.uy\/noticias\/wp-content\/uploads\/2023\/07\/cancer-pulmon-150x150.jpg",150,150,true],"medium":["https:\/\/diariotiempo.com.uy\/noticias\/wp-content\/uploads\/2023\/07\/cancer-pulmon-300x225.jpg",300,225,true],"medium_large":["https:\/\/diariotiempo.com.uy\/noticias\/wp-content\/uploads\/2023\/07\/cancer-pulmon-768x576.jpg",640,480,true],"large":["https:\/\/diariotiempo.com.uy\/noticias\/wp-content\/uploads\/2023\/07\/cancer-pulmon.jpg",640,480,false],"rpg_gallery_admin_thumb":["https:\/\/diariotiempo.com.uy\/noticias\/wp-content\/uploads\/2023\/07\/cancer-pulmon.jpg",150,113,false],"rpg_gallery_thumb":["https:\/\/diariotiempo.com.uy\/noticias\/wp-content\/uploads\/2023\/07\/cancer-pulmon.jpg",150,113,false],"1536x1536":["https:\/\/diariotiempo.com.uy\/noticias\/wp-content\/uploads\/2023\/07\/cancer-pulmon.jpg",800,600,false],"2048x2048":["https:\/\/diariotiempo.com.uy\/noticias\/wp-content\/uploads\/2023\/07\/cancer-pulmon.jpg",800,600,false],"covernews-slider-full":["https:\/\/diariotiempo.com.uy\/noticias\/wp-content\/uploads\/2023\/07\/cancer-pulmon.jpg",800,600,false],"covernews-slider-center":["https:\/\/diariotiempo.com.uy\/noticias\/wp-content\/uploads\/2023\/07\/cancer-pulmon-800x500.jpg",800,500,true],"covernews-featured":["https:\/\/diariotiempo.com.uy\/noticias\/wp-content\/uploads\/2023\/07\/cancer-pulmon.jpg",800,600,false],"covernews-medium":["https:\/\/diariotiempo.com.uy\/noticias\/wp-content\/uploads\/2023\/07\/cancer-pulmon-540x340.jpg",540,340,true],"covernews-medium-square":["https:\/\/diariotiempo.com.uy\/noticias\/wp-content\/uploads\/2023\/07\/cancer-pulmon-400x250.jpg",400,250,true]},"author_info":{"display_name":"diario","author_link":"https:\/\/diariotiempo.com.uy\/noticias\/author\/diario\/"},"category_info":"<a href=\"https:\/\/diariotiempo.com.uy\/noticias\/category\/salud\/\" rel=\"category tag\">SALUD<\/a>","tag_info":"SALUD","comment_count":"0","_links":{"self":[{"href":"https:\/\/diariotiempo.com.uy\/noticias\/wp-json\/wp\/v2\/posts\/11734","targetHints":{"allow":["GET"]}}],"collection":[{"href":"https:\/\/diariotiempo.com.uy\/noticias\/wp-json\/wp\/v2\/posts"}],"about":[{"href":"https:\/\/diariotiempo.com.uy\/noticias\/wp-json\/wp\/v2\/types\/post"}],"author":[{"embeddable":true,"href":"https:\/\/diariotiempo.com.uy\/noticias\/wp-json\/wp\/v2\/users\/1"}],"replies":[{"embeddable":true,"href":"https:\/\/diariotiempo.com.uy\/noticias\/wp-json\/wp\/v2\/comments?post=11734"}],"version-history":[{"count":1,"href":"https:\/\/diariotiempo.com.uy\/noticias\/wp-json\/wp\/v2\/posts\/11734\/revisions"}],"predecessor-version":[{"id":11736,"href":"https:\/\/diariotiempo.com.uy\/noticias\/wp-json\/wp\/v2\/posts\/11734\/revisions\/11736"}],"wp:featuredmedia":[{"embeddable":true,"href":"https:\/\/diariotiempo.com.uy\/noticias\/wp-json\/wp\/v2\/media\/11735"}],"wp:attachment":[{"href":"https:\/\/diariotiempo.com.uy\/noticias\/wp-json\/wp\/v2\/media?parent=11734"}],"wp:term":[{"taxonomy":"category","embeddable":true,"href":"https:\/\/diariotiempo.com.uy\/noticias\/wp-json\/wp\/v2\/categories?post=11734"},{"taxonomy":"post_tag","embeddable":true,"href":"https:\/\/diariotiempo.com.uy\/noticias\/wp-json\/wp\/v2\/tags?post=11734"}],"curies":[{"name":"wp","href":"https:\/\/api.w.org\/{rel}","templated":true}]}}