{"id":12079,"date":"2023-08-31T15:14:54","date_gmt":"2023-08-31T15:14:54","guid":{"rendered":"https:\/\/diariotiempo.com.uy\/noticias\/?p=12079"},"modified":"2023-08-31T15:14:55","modified_gmt":"2023-08-31T15:14:55","slug":"jovenes-egresados-del-inisa-accederan-a-soluciones-habitacionales-del-ministerio-de-vivienda","status":"publish","type":"post","link":"https:\/\/diariotiempo.com.uy\/noticias\/2023\/08\/31\/jovenes-egresados-del-inisa-accederan-a-soluciones-habitacionales-del-ministerio-de-vivienda\/","title":{"rendered":"J\u00f3venes egresados del Inisa acceder\u00e1n a soluciones habitacionales del Ministerio de Vivienda"},"content":{"rendered":"\n<figure class=\"wp-block-image size-full\"><img loading=\"lazy\" decoding=\"async\" width=\"800\" height=\"539\" src=\"https:\/\/diariotiempo.com.uy\/noticias\/wp-content\/uploads\/2023\/08\/inisa.jpg\" alt=\"\" class=\"wp-image-12080\" srcset=\"https:\/\/diariotiempo.com.uy\/noticias\/wp-content\/uploads\/2023\/08\/inisa.jpg 800w, https:\/\/diariotiempo.com.uy\/noticias\/wp-content\/uploads\/2023\/08\/inisa-300x202.jpg 300w, https:\/\/diariotiempo.com.uy\/noticias\/wp-content\/uploads\/2023\/08\/inisa-768x517.jpg 768w\" sizes=\"auto, (max-width: 800px) 100vw, 800px\" \/><\/figure>\n\n\n\n<p>Un acuerdo entre los ministerios de Desarrollo Social y Vivienda, y el Instituto Nacional de Inclusi\u00f3n Social Adolescente (Inisa), permitir\u00e1 que adolescentes y j\u00f3venes egresados del sistema penitenciario accedan a soluciones habitacionales. Por otra parte, las instituciones prev\u00e9n la creaci\u00f3n de un centro de referencia destinado a la atenci\u00f3n de la poblaci\u00f3n migrante en Uruguay.<br>En la firma de los tres convenios, celebrada este martes 29, en la sede del Ministerio de Vivienda y Ordenamiento Territorial, participaron el titular de esa cartera, Ra\u00fal Lozano; el ministro del Desarrollo Social, Mart\u00edn Lema; la presidenta del Inisa, Rosanna De Olivera; y los subsecretarios Tabar\u00e9 Hackenbruch y Andrea Brugman.<br>Dos de los acuerdos posibilitar\u00e1n el acceso de los j\u00f3venes egresados del Inisa a viviendas promovidas por los programas de la cartera respectiva. En la primera etapa se otorgar\u00e1n unas 20 soluciones.<br>El tercer convenio, en tanto, establece la creaci\u00f3n del Centro de Encuentro de Migrantes y una serie de acciones por parte del Estado.<br>Lema destac\u00f3 el trabajo permanente de las instituciones involucradas, a fin de fomentar que, al egresar, los adolescentes y j\u00f3venes accedan a una vivienda, con el acompa\u00f1amiento del Mides. \u00abEs necesario dar una respuesta integral\u00bb, puntualiz\u00f3.<br>Por su parte, el centro de referencia para personas migrantes, permitir\u00e1 atender necesidades de esa poblaci\u00f3n, como el asesoramiento en tr\u00e1mites de identidad jur\u00eddica, y temas educativos, de vivienda y de salud, explic\u00f3.<br>El ministro consider\u00f3 que las familias que eligen Uruguay para vivir necesitan apoyo y contenci\u00f3n. Esa respuesta \u201cnos define como pa\u00eds\u201d, valor\u00f3. El convenio incluye la posibilidad de otorgar viviendas para 120 familias, unas 400 personas.<br>El Inisa busca resocializar a los adolescentes que ingresan al sistema, as\u00ed como generar oportunidades de educaci\u00f3n, salud y trabajo, valor\u00f3 De Olivera. Consider\u00f3 que el momento del egreso es una instancia muy compleja y que el Estado debe asegurar las garant\u00edas para sostener el trabajo durante su estad\u00eda en los centros.<br>\u00abEl desaf\u00edo es transformar la vida de los adolescentes y que vuelvan a la sociedad entendiendo que el delito no es un camino v\u00e1lido\u00bb, puntualiz\u00f3.<br>Para el ministro Lozano, en tanto, el Estado est\u00e1 presente ante los problemas sociales y proporciona herramientas a aquellos sectores de la poblaci\u00f3n que m\u00e1s las necesitan.<\/p>\n","protected":false},"excerpt":{"rendered":"<p>Un acuerdo entre los ministerios de Desarrollo Social y Vivienda, y el Instituto Nacional de&#8230;<\/p>\n","protected":false},"author":1,"featured_media":12080,"comment_status":"closed","ping_status":"closed","sticky":false,"template":"","format":"standard","meta":{"_monsterinsights_skip_tracking":false,"_monsterinsights_sitenote_active":false,"_monsterinsights_sitenote_note":"","_monsterinsights_sitenote_category":0,"footnotes":""},"categories":[79],"tags":[],"class_list":["post-12079","post","type-post","status-publish","format-standard","has-post-thumbnail","hentry","category-nacionales"],"featured_image_urls":{"full":["https:\/\/diariotiempo.com.uy\/noticias\/wp-content\/uploads\/2023\/08\/inisa.jpg",800,539,false],"thumbnail":["https:\/\/diariotiempo.com.uy\/noticias\/wp-content\/uploads\/2023\/08\/inisa-150x150.jpg",150,150,true],"medium":["https:\/\/diariotiempo.com.uy\/noticias\/wp-content\/uploads\/2023\/08\/inisa-300x202.jpg",300,202,true],"medium_large":["https:\/\/diariotiempo.com.uy\/noticias\/wp-content\/uploads\/2023\/08\/inisa-768x517.jpg",640,431,true],"large":["https:\/\/diariotiempo.com.uy\/noticias\/wp-content\/uploads\/2023\/08\/inisa.jpg",640,431,false],"rpg_gallery_admin_thumb":["https:\/\/diariotiempo.com.uy\/noticias\/wp-content\/uploads\/2023\/08\/inisa.jpg",150,101,false],"rpg_gallery_thumb":["https:\/\/diariotiempo.com.uy\/noticias\/wp-content\/uploads\/2023\/08\/inisa.jpg",150,101,false],"1536x1536":["https:\/\/diariotiempo.com.uy\/noticias\/wp-content\/uploads\/2023\/08\/inisa.jpg",800,539,false],"2048x2048":["https:\/\/diariotiempo.com.uy\/noticias\/wp-content\/uploads\/2023\/08\/inisa.jpg",800,539,false],"covernews-slider-full":["https:\/\/diariotiempo.com.uy\/noticias\/wp-content\/uploads\/2023\/08\/inisa.jpg",800,539,false],"covernews-slider-center":["https:\/\/diariotiempo.com.uy\/noticias\/wp-content\/uploads\/2023\/08\/inisa-800x500.jpg",800,500,true],"covernews-featured":["https:\/\/diariotiempo.com.uy\/noticias\/wp-content\/uploads\/2023\/08\/inisa.jpg",800,539,false],"covernews-medium":["https:\/\/diariotiempo.com.uy\/noticias\/wp-content\/uploads\/2023\/08\/inisa-540x340.jpg",540,340,true],"covernews-medium-square":["https:\/\/diariotiempo.com.uy\/noticias\/wp-content\/uploads\/2023\/08\/inisa-400x250.jpg",400,250,true]},"author_info":{"display_name":"diario","author_link":"https:\/\/diariotiempo.com.uy\/noticias\/author\/diario\/"},"category_info":"<a href=\"https:\/\/diariotiempo.com.uy\/noticias\/category\/nacionales\/\" rel=\"category tag\">NACIONALES<\/a>","tag_info":"NACIONALES","comment_count":"0","_links":{"self":[{"href":"https:\/\/diariotiempo.com.uy\/noticias\/wp-json\/wp\/v2\/posts\/12079","targetHints":{"allow":["GET"]}}],"collection":[{"href":"https:\/\/diariotiempo.com.uy\/noticias\/wp-json\/wp\/v2\/posts"}],"about":[{"href":"https:\/\/diariotiempo.com.uy\/noticias\/wp-json\/wp\/v2\/types\/post"}],"author":[{"embeddable":true,"href":"https:\/\/diariotiempo.com.uy\/noticias\/wp-json\/wp\/v2\/users\/1"}],"replies":[{"embeddable":true,"href":"https:\/\/diariotiempo.com.uy\/noticias\/wp-json\/wp\/v2\/comments?post=12079"}],"version-history":[{"count":1,"href":"https:\/\/diariotiempo.com.uy\/noticias\/wp-json\/wp\/v2\/posts\/12079\/revisions"}],"predecessor-version":[{"id":12081,"href":"https:\/\/diariotiempo.com.uy\/noticias\/wp-json\/wp\/v2\/posts\/12079\/revisions\/12081"}],"wp:featuredmedia":[{"embeddable":true,"href":"https:\/\/diariotiempo.com.uy\/noticias\/wp-json\/wp\/v2\/media\/12080"}],"wp:attachment":[{"href":"https:\/\/diariotiempo.com.uy\/noticias\/wp-json\/wp\/v2\/media?parent=12079"}],"wp:term":[{"taxonomy":"category","embeddable":true,"href":"https:\/\/diariotiempo.com.uy\/noticias\/wp-json\/wp\/v2\/categories?post=12079"},{"taxonomy":"post_tag","embeddable":true,"href":"https:\/\/diariotiempo.com.uy\/noticias\/wp-json\/wp\/v2\/tags?post=12079"}],"curies":[{"name":"wp","href":"https:\/\/api.w.org\/{rel}","templated":true}]}}