{"id":12098,"date":"2023-09-01T15:02:23","date_gmt":"2023-09-01T15:02:23","guid":{"rendered":"https:\/\/diariotiempo.com.uy\/noticias\/?p=12098"},"modified":"2023-09-01T15:03:18","modified_gmt":"2023-09-01T15:03:18","slug":"con-exito-se-realizo-la-feria-departamental-de-clubes-de-ciencia-de-canelones-en-itf-pando","status":"publish","type":"post","link":"https:\/\/diariotiempo.com.uy\/noticias\/2023\/09\/01\/con-exito-se-realizo-la-feria-departamental-de-clubes-de-ciencia-de-canelones-en-itf-pando\/","title":{"rendered":"Con \u00e9xito se realiz\u00f3 la Feria Departamental de Clubes de Ciencia de Canelones en ITF Pando"},"content":{"rendered":"\n<p>Las Ferias Departamentales de Clubes de Ciencia en el \u00e1mbito del programa Cultura Cient\u00edfica se realizan en este 2023 desde el 29 de agosto al 29 de setiembre. Participan 1005 clubes de 150 localidades de todo el territorio nacional.<br>La iniciativa Clubes de Ciencia tiene sus or\u00edgenes en 1985 y abarca estudiantes y personas adultas en siete categor\u00edas seg\u00fan el nivel que cursan (si el club pertenece a un centro de educaci\u00f3n formal) o edad (educaci\u00f3n no formal). Asimismo, seg\u00fan los objetivos generales del proyecto presentado, los clubes se clasifican en tres \u00e1reas: cient\u00edfico, tecnol\u00f3gico y social.<br>La edici\u00f3n 2023 se trata de la primera luego de tres a\u00f1os de emergencia sanitaria, donde las actividades presenciales estuvieron restringidas.<br>Los clubes que sean reconocidos por los jurados locales participar\u00e1n de la 37.\u00aa Feria Nacional de Clubes de Ciencia, que tendr\u00e1 lugar el 16, 17 y 18 de noviembre en Piri\u00e1polis, Maldonado.<\/p>\n\n\n\n<figure class=\"wp-block-gallery has-nested-images columns-2 is-cropped wp-block-gallery-1 is-layout-flex wp-block-gallery-is-layout-flex\">\n<figure class=\"wp-block-image size-large\"><img loading=\"lazy\" decoding=\"async\" width=\"461\" height=\"1024\" data-id=\"12100\" src=\"https:\/\/diariotiempo.com.uy\/noticias\/wp-content\/uploads\/2023\/09\/2-461x1024.jpg\" alt=\"\" class=\"wp-image-12100\" srcset=\"https:\/\/diariotiempo.com.uy\/noticias\/wp-content\/uploads\/2023\/09\/2-461x1024.jpg 461w, https:\/\/diariotiempo.com.uy\/noticias\/wp-content\/uploads\/2023\/09\/2-135x300.jpg 135w, https:\/\/diariotiempo.com.uy\/noticias\/wp-content\/uploads\/2023\/09\/2-691x1536.jpg 691w, https:\/\/diariotiempo.com.uy\/noticias\/wp-content\/uploads\/2023\/09\/2.jpg 700w\" sizes=\"auto, (max-width: 461px) 100vw, 461px\" \/><\/figure>\n\n\n\n<figure class=\"wp-block-image size-large\"><img loading=\"lazy\" decoding=\"async\" width=\"461\" height=\"1024\" data-id=\"12101\" src=\"https:\/\/diariotiempo.com.uy\/noticias\/wp-content\/uploads\/2023\/09\/112-461x1024.jpg\" alt=\"\" class=\"wp-image-12101\" srcset=\"https:\/\/diariotiempo.com.uy\/noticias\/wp-content\/uploads\/2023\/09\/112-461x1024.jpg 461w, https:\/\/diariotiempo.com.uy\/noticias\/wp-content\/uploads\/2023\/09\/112-135x300.jpg 135w, https:\/\/diariotiempo.com.uy\/noticias\/wp-content\/uploads\/2023\/09\/112-691x1536.jpg 691w, https:\/\/diariotiempo.com.uy\/noticias\/wp-content\/uploads\/2023\/09\/112.jpg 700w\" sizes=\"auto, (max-width: 461px) 100vw, 461px\" \/><\/figure>\n\n\n\n<figure class=\"wp-block-image size-large\"><img loading=\"lazy\" decoding=\"async\" width=\"462\" height=\"1024\" data-id=\"12102\" src=\"https:\/\/diariotiempo.com.uy\/noticias\/wp-content\/uploads\/2023\/09\/113-462x1024.jpg\" alt=\"\" class=\"wp-image-12102\" srcset=\"https:\/\/diariotiempo.com.uy\/noticias\/wp-content\/uploads\/2023\/09\/113-462x1024.jpg 462w, https:\/\/diariotiempo.com.uy\/noticias\/wp-content\/uploads\/2023\/09\/113-135x300.jpg 135w, https:\/\/diariotiempo.com.uy\/noticias\/wp-content\/uploads\/2023\/09\/113-692x1536.jpg 692w, https:\/\/diariotiempo.com.uy\/noticias\/wp-content\/uploads\/2023\/09\/113.jpg 700w\" sizes=\"auto, (max-width: 462px) 100vw, 462px\" \/><\/figure>\n\n\n\n<figure class=\"wp-block-image size-large\"><img loading=\"lazy\" decoding=\"async\" width=\"684\" height=\"1024\" data-id=\"12103\" src=\"https:\/\/diariotiempo.com.uy\/noticias\/wp-content\/uploads\/2023\/09\/130-684x1024.jpg\" alt=\"\" class=\"wp-image-12103\" srcset=\"https:\/\/diariotiempo.com.uy\/noticias\/wp-content\/uploads\/2023\/09\/130-684x1024.jpg 684w, https:\/\/diariotiempo.com.uy\/noticias\/wp-content\/uploads\/2023\/09\/130-201x300.jpg 201w, https:\/\/diariotiempo.com.uy\/noticias\/wp-content\/uploads\/2023\/09\/130-768x1149.jpg 768w, https:\/\/diariotiempo.com.uy\/noticias\/wp-content\/uploads\/2023\/09\/130.jpg 923w\" sizes=\"auto, (max-width: 684px) 100vw, 684px\" \/><\/figure>\n\n\n\n<figure class=\"wp-block-image size-large\"><img loading=\"lazy\" decoding=\"async\" width=\"800\" height=\"361\" data-id=\"12099\" src=\"https:\/\/diariotiempo.com.uy\/noticias\/wp-content\/uploads\/2023\/09\/feria-todos.jpg\" alt=\"\" class=\"wp-image-12099\" srcset=\"https:\/\/diariotiempo.com.uy\/noticias\/wp-content\/uploads\/2023\/09\/feria-todos.jpg 800w, https:\/\/diariotiempo.com.uy\/noticias\/wp-content\/uploads\/2023\/09\/feria-todos-300x135.jpg 300w, https:\/\/diariotiempo.com.uy\/noticias\/wp-content\/uploads\/2023\/09\/feria-todos-768x347.jpg 768w\" sizes=\"auto, (max-width: 800px) 100vw, 800px\" \/><\/figure>\n<\/figure>\n","protected":false},"excerpt":{"rendered":"<p>Las Ferias Departamentales de Clubes de Ciencia en el \u00e1mbito del programa Cultura Cient\u00edfica se&#8230;<\/p>\n","protected":false},"author":1,"featured_media":12099,"comment_status":"closed","ping_status":"closed","sticky":false,"template":"","format":"standard","meta":{"_monsterinsights_skip_tracking":false,"_monsterinsights_sitenote_active":false,"_monsterinsights_sitenote_note":"","_monsterinsights_sitenote_category":0,"footnotes":""},"categories":[4],"tags":[],"class_list":["post-12098","post","type-post","status-publish","format-standard","has-post-thumbnail","hentry","category-departamental"],"featured_image_urls":{"full":["https:\/\/diariotiempo.com.uy\/noticias\/wp-content\/uploads\/2023\/09\/feria-todos.jpg",800,361,false],"thumbnail":["https:\/\/diariotiempo.com.uy\/noticias\/wp-content\/uploads\/2023\/09\/feria-todos-150x150.jpg",150,150,true],"medium":["https:\/\/diariotiempo.com.uy\/noticias\/wp-content\/uploads\/2023\/09\/feria-todos-300x135.jpg",300,135,true],"medium_large":["https:\/\/diariotiempo.com.uy\/noticias\/wp-content\/uploads\/2023\/09\/feria-todos-768x347.jpg",640,289,true],"large":["https:\/\/diariotiempo.com.uy\/noticias\/wp-content\/uploads\/2023\/09\/feria-todos.jpg",640,289,false],"rpg_gallery_admin_thumb":["https:\/\/diariotiempo.com.uy\/noticias\/wp-content\/uploads\/2023\/09\/feria-todos.jpg",150,68,false],"rpg_gallery_thumb":["https:\/\/diariotiempo.com.uy\/noticias\/wp-content\/uploads\/2023\/09\/feria-todos.jpg",150,68,false],"1536x1536":["https:\/\/diariotiempo.com.uy\/noticias\/wp-content\/uploads\/2023\/09\/feria-todos.jpg",800,361,false],"2048x2048":["https:\/\/diariotiempo.com.uy\/noticias\/wp-content\/uploads\/2023\/09\/feria-todos.jpg",800,361,false],"covernews-slider-full":["https:\/\/diariotiempo.com.uy\/noticias\/wp-content\/uploads\/2023\/09\/feria-todos.jpg",800,361,false],"covernews-slider-center":["https:\/\/diariotiempo.com.uy\/noticias\/wp-content\/uploads\/2023\/09\/feria-todos.jpg",800,361,false],"covernews-featured":["https:\/\/diariotiempo.com.uy\/noticias\/wp-content\/uploads\/2023\/09\/feria-todos.jpg",800,361,false],"covernews-medium":["https:\/\/diariotiempo.com.uy\/noticias\/wp-content\/uploads\/2023\/09\/feria-todos-540x340.jpg",540,340,true],"covernews-medium-square":["https:\/\/diariotiempo.com.uy\/noticias\/wp-content\/uploads\/2023\/09\/feria-todos-400x250.jpg",400,250,true]},"author_info":{"display_name":"diario","author_link":"https:\/\/diariotiempo.com.uy\/noticias\/author\/diario\/"},"category_info":"<a href=\"https:\/\/diariotiempo.com.uy\/noticias\/category\/departamental\/\" rel=\"category tag\">DEPARTAMENTAL<\/a>","tag_info":"DEPARTAMENTAL","comment_count":"0","_links":{"self":[{"href":"https:\/\/diariotiempo.com.uy\/noticias\/wp-json\/wp\/v2\/posts\/12098","targetHints":{"allow":["GET"]}}],"collection":[{"href":"https:\/\/diariotiempo.com.uy\/noticias\/wp-json\/wp\/v2\/posts"}],"about":[{"href":"https:\/\/diariotiempo.com.uy\/noticias\/wp-json\/wp\/v2\/types\/post"}],"author":[{"embeddable":true,"href":"https:\/\/diariotiempo.com.uy\/noticias\/wp-json\/wp\/v2\/users\/1"}],"replies":[{"embeddable":true,"href":"https:\/\/diariotiempo.com.uy\/noticias\/wp-json\/wp\/v2\/comments?post=12098"}],"version-history":[{"count":2,"href":"https:\/\/diariotiempo.com.uy\/noticias\/wp-json\/wp\/v2\/posts\/12098\/revisions"}],"predecessor-version":[{"id":12106,"href":"https:\/\/diariotiempo.com.uy\/noticias\/wp-json\/wp\/v2\/posts\/12098\/revisions\/12106"}],"wp:featuredmedia":[{"embeddable":true,"href":"https:\/\/diariotiempo.com.uy\/noticias\/wp-json\/wp\/v2\/media\/12099"}],"wp:attachment":[{"href":"https:\/\/diariotiempo.com.uy\/noticias\/wp-json\/wp\/v2\/media?parent=12098"}],"wp:term":[{"taxonomy":"category","embeddable":true,"href":"https:\/\/diariotiempo.com.uy\/noticias\/wp-json\/wp\/v2\/categories?post=12098"},{"taxonomy":"post_tag","embeddable":true,"href":"https:\/\/diariotiempo.com.uy\/noticias\/wp-json\/wp\/v2\/tags?post=12098"}],"curies":[{"name":"wp","href":"https:\/\/api.w.org\/{rel}","templated":true}]}}