{"id":12107,"date":"2023-09-01T15:06:06","date_gmt":"2023-09-01T15:06:06","guid":{"rendered":"https:\/\/diariotiempo.com.uy\/noticias\/?p=12107"},"modified":"2023-09-01T15:06:07","modified_gmt":"2023-09-01T15:06:07","slug":"presentaron-herramientas-del-plan-de-desarrollo-local-de-la-direccion-de-descentralizacion","status":"publish","type":"post","link":"https:\/\/diariotiempo.com.uy\/noticias\/2023\/09\/01\/presentaron-herramientas-del-plan-de-desarrollo-local-de-la-direccion-de-descentralizacion\/","title":{"rendered":"Presentaron herramientas del plan de desarrollo local de la Direcci\u00f3n de Descentralizaci\u00f3n"},"content":{"rendered":"\n<figure class=\"wp-block-image size-full\"><img loading=\"lazy\" decoding=\"async\" width=\"800\" height=\"671\" src=\"https:\/\/diariotiempo.com.uy\/noticias\/wp-content\/uploads\/2023\/09\/pando.jpg\" alt=\"\" class=\"wp-image-12108\" srcset=\"https:\/\/diariotiempo.com.uy\/noticias\/wp-content\/uploads\/2023\/09\/pando.jpg 800w, https:\/\/diariotiempo.com.uy\/noticias\/wp-content\/uploads\/2023\/09\/pando-300x252.jpg 300w, https:\/\/diariotiempo.com.uy\/noticias\/wp-content\/uploads\/2023\/09\/pando-768x644.jpg 768w\" sizes=\"auto, (max-width: 800px) 100vw, 800px\" \/><\/figure>\n\n\n\n<p>La Direcci\u00f3n de Descentralizaci\u00f3n del Gobierno de Canelones present\u00f3 en el Municipio de Pando una serie de herramientas para potenciar el desarrollo local. Este plan de trabajo, que cuenta con el asesoramiento de la academia a trav\u00e9s de la UDELAR y el CLAEH, actualmente planifica los pasos a seguir para que los municipios presenten proyectos a corto, mediano o largo plazo, con el involucramiento ciudadano y la posibilidad de acceder a fondos econ\u00f3micos.<\/p>\n\n\n\n<p>Esto no es obligatorio y aquellos gobiernos locales que deseen adherir al programa deber\u00e1n presentar una resoluci\u00f3n que los habilite a participar, seg\u00fan se\u00f1al\u00f3 el Director de Descentralizaci\u00f3n, Ruben Moreno, quien resalt\u00f3 que, adem\u00e1s, la ruta de desarrollo y los respectivos proyectos van a estar disponibles en la p\u00e1gina web de la Intendencia para que la poblaci\u00f3n tenga acceso y conocimiento sobre ellos.<\/p>\n\n\n\n<p>El Secretario General del Gobierno de Canelones, Dr. Esc. Francisco Legnani, destac\u00f3 la presencia de varios alcaldes de todos los partidos, que se acercaron interesados en conocer el proyecto. Subray\u00f3, a su vez, que con esto se lograr\u00e1 ampliar y mejorar la descentralizaci\u00f3n en Canelones.<\/p>\n","protected":false},"excerpt":{"rendered":"<p>La Direcci\u00f3n de Descentralizaci\u00f3n del Gobierno de Canelones present\u00f3 en el Municipio de Pando una&#8230;<\/p>\n","protected":false},"author":1,"featured_media":12108,"comment_status":"closed","ping_status":"closed","sticky":false,"template":"","format":"standard","meta":{"_monsterinsights_skip_tracking":false,"_monsterinsights_sitenote_active":false,"_monsterinsights_sitenote_note":"","_monsterinsights_sitenote_category":0,"footnotes":""},"categories":[19],"tags":[],"class_list":["post-12107","post","type-post","status-publish","format-standard","has-post-thumbnail","hentry","category-pando"],"featured_image_urls":{"full":["https:\/\/diariotiempo.com.uy\/noticias\/wp-content\/uploads\/2023\/09\/pando.jpg",800,671,false],"thumbnail":["https:\/\/diariotiempo.com.uy\/noticias\/wp-content\/uploads\/2023\/09\/pando-150x150.jpg",150,150,true],"medium":["https:\/\/diariotiempo.com.uy\/noticias\/wp-content\/uploads\/2023\/09\/pando-300x252.jpg",300,252,true],"medium_large":["https:\/\/diariotiempo.com.uy\/noticias\/wp-content\/uploads\/2023\/09\/pando-768x644.jpg",640,537,true],"large":["https:\/\/diariotiempo.com.uy\/noticias\/wp-content\/uploads\/2023\/09\/pando.jpg",640,537,false],"rpg_gallery_admin_thumb":["https:\/\/diariotiempo.com.uy\/noticias\/wp-content\/uploads\/2023\/09\/pando.jpg",150,126,false],"rpg_gallery_thumb":["https:\/\/diariotiempo.com.uy\/noticias\/wp-content\/uploads\/2023\/09\/pando.jpg",150,126,false],"1536x1536":["https:\/\/diariotiempo.com.uy\/noticias\/wp-content\/uploads\/2023\/09\/pando.jpg",800,671,false],"2048x2048":["https:\/\/diariotiempo.com.uy\/noticias\/wp-content\/uploads\/2023\/09\/pando.jpg",800,671,false],"covernews-slider-full":["https:\/\/diariotiempo.com.uy\/noticias\/wp-content\/uploads\/2023\/09\/pando.jpg",800,671,false],"covernews-slider-center":["https:\/\/diariotiempo.com.uy\/noticias\/wp-content\/uploads\/2023\/09\/pando-800x500.jpg",800,500,true],"covernews-featured":["https:\/\/diariotiempo.com.uy\/noticias\/wp-content\/uploads\/2023\/09\/pando.jpg",800,671,false],"covernews-medium":["https:\/\/diariotiempo.com.uy\/noticias\/wp-content\/uploads\/2023\/09\/pando-540x340.jpg",540,340,true],"covernews-medium-square":["https:\/\/diariotiempo.com.uy\/noticias\/wp-content\/uploads\/2023\/09\/pando-400x250.jpg",400,250,true]},"author_info":{"display_name":"diario","author_link":"https:\/\/diariotiempo.com.uy\/noticias\/author\/diario\/"},"category_info":"<a href=\"https:\/\/diariotiempo.com.uy\/noticias\/category\/departamental\/pando\/\" rel=\"category tag\">Pando<\/a>","tag_info":"Pando","comment_count":"0","_links":{"self":[{"href":"https:\/\/diariotiempo.com.uy\/noticias\/wp-json\/wp\/v2\/posts\/12107","targetHints":{"allow":["GET"]}}],"collection":[{"href":"https:\/\/diariotiempo.com.uy\/noticias\/wp-json\/wp\/v2\/posts"}],"about":[{"href":"https:\/\/diariotiempo.com.uy\/noticias\/wp-json\/wp\/v2\/types\/post"}],"author":[{"embeddable":true,"href":"https:\/\/diariotiempo.com.uy\/noticias\/wp-json\/wp\/v2\/users\/1"}],"replies":[{"embeddable":true,"href":"https:\/\/diariotiempo.com.uy\/noticias\/wp-json\/wp\/v2\/comments?post=12107"}],"version-history":[{"count":1,"href":"https:\/\/diariotiempo.com.uy\/noticias\/wp-json\/wp\/v2\/posts\/12107\/revisions"}],"predecessor-version":[{"id":12109,"href":"https:\/\/diariotiempo.com.uy\/noticias\/wp-json\/wp\/v2\/posts\/12107\/revisions\/12109"}],"wp:featuredmedia":[{"embeddable":true,"href":"https:\/\/diariotiempo.com.uy\/noticias\/wp-json\/wp\/v2\/media\/12108"}],"wp:attachment":[{"href":"https:\/\/diariotiempo.com.uy\/noticias\/wp-json\/wp\/v2\/media?parent=12107"}],"wp:term":[{"taxonomy":"category","embeddable":true,"href":"https:\/\/diariotiempo.com.uy\/noticias\/wp-json\/wp\/v2\/categories?post=12107"},{"taxonomy":"post_tag","embeddable":true,"href":"https:\/\/diariotiempo.com.uy\/noticias\/wp-json\/wp\/v2\/tags?post=12107"}],"curies":[{"name":"wp","href":"https:\/\/api.w.org\/{rel}","templated":true}]}}