{"id":12110,"date":"2023-09-01T15:07:45","date_gmt":"2023-09-01T15:07:45","guid":{"rendered":"https:\/\/diariotiempo.com.uy\/noticias\/?p=12110"},"modified":"2023-09-01T15:07:45","modified_gmt":"2023-09-01T15:07:45","slug":"inauguraron-luminarias-en-empalme-olmos","status":"publish","type":"post","link":"https:\/\/diariotiempo.com.uy\/noticias\/2023\/09\/01\/inauguraron-luminarias-en-empalme-olmos\/","title":{"rendered":"Inauguraron luminarias en Empalme Olmos"},"content":{"rendered":"\n<figure class=\"wp-block-image size-full\"><img loading=\"lazy\" decoding=\"async\" width=\"800\" height=\"450\" src=\"https:\/\/diariotiempo.com.uy\/noticias\/wp-content\/uploads\/2023\/09\/empalme.jpg\" alt=\"\" class=\"wp-image-12111\" srcset=\"https:\/\/diariotiempo.com.uy\/noticias\/wp-content\/uploads\/2023\/09\/empalme.jpg 800w, https:\/\/diariotiempo.com.uy\/noticias\/wp-content\/uploads\/2023\/09\/empalme-300x169.jpg 300w, https:\/\/diariotiempo.com.uy\/noticias\/wp-content\/uploads\/2023\/09\/empalme-768x432.jpg 768w\" sizes=\"auto, (max-width: 800px) 100vw, 800px\" \/><\/figure>\n\n\n\n<p>Con la presencia del Alcalde de Emplame Olmos, Luis Parodi, el Coordinador del Gabinete Institucional, Pedro Irigoin, el Director de Descentralizaci\u00f3n, Ruben Moreno, vecinos y vecinas de la localidad de Emplame Olmos, se llev\u00f3 a cabo la inauguraci\u00f3n de unas 40 luminarias en el barrio La Bolsa.<\/p>\n\n\n\n<p>La inauguraci\u00f3n reuni\u00f3 a vecinos y vecinas de la localidad que se mostraron entusiasmados ante la transformaci\u00f3n del barrio. Ubicadas en las calles Jos\u00e9 Mar\u00eda Fern\u00e1ndez, Deolinda Rodr\u00edguez de Pollero y Miguel Buranelli, son 40 las luminarias que brindar\u00e1n seguridad y mejorar\u00e1n la calidad de vida del barrio, \u201cun barrio que estaba muy oscuro y con esto va a quedar impecable\u201d, expres\u00f3 Jos\u00e9 Ditrano, uno de los vecinos presente en la inauguraci\u00f3n y encargado del encendido de luces.<\/p>\n\n\n\n<p>El Alcalde Parodi inform\u00f3 que un total de 12 cuadras fueron encendidas, en un trabajo que generar\u00e1 un impacto significativo en la vida de la ciudadan\u00eda. \u201cEsto les va a cambiar la vida\u201d, estim\u00f3 al considerar que esta inauguraci\u00f3n beneficiar\u00e1 a numerosas familias transformando la experiencia de transitar de forma segura por el barrio.<\/p>\n\n\n\n<p>Por su parte, Irigoin destac\u00f3 la importancia de este logro colectivo y dijo que \u201cdetr\u00e1s de los expedientes hay personas celebrando el trabajo colectivo\u201d que ejecuta la Intendencia de Canelones. Adem\u00e1s, resalt\u00f3 el cumplimiento del objetivo propuesto para la iluminaci\u00f3n p\u00fablica en el territorio canario, con \u201cun programa hist\u00f3rico por la cantidad de luminarias que tenemos, un orgullo institucional y una emoci\u00f3n personal\u201d.<\/p>\n","protected":false},"excerpt":{"rendered":"<p>Con la presencia del Alcalde de Emplame Olmos, Luis Parodi, el Coordinador del Gabinete Institucional,&#8230;<\/p>\n","protected":false},"author":1,"featured_media":12111,"comment_status":"closed","ping_status":"closed","sticky":false,"template":"","format":"standard","meta":{"_monsterinsights_skip_tracking":false,"_monsterinsights_sitenote_active":false,"_monsterinsights_sitenote_note":"","_monsterinsights_sitenote_category":0,"footnotes":""},"categories":[21],"tags":[],"class_list":["post-12110","post","type-post","status-publish","format-standard","has-post-thumbnail","hentry","category-empalme-olmos"],"featured_image_urls":{"full":["https:\/\/diariotiempo.com.uy\/noticias\/wp-content\/uploads\/2023\/09\/empalme.jpg",800,450,false],"thumbnail":["https:\/\/diariotiempo.com.uy\/noticias\/wp-content\/uploads\/2023\/09\/empalme-150x150.jpg",150,150,true],"medium":["https:\/\/diariotiempo.com.uy\/noticias\/wp-content\/uploads\/2023\/09\/empalme-300x169.jpg",300,169,true],"medium_large":["https:\/\/diariotiempo.com.uy\/noticias\/wp-content\/uploads\/2023\/09\/empalme-768x432.jpg",640,360,true],"large":["https:\/\/diariotiempo.com.uy\/noticias\/wp-content\/uploads\/2023\/09\/empalme.jpg",640,360,false],"rpg_gallery_admin_thumb":["https:\/\/diariotiempo.com.uy\/noticias\/wp-content\/uploads\/2023\/09\/empalme.jpg",150,84,false],"rpg_gallery_thumb":["https:\/\/diariotiempo.com.uy\/noticias\/wp-content\/uploads\/2023\/09\/empalme.jpg",150,84,false],"1536x1536":["https:\/\/diariotiempo.com.uy\/noticias\/wp-content\/uploads\/2023\/09\/empalme.jpg",800,450,false],"2048x2048":["https:\/\/diariotiempo.com.uy\/noticias\/wp-content\/uploads\/2023\/09\/empalme.jpg",800,450,false],"covernews-slider-full":["https:\/\/diariotiempo.com.uy\/noticias\/wp-content\/uploads\/2023\/09\/empalme.jpg",800,450,false],"covernews-slider-center":["https:\/\/diariotiempo.com.uy\/noticias\/wp-content\/uploads\/2023\/09\/empalme.jpg",800,450,false],"covernews-featured":["https:\/\/diariotiempo.com.uy\/noticias\/wp-content\/uploads\/2023\/09\/empalme.jpg",800,450,false],"covernews-medium":["https:\/\/diariotiempo.com.uy\/noticias\/wp-content\/uploads\/2023\/09\/empalme-540x340.jpg",540,340,true],"covernews-medium-square":["https:\/\/diariotiempo.com.uy\/noticias\/wp-content\/uploads\/2023\/09\/empalme-400x250.jpg",400,250,true]},"author_info":{"display_name":"diario","author_link":"https:\/\/diariotiempo.com.uy\/noticias\/author\/diario\/"},"category_info":"<a href=\"https:\/\/diariotiempo.com.uy\/noticias\/category\/departamental\/empalme-olmos\/\" rel=\"category tag\">Empalme Olmos<\/a>","tag_info":"Empalme Olmos","comment_count":"0","_links":{"self":[{"href":"https:\/\/diariotiempo.com.uy\/noticias\/wp-json\/wp\/v2\/posts\/12110","targetHints":{"allow":["GET"]}}],"collection":[{"href":"https:\/\/diariotiempo.com.uy\/noticias\/wp-json\/wp\/v2\/posts"}],"about":[{"href":"https:\/\/diariotiempo.com.uy\/noticias\/wp-json\/wp\/v2\/types\/post"}],"author":[{"embeddable":true,"href":"https:\/\/diariotiempo.com.uy\/noticias\/wp-json\/wp\/v2\/users\/1"}],"replies":[{"embeddable":true,"href":"https:\/\/diariotiempo.com.uy\/noticias\/wp-json\/wp\/v2\/comments?post=12110"}],"version-history":[{"count":1,"href":"https:\/\/diariotiempo.com.uy\/noticias\/wp-json\/wp\/v2\/posts\/12110\/revisions"}],"predecessor-version":[{"id":12112,"href":"https:\/\/diariotiempo.com.uy\/noticias\/wp-json\/wp\/v2\/posts\/12110\/revisions\/12112"}],"wp:featuredmedia":[{"embeddable":true,"href":"https:\/\/diariotiempo.com.uy\/noticias\/wp-json\/wp\/v2\/media\/12111"}],"wp:attachment":[{"href":"https:\/\/diariotiempo.com.uy\/noticias\/wp-json\/wp\/v2\/media?parent=12110"}],"wp:term":[{"taxonomy":"category","embeddable":true,"href":"https:\/\/diariotiempo.com.uy\/noticias\/wp-json\/wp\/v2\/categories?post=12110"},{"taxonomy":"post_tag","embeddable":true,"href":"https:\/\/diariotiempo.com.uy\/noticias\/wp-json\/wp\/v2\/tags?post=12110"}],"curies":[{"name":"wp","href":"https:\/\/api.w.org\/{rel}","templated":true}]}}