{"id":12798,"date":"2023-10-18T15:40:26","date_gmt":"2023-10-18T15:40:26","guid":{"rendered":"https:\/\/diariotiempo.com.uy\/noticias\/?p=12798"},"modified":"2023-10-18T15:40:27","modified_gmt":"2023-10-18T15:40:27","slug":"condena-de-un-hombre-por-reiterados-delitos-de-violencia-domestica","status":"publish","type":"post","link":"https:\/\/diariotiempo.com.uy\/noticias\/2023\/10\/18\/condena-de-un-hombre-por-reiterados-delitos-de-violencia-domestica\/","title":{"rendered":"Condena de un hombre por reiterados delitos de violencia dom\u00e9stica"},"content":{"rendered":"\n<figure class=\"wp-block-image size-full\"><img loading=\"lazy\" decoding=\"async\" width=\"800\" height=\"450\" src=\"https:\/\/diariotiempo.com.uy\/noticias\/wp-content\/uploads\/2023\/10\/violencia.jpg\" alt=\"\" class=\"wp-image-12799\" srcset=\"https:\/\/diariotiempo.com.uy\/noticias\/wp-content\/uploads\/2023\/10\/violencia.jpg 800w, https:\/\/diariotiempo.com.uy\/noticias\/wp-content\/uploads\/2023\/10\/violencia-300x169.jpg 300w, https:\/\/diariotiempo.com.uy\/noticias\/wp-content\/uploads\/2023\/10\/violencia-768x432.jpg 768w\" sizes=\"auto, (max-width: 800px) 100vw, 800px\" \/><\/figure>\n\n\n\n<p>Un hombre fue condenado en la ciudad Paso de los Toros tras cometer reiterados delitos de violencia dom\u00e9stica.<\/p>\n\n\n\n<p>La Comisar\u00eda Especializada en Violencia Dom\u00e9stica y de G\u00e9nero de la ciudad de Paso de los Toros trabaj\u00f3 en el esclarecimiento de una denuncia por agresiones verbales y f\u00edsicas de un hombre a su pareja y al hijo de esta.<\/p>\n\n\n\n<p>Inmediatamente fueron trasladados a centro asistencial el adolescente y la mujer, constat\u00e1ndose lesiones en esta \u00faltima.<\/p>\n\n\n\n<p>Asimismo, el d\u00eda 05 de octubre se hab\u00eda recibido denuncia por hechos de similares caracter\u00edsticas, agresiones verbales, f\u00edsicas y da\u00f1o en mobiliario del hogar.<\/p>\n\n\n\n<p>El caso fue presentado ante el Juzgado Letrado de Primera Instancia de 1\u00b0 turno decret\u00e1ndose la condena del sujeto como autor penalmente responsable de \u201creiterados delitos de violencia dom\u00e9stica agravadas en concurso formal con un delito de lesiones graves agravadas, concurriendo en r\u00e9gimen de reiteraci\u00f3n real a t\u00edtulo de dolo directo en grado consumado\u201d a la pena de 22 meses de prisi\u00f3n a cumplirse de la siguiente manera: 8 meses de prisi\u00f3n efectiva y los restantes 14 meses en r\u00e9gimen de libertad a prueba con imposici\u00f3n de determinadas obligaciones.<\/p>\n","protected":false},"excerpt":{"rendered":"<p>Un hombre fue condenado en la ciudad Paso de los Toros tras cometer reiterados delitos&#8230;<\/p>\n","protected":false},"author":1,"featured_media":12799,"comment_status":"closed","ping_status":"closed","sticky":false,"template":"","format":"standard","meta":{"_monsterinsights_skip_tracking":false,"_monsterinsights_sitenote_active":false,"_monsterinsights_sitenote_note":"","_monsterinsights_sitenote_category":0,"footnotes":""},"categories":[6],"tags":[],"class_list":["post-12798","post","type-post","status-publish","format-standard","has-post-thumbnail","hentry","category-policial"],"featured_image_urls":{"full":["https:\/\/diariotiempo.com.uy\/noticias\/wp-content\/uploads\/2023\/10\/violencia.jpg",800,450,false],"thumbnail":["https:\/\/diariotiempo.com.uy\/noticias\/wp-content\/uploads\/2023\/10\/violencia-150x150.jpg",150,150,true],"medium":["https:\/\/diariotiempo.com.uy\/noticias\/wp-content\/uploads\/2023\/10\/violencia-300x169.jpg",300,169,true],"medium_large":["https:\/\/diariotiempo.com.uy\/noticias\/wp-content\/uploads\/2023\/10\/violencia-768x432.jpg",640,360,true],"large":["https:\/\/diariotiempo.com.uy\/noticias\/wp-content\/uploads\/2023\/10\/violencia.jpg",640,360,false],"rpg_gallery_admin_thumb":["https:\/\/diariotiempo.com.uy\/noticias\/wp-content\/uploads\/2023\/10\/violencia.jpg",150,84,false],"rpg_gallery_thumb":["https:\/\/diariotiempo.com.uy\/noticias\/wp-content\/uploads\/2023\/10\/violencia.jpg",150,84,false],"1536x1536":["https:\/\/diariotiempo.com.uy\/noticias\/wp-content\/uploads\/2023\/10\/violencia.jpg",800,450,false],"2048x2048":["https:\/\/diariotiempo.com.uy\/noticias\/wp-content\/uploads\/2023\/10\/violencia.jpg",800,450,false],"covernews-slider-full":["https:\/\/diariotiempo.com.uy\/noticias\/wp-content\/uploads\/2023\/10\/violencia.jpg",800,450,false],"covernews-slider-center":["https:\/\/diariotiempo.com.uy\/noticias\/wp-content\/uploads\/2023\/10\/violencia.jpg",800,450,false],"covernews-featured":["https:\/\/diariotiempo.com.uy\/noticias\/wp-content\/uploads\/2023\/10\/violencia.jpg",800,450,false],"covernews-medium":["https:\/\/diariotiempo.com.uy\/noticias\/wp-content\/uploads\/2023\/10\/violencia-540x340.jpg",540,340,true],"covernews-medium-square":["https:\/\/diariotiempo.com.uy\/noticias\/wp-content\/uploads\/2023\/10\/violencia-400x250.jpg",400,250,true]},"author_info":{"display_name":"diario","author_link":"https:\/\/diariotiempo.com.uy\/noticias\/author\/diario\/"},"category_info":"<a href=\"https:\/\/diariotiempo.com.uy\/noticias\/category\/policial\/\" rel=\"category tag\">POLICIAL<\/a>","tag_info":"POLICIAL","comment_count":"0","_links":{"self":[{"href":"https:\/\/diariotiempo.com.uy\/noticias\/wp-json\/wp\/v2\/posts\/12798","targetHints":{"allow":["GET"]}}],"collection":[{"href":"https:\/\/diariotiempo.com.uy\/noticias\/wp-json\/wp\/v2\/posts"}],"about":[{"href":"https:\/\/diariotiempo.com.uy\/noticias\/wp-json\/wp\/v2\/types\/post"}],"author":[{"embeddable":true,"href":"https:\/\/diariotiempo.com.uy\/noticias\/wp-json\/wp\/v2\/users\/1"}],"replies":[{"embeddable":true,"href":"https:\/\/diariotiempo.com.uy\/noticias\/wp-json\/wp\/v2\/comments?post=12798"}],"version-history":[{"count":1,"href":"https:\/\/diariotiempo.com.uy\/noticias\/wp-json\/wp\/v2\/posts\/12798\/revisions"}],"predecessor-version":[{"id":12800,"href":"https:\/\/diariotiempo.com.uy\/noticias\/wp-json\/wp\/v2\/posts\/12798\/revisions\/12800"}],"wp:featuredmedia":[{"embeddable":true,"href":"https:\/\/diariotiempo.com.uy\/noticias\/wp-json\/wp\/v2\/media\/12799"}],"wp:attachment":[{"href":"https:\/\/diariotiempo.com.uy\/noticias\/wp-json\/wp\/v2\/media?parent=12798"}],"wp:term":[{"taxonomy":"category","embeddable":true,"href":"https:\/\/diariotiempo.com.uy\/noticias\/wp-json\/wp\/v2\/categories?post=12798"},{"taxonomy":"post_tag","embeddable":true,"href":"https:\/\/diariotiempo.com.uy\/noticias\/wp-json\/wp\/v2\/tags?post=12798"}],"curies":[{"name":"wp","href":"https:\/\/api.w.org\/{rel}","templated":true}]}}