{"id":12965,"date":"2023-10-27T16:20:13","date_gmt":"2023-10-27T16:20:13","guid":{"rendered":"https:\/\/diariotiempo.com.uy\/noticias\/?p=12965"},"modified":"2023-10-27T16:20:13","modified_gmt":"2023-10-27T16:20:13","slug":"canelones-esta-presente-en-la-semana-del-clima-para-america-latina-y-el-caribe","status":"publish","type":"post","link":"https:\/\/diariotiempo.com.uy\/noticias\/2023\/10\/27\/canelones-esta-presente-en-la-semana-del-clima-para-america-latina-y-el-caribe\/","title":{"rendered":"Canelones est\u00e1 presente en la Semana del Clima para Am\u00e9rica Latina y el Caribe"},"content":{"rendered":"\n<figure class=\"wp-block-image size-full\"><img loading=\"lazy\" decoding=\"async\" width=\"800\" height=\"450\" src=\"https:\/\/diariotiempo.com.uy\/noticias\/wp-content\/uploads\/2023\/10\/BANDERAS.jpg\" alt=\"\" class=\"wp-image-12966\" srcset=\"https:\/\/diariotiempo.com.uy\/noticias\/wp-content\/uploads\/2023\/10\/BANDERAS.jpg 800w, https:\/\/diariotiempo.com.uy\/noticias\/wp-content\/uploads\/2023\/10\/BANDERAS-300x169.jpg 300w, https:\/\/diariotiempo.com.uy\/noticias\/wp-content\/uploads\/2023\/10\/BANDERAS-768x432.jpg 768w\" sizes=\"auto, (max-width: 800px) 100vw, 800px\" \/><\/figure>\n\n\n\n<p>La Unidad de Ambiente y Desarrollo Sostenible de la Red de Mercociudades, coordinada por el Gobierno de Canelones, participa de la Semana del Clima para Am\u00e9rica Latina y el Caribe 2023 (LACW 2023), que se lleva adelante en Panam\u00e1 del 23 al 27 de octubre. La Semana del Clima es organizada por Naciones Unidas y es la reuni\u00f3n regional previa a la Conferencia de Naciones Unidas sobre el Cambio Clim\u00e1tico (COP28), en la que se definir\u00e1 un posicionamiento regional que alude a la necesidad de seguir trabajando en las medidas de adaptaci\u00f3n y mitigaci\u00f3n ante el cambio clim\u00e1tico en el continente. <\/p>\n\n\n\n<p>El Director General de Gesti\u00f3n Ambiental, Leonardo Herou, est\u00e1 participando de este foro tanto en representaci\u00f3n de la Intendencia de Canelones como de la Red de Mercociudades, ya que es el Coordinador de la Unidad Tem\u00e1tica de Ambiente y Desarrollo Sostenible. En este contexto, se presentaron algunas de las herramientas desarrolladas para promover la acci\u00f3n clim\u00e1tica y exponer la visi\u00f3n de los gobiernos locales sobre el tema. En la apertura del evento, Herou reflexion\u00f3 sobre el rol de los gobiernos locales al momento de adoptar pol\u00edticas locales de mitigaci\u00f3n y adaptaci\u00f3n al cambio clim\u00e1tico. En este evento tambi\u00e9n participar\u00e1n referentes de Pe\u00f1alol\u00e9n (Chile), Belem (Brasil) y la Organizaci\u00f3n Mundial de Ciudades y Gobiernos Locales Unidos (CGLU). <\/p>\n\n\n\n<p>Durante la semana, representantes de la Intendencia de Canelones mantendr\u00e1n una agenda de trabajo con la Oficina Regional del Programa de las Naciones Unidas para el Medio Ambiente (PNUMA), referentes y autoridades del Gobierno de Panam\u00e1, entre otros actores internacionales claves, sobre la tem\u00e1tica ambiental y de gesti\u00f3n de riesgo. Jesso Rodriguez, representante de la Federaci\u00f3n Latinoamericana de Ciudades, Municipios y Asociaciones Municipalistas (FLACMA), dijo que los gobiernos locales son los que buscan soluciones d\u00eda a d\u00eda y por eso son esenciales en la resiliencia clim\u00e1tica, ya que llevan adelante pol\u00edticas p\u00fablicas a nivel local sobre el impacto de los los efectos del cambio clim\u00e1tico. <\/p>\n\n\n\n<p>En este sentido, es importante fortalecer las redes de gobiernos locales para lograr representatividad a nivel global. Pablo Myariani, representante de CGLU, expres\u00f3 que la regi\u00f3n latinoamericana tiene una gran responsabilidad con las poblaciones y con el planeta, a trav\u00e9s de una gobernanza localizada. Los gobiernos locales de Am\u00e9rica Latina vienen trabajando activamente ante los desaf\u00edos del cambio clim\u00e1tico, debido a que \u201cnuestras comunidades se enfrentan a desigualdades sociales, econ\u00f3micas y de p\u00e9rdida de biodiversidad vinculadas a este fen\u00f3meno. <\/p>\n\n\n\n<p>La Red de Mercociudades, que nuclea a m\u00e1s de 375 gobiernos locales del continente, junto al cap\u00edtulo latinoamericano de CGLU, desea presentar algunas de las herramientas desarrolladas para promover la acci\u00f3n clim\u00e1tica y a su vez presentar la mirada de los gobiernos locales de la red ante la pr\u00f3xima COP28, con especial \u00e9nfasis en los procesos del Global Stocktake, con una mirada desde el sur global y convocando a otros actores a contribuir\u201d.<\/p>\n","protected":false},"excerpt":{"rendered":"<p>La Unidad de Ambiente y Desarrollo Sostenible de la Red de Mercociudades, coordinada por el&#8230;<\/p>\n","protected":false},"author":1,"featured_media":12966,"comment_status":"closed","ping_status":"closed","sticky":false,"template":"","format":"standard","meta":{"_monsterinsights_skip_tracking":false,"_monsterinsights_sitenote_active":false,"_monsterinsights_sitenote_note":"","_monsterinsights_sitenote_category":0,"footnotes":""},"categories":[4],"tags":[],"class_list":["post-12965","post","type-post","status-publish","format-standard","has-post-thumbnail","hentry","category-departamental"],"featured_image_urls":{"full":["https:\/\/diariotiempo.com.uy\/noticias\/wp-content\/uploads\/2023\/10\/BANDERAS.jpg",800,450,false],"thumbnail":["https:\/\/diariotiempo.com.uy\/noticias\/wp-content\/uploads\/2023\/10\/BANDERAS-150x150.jpg",150,150,true],"medium":["https:\/\/diariotiempo.com.uy\/noticias\/wp-content\/uploads\/2023\/10\/BANDERAS-300x169.jpg",300,169,true],"medium_large":["https:\/\/diariotiempo.com.uy\/noticias\/wp-content\/uploads\/2023\/10\/BANDERAS-768x432.jpg",640,360,true],"large":["https:\/\/diariotiempo.com.uy\/noticias\/wp-content\/uploads\/2023\/10\/BANDERAS.jpg",640,360,false],"rpg_gallery_admin_thumb":["https:\/\/diariotiempo.com.uy\/noticias\/wp-content\/uploads\/2023\/10\/BANDERAS-150x150.jpg",150,150,true],"rpg_gallery_thumb":["https:\/\/diariotiempo.com.uy\/noticias\/wp-content\/uploads\/2023\/10\/BANDERAS-150x150.jpg",150,150,true],"1536x1536":["https:\/\/diariotiempo.com.uy\/noticias\/wp-content\/uploads\/2023\/10\/BANDERAS.jpg",800,450,false],"2048x2048":["https:\/\/diariotiempo.com.uy\/noticias\/wp-content\/uploads\/2023\/10\/BANDERAS.jpg",800,450,false],"covernews-slider-full":["https:\/\/diariotiempo.com.uy\/noticias\/wp-content\/uploads\/2023\/10\/BANDERAS.jpg",800,450,false],"covernews-slider-center":["https:\/\/diariotiempo.com.uy\/noticias\/wp-content\/uploads\/2023\/10\/BANDERAS.jpg",800,450,false],"covernews-featured":["https:\/\/diariotiempo.com.uy\/noticias\/wp-content\/uploads\/2023\/10\/BANDERAS.jpg",800,450,false],"covernews-medium":["https:\/\/diariotiempo.com.uy\/noticias\/wp-content\/uploads\/2023\/10\/BANDERAS-540x340.jpg",540,340,true],"covernews-medium-square":["https:\/\/diariotiempo.com.uy\/noticias\/wp-content\/uploads\/2023\/10\/BANDERAS-400x250.jpg",400,250,true]},"author_info":{"display_name":"diario","author_link":"https:\/\/diariotiempo.com.uy\/noticias\/author\/diario\/"},"category_info":"<a href=\"https:\/\/diariotiempo.com.uy\/noticias\/category\/departamental\/\" rel=\"category tag\">DEPARTAMENTAL<\/a>","tag_info":"DEPARTAMENTAL","comment_count":"0","_links":{"self":[{"href":"https:\/\/diariotiempo.com.uy\/noticias\/wp-json\/wp\/v2\/posts\/12965","targetHints":{"allow":["GET"]}}],"collection":[{"href":"https:\/\/diariotiempo.com.uy\/noticias\/wp-json\/wp\/v2\/posts"}],"about":[{"href":"https:\/\/diariotiempo.com.uy\/noticias\/wp-json\/wp\/v2\/types\/post"}],"author":[{"embeddable":true,"href":"https:\/\/diariotiempo.com.uy\/noticias\/wp-json\/wp\/v2\/users\/1"}],"replies":[{"embeddable":true,"href":"https:\/\/diariotiempo.com.uy\/noticias\/wp-json\/wp\/v2\/comments?post=12965"}],"version-history":[{"count":1,"href":"https:\/\/diariotiempo.com.uy\/noticias\/wp-json\/wp\/v2\/posts\/12965\/revisions"}],"predecessor-version":[{"id":12967,"href":"https:\/\/diariotiempo.com.uy\/noticias\/wp-json\/wp\/v2\/posts\/12965\/revisions\/12967"}],"wp:featuredmedia":[{"embeddable":true,"href":"https:\/\/diariotiempo.com.uy\/noticias\/wp-json\/wp\/v2\/media\/12966"}],"wp:attachment":[{"href":"https:\/\/diariotiempo.com.uy\/noticias\/wp-json\/wp\/v2\/media?parent=12965"}],"wp:term":[{"taxonomy":"category","embeddable":true,"href":"https:\/\/diariotiempo.com.uy\/noticias\/wp-json\/wp\/v2\/categories?post=12965"},{"taxonomy":"post_tag","embeddable":true,"href":"https:\/\/diariotiempo.com.uy\/noticias\/wp-json\/wp\/v2\/tags?post=12965"}],"curies":[{"name":"wp","href":"https:\/\/api.w.org\/{rel}","templated":true}]}}