{"id":12971,"date":"2023-10-27T16:27:34","date_gmt":"2023-10-27T16:27:34","guid":{"rendered":"https:\/\/diariotiempo.com.uy\/noticias\/?p=12971"},"modified":"2023-10-27T16:27:35","modified_gmt":"2023-10-27T16:27:35","slug":"nueva-instancia-de-los-foros-canarios-de-seguridad-en-la-floresta","status":"publish","type":"post","link":"https:\/\/diariotiempo.com.uy\/noticias\/2023\/10\/27\/nueva-instancia-de-los-foros-canarios-de-seguridad-en-la-floresta\/","title":{"rendered":"Nueva instancia de los Foros Canarios de Seguridad en La Floresta"},"content":{"rendered":"\n<figure class=\"wp-block-image aligncenter size-full\"><img loading=\"lazy\" decoding=\"async\" width=\"653\" height=\"377\" src=\"https:\/\/diariotiempo.com.uy\/noticias\/wp-content\/uploads\/2023\/10\/FLORESTA.jpg\" alt=\"\" class=\"wp-image-12972\" srcset=\"https:\/\/diariotiempo.com.uy\/noticias\/wp-content\/uploads\/2023\/10\/FLORESTA.jpg 653w, https:\/\/diariotiempo.com.uy\/noticias\/wp-content\/uploads\/2023\/10\/FLORESTA-300x173.jpg 300w\" sizes=\"auto, (max-width: 653px) 100vw, 653px\" \/><\/figure>\n\n\n\n<p>Se realiz\u00f3 una nueva instancia de los Foros Canarios de Seguridad en el Municipio de La Floresta, en un encuentro entre la Intendencia de Canelones, el municipio y el Ministerio del Interior con instituciones, vecinas y vecinos de esa zona de la Costa de Oro. <\/p>\n\n\n\n<p>Estos foros son una iniciativa de la Direcci\u00f3n de Seguridad y Convivencia del Gobierno de Canelones que abri\u00f3 espacios de di\u00e1logo con el objetivo de generar un intercambio de sugerencias para promover la convivencia pac\u00edfica en el territorio. En el caso de este municipio tan amplio y complejo, que cuenta con casi 30 kil\u00f3metros lineales de extensi\u00f3n y 23 localidades, se llevan realizadas numerosas reuniones que tuvieron lugar en balnearios como Jaureguiberry, San Luis y Las Vegas norte, de donde surgi\u00f3 la necesidad de esta \u00faltima instancia en el municipio para poder abarcar la totalidad del territorio. Estas instancias se desarrollan con una din\u00e1mica de mesa redonda en la que los vecinos y vecinas aportan informaci\u00f3n referente a la realidad que se vive en sus barrios y las diferentes problem\u00e1ticas que enfrentan en el d\u00eda a d\u00eda. <\/p>\n\n\n\n<p>El Director de Seguridad y Convivencia del Gobierno Departamental, Nicol\u00e1s Guillenea, explic\u00f3 que la idea es \u201cgenerar un trabajo en conjunto entre la Intendencia, la Jefatura de Polic\u00eda y jefes de zona, para contribuir a calmar y lograr el control de algunas situaciones problem\u00e1ticas\u201d, y agreg\u00f3 que el programa constituye \u201cun trabajo casi que de inteligencia, fundamental para la polic\u00eda y tambi\u00e9n para nosotros, ya que nos permite tener un pantallazo de lo que sucede en cada zona\u201d. <\/p>\n\n\n\n<p>En representaci\u00f3n del Ministerio del Interior, el Comisario Mayor Joaqu\u00edn Lucas, Segundo Jefe de la zona 5 de la Jefatura de Polic\u00eda de Canelones, afirm\u00f3 que estos foros son un importante complemento para la informaci\u00f3n que se maneja a trav\u00e9s de las estad\u00edsticas. \u201cDe estas reuniones cara a cara con los vecinos siempre surgen planteamientos puntuales sobre algunas tem\u00e1ticas que, tal vez, no se vislumbran a nivel de los n\u00fameros y constituyen un insumo para nosotros para continuar mejorando el trabajo\u201d, puntualiz\u00f3. La Alcaldesa de La Floresta, Nancy Poli, habl\u00f3 de la necesidad del trabajo en materia de seguridad y convivencia en un municipio tan amplio y heterog\u00e9neo, que est\u00e1 viviendo un permanente crecimiento demogr\u00e1fico. \u201cHay mucha gente nueva que va ocupando espacios con sus distintas culturas, formas de vida y circunstancias. Est\u00e1 la preocupaci\u00f3n de la gente que ve movimientos nuevos a los que no est\u00e1 habituada. Esto genera un poco de desconfianza y la idea es darle una respuesta al vecino de que nos estamos moviendo para darle seguridad\u201d, concluy\u00f3.<\/p>\n","protected":false},"excerpt":{"rendered":"<p>Se realiz\u00f3 una nueva instancia de los Foros Canarios de Seguridad en el Municipio de&#8230;<\/p>\n","protected":false},"author":1,"featured_media":12972,"comment_status":"closed","ping_status":"closed","sticky":false,"template":"","format":"standard","meta":{"_monsterinsights_skip_tracking":false,"_monsterinsights_sitenote_active":false,"_monsterinsights_sitenote_note":"","_monsterinsights_sitenote_category":0,"footnotes":""},"categories":[6],"tags":[],"class_list":["post-12971","post","type-post","status-publish","format-standard","has-post-thumbnail","hentry","category-policial"],"featured_image_urls":{"full":["https:\/\/diariotiempo.com.uy\/noticias\/wp-content\/uploads\/2023\/10\/FLORESTA.jpg",653,377,false],"thumbnail":["https:\/\/diariotiempo.com.uy\/noticias\/wp-content\/uploads\/2023\/10\/FLORESTA-150x150.jpg",150,150,true],"medium":["https:\/\/diariotiempo.com.uy\/noticias\/wp-content\/uploads\/2023\/10\/FLORESTA-300x173.jpg",300,173,true],"medium_large":["https:\/\/diariotiempo.com.uy\/noticias\/wp-content\/uploads\/2023\/10\/FLORESTA.jpg",640,369,false],"large":["https:\/\/diariotiempo.com.uy\/noticias\/wp-content\/uploads\/2023\/10\/FLORESTA.jpg",640,369,false],"rpg_gallery_admin_thumb":["https:\/\/diariotiempo.com.uy\/noticias\/wp-content\/uploads\/2023\/10\/FLORESTA-150x150.jpg",150,150,true],"rpg_gallery_thumb":["https:\/\/diariotiempo.com.uy\/noticias\/wp-content\/uploads\/2023\/10\/FLORESTA-150x150.jpg",150,150,true],"1536x1536":["https:\/\/diariotiempo.com.uy\/noticias\/wp-content\/uploads\/2023\/10\/FLORESTA.jpg",653,377,false],"2048x2048":["https:\/\/diariotiempo.com.uy\/noticias\/wp-content\/uploads\/2023\/10\/FLORESTA.jpg",653,377,false],"covernews-slider-full":["https:\/\/diariotiempo.com.uy\/noticias\/wp-content\/uploads\/2023\/10\/FLORESTA.jpg",653,377,false],"covernews-slider-center":["https:\/\/diariotiempo.com.uy\/noticias\/wp-content\/uploads\/2023\/10\/FLORESTA.jpg",653,377,false],"covernews-featured":["https:\/\/diariotiempo.com.uy\/noticias\/wp-content\/uploads\/2023\/10\/FLORESTA.jpg",653,377,false],"covernews-medium":["https:\/\/diariotiempo.com.uy\/noticias\/wp-content\/uploads\/2023\/10\/FLORESTA-540x340.jpg",540,340,true],"covernews-medium-square":["https:\/\/diariotiempo.com.uy\/noticias\/wp-content\/uploads\/2023\/10\/FLORESTA-400x250.jpg",400,250,true]},"author_info":{"display_name":"diario","author_link":"https:\/\/diariotiempo.com.uy\/noticias\/author\/diario\/"},"category_info":"<a href=\"https:\/\/diariotiempo.com.uy\/noticias\/category\/policial\/\" rel=\"category tag\">POLICIAL<\/a>","tag_info":"POLICIAL","comment_count":"0","_links":{"self":[{"href":"https:\/\/diariotiempo.com.uy\/noticias\/wp-json\/wp\/v2\/posts\/12971","targetHints":{"allow":["GET"]}}],"collection":[{"href":"https:\/\/diariotiempo.com.uy\/noticias\/wp-json\/wp\/v2\/posts"}],"about":[{"href":"https:\/\/diariotiempo.com.uy\/noticias\/wp-json\/wp\/v2\/types\/post"}],"author":[{"embeddable":true,"href":"https:\/\/diariotiempo.com.uy\/noticias\/wp-json\/wp\/v2\/users\/1"}],"replies":[{"embeddable":true,"href":"https:\/\/diariotiempo.com.uy\/noticias\/wp-json\/wp\/v2\/comments?post=12971"}],"version-history":[{"count":1,"href":"https:\/\/diariotiempo.com.uy\/noticias\/wp-json\/wp\/v2\/posts\/12971\/revisions"}],"predecessor-version":[{"id":12973,"href":"https:\/\/diariotiempo.com.uy\/noticias\/wp-json\/wp\/v2\/posts\/12971\/revisions\/12973"}],"wp:featuredmedia":[{"embeddable":true,"href":"https:\/\/diariotiempo.com.uy\/noticias\/wp-json\/wp\/v2\/media\/12972"}],"wp:attachment":[{"href":"https:\/\/diariotiempo.com.uy\/noticias\/wp-json\/wp\/v2\/media?parent=12971"}],"wp:term":[{"taxonomy":"category","embeddable":true,"href":"https:\/\/diariotiempo.com.uy\/noticias\/wp-json\/wp\/v2\/categories?post=12971"},{"taxonomy":"post_tag","embeddable":true,"href":"https:\/\/diariotiempo.com.uy\/noticias\/wp-json\/wp\/v2\/tags?post=12971"}],"curies":[{"name":"wp","href":"https:\/\/api.w.org\/{rel}","templated":true}]}}