{"id":13185,"date":"2023-11-17T16:03:33","date_gmt":"2023-11-17T16:03:33","guid":{"rendered":"https:\/\/diariotiempo.com.uy\/noticias\/?p=13185"},"modified":"2023-11-17T16:06:25","modified_gmt":"2023-11-17T16:06:25","slug":"equipo-formado-por-alumnas-y-docentes-de-gastronomiade-utu-pando-destacados-en-evento-golden-chef-2023","status":"publish","type":"post","link":"https:\/\/diariotiempo.com.uy\/noticias\/2023\/11\/17\/equipo-formado-por-alumnas-y-docentes-de-gastronomiade-utu-pando-destacados-en-evento-golden-chef-2023\/","title":{"rendered":"Equipo formado por alumnas y docentes de gastronom\u00edade UTU Pando destacados en evento Golden Chef 2023"},"content":{"rendered":"\n<figure class=\"wp-block-gallery has-nested-images columns-2 is-cropped wp-block-gallery-1 is-layout-flex wp-block-gallery-is-layout-flex\">\n<figure class=\"wp-block-image size-large\"><img loading=\"lazy\" decoding=\"async\" width=\"800\" height=\"600\" data-id=\"13186\" src=\"https:\/\/diariotiempo.com.uy\/noticias\/wp-content\/uploads\/2023\/11\/chef-dos.jpg\" alt=\"\" class=\"wp-image-13186\" srcset=\"https:\/\/diariotiempo.com.uy\/noticias\/wp-content\/uploads\/2023\/11\/chef-dos.jpg 800w, https:\/\/diariotiempo.com.uy\/noticias\/wp-content\/uploads\/2023\/11\/chef-dos-300x225.jpg 300w, https:\/\/diariotiempo.com.uy\/noticias\/wp-content\/uploads\/2023\/11\/chef-dos-768x576.jpg 768w\" sizes=\"auto, (max-width: 800px) 100vw, 800px\" \/><\/figure>\n\n\n\n<figure class=\"wp-block-image size-large\"><img loading=\"lazy\" decoding=\"async\" width=\"800\" height=\"600\" data-id=\"13187\" src=\"https:\/\/diariotiempo.com.uy\/noticias\/wp-content\/uploads\/2023\/11\/chef.jpg\" alt=\"\" class=\"wp-image-13187\" srcset=\"https:\/\/diariotiempo.com.uy\/noticias\/wp-content\/uploads\/2023\/11\/chef.jpg 800w, https:\/\/diariotiempo.com.uy\/noticias\/wp-content\/uploads\/2023\/11\/chef-300x225.jpg 300w, https:\/\/diariotiempo.com.uy\/noticias\/wp-content\/uploads\/2023\/11\/chef-768x576.jpg 768w\" sizes=\"auto, (max-width: 800px) 100vw, 800px\" \/><\/figure>\n\n\n\n<figure class=\"wp-block-image size-large\"><img loading=\"lazy\" decoding=\"async\" width=\"800\" height=\"533\" data-id=\"13188\" src=\"https:\/\/diariotiempo.com.uy\/noticias\/wp-content\/uploads\/2023\/11\/golden-utu.jpg\" alt=\"\" class=\"wp-image-13188\" srcset=\"https:\/\/diariotiempo.com.uy\/noticias\/wp-content\/uploads\/2023\/11\/golden-utu.jpg 800w, https:\/\/diariotiempo.com.uy\/noticias\/wp-content\/uploads\/2023\/11\/golden-utu-300x200.jpg 300w, https:\/\/diariotiempo.com.uy\/noticias\/wp-content\/uploads\/2023\/11\/golden-utu-768x512.jpg 768w\" sizes=\"auto, (max-width: 800px) 100vw, 800px\" \/><\/figure>\n<\/figure>\n\n\n\n<p><strong>Historia de l\u00e1grimas y sana competencia<\/strong><\/p>\n\n\n\n<p>Del 4 al 7 de noviembre en Chacra La Redenci\u00f3n (Cno. de La Redenci\u00f3n 6881, Montevideo) se desarrollar\u00f3 Golden Chef Uruguay 2023, un concurso de cocineros por equipos, que promete ser el evento del a\u00f1o en su rubro. Participar\u00e1n representaciones de varios pa\u00edses como Argentina, Ecuador, Chile, Espa\u00f1a y Uruguay, que concursaron en elaboraci\u00f3n libre.<\/p>\n\n\n\n<p>La meta de este concurso es promover la gastronom\u00eda uruguaya y su rica cultura culinaria, al tiempo de brindar una plataforma para que los chefs internacionales muestren su habilidad y creatividad en la cocina. Participaron 12 jurados nacionales e internacionales de gran trayectoria: Francia, Espa\u00f1a, Australia, M\u00e9xico, Argentina, Ecuador, Chile, Estados Unidos y Uruguay. En este sentido, la presidenta de la Asociaci\u00f3n Culinaria de M\u00e9xico y representante de La Cuisine francesa, chef Margarita Vin, certific\u00f3 mediante prueba, a aquellos cocineros que quieran pasar a profesionales. Este evento fue declarado de inter\u00e9s tur\u00edstico por el Ministerio de Turismo. En el evento particip\u00f3 un equipo conformado por integrantes del \u00faltimo a\u00f1o de la Escuela T\u00e9cnica de Pando \u00abArte Nativo\u00bb, conformado por dos estudiantes y dos docentes. El equipo pandense galardonado Golden Chef Uruguay 2023, Arte Nativo recibio como premio la invitaci\u00f3n a participar en el concurso de Sidney, Australia en 2024.<\/p>\n\n\n\n<p><strong>Historia de sana competencia:<\/strong><\/p>\n\n\n\n<p>El joven chef Nicolas Andres Garate Garcia y su equipo entregaron el dinero del premio al equipo uruguayo que qued\u00f3 segundo (UTU Pando), para ayudarlos a entrenar y mejorar. Cuenta un jurado \u00abTantas l\u00e1grimas derramadas como los uruguayos estaban en shock. Tales gestos no son tan comunes &#8211; y saludo a los chilenos por tener un gran coraz\u00f3n y tomar nuestras palabras como mentores en serio y demostrarlo con acci\u00f3n real\u00bb Ahora el equipo pandense se encuentra en la b\u00fasqueda de recaudar fondos para continuar su \u00abviaje\u00bb<\/p>\n","protected":false},"excerpt":{"rendered":"<p>Historia de l\u00e1grimas y sana competencia Del 4 al 7 de noviembre en Chacra La&#8230;<\/p>\n","protected":false},"author":1,"featured_media":13188,"comment_status":"closed","ping_status":"closed","sticky":false,"template":"","format":"standard","meta":{"_monsterinsights_skip_tracking":false,"_monsterinsights_sitenote_active":false,"_monsterinsights_sitenote_note":"","_monsterinsights_sitenote_category":0,"footnotes":""},"categories":[19],"tags":[],"class_list":["post-13185","post","type-post","status-publish","format-standard","has-post-thumbnail","hentry","category-pando"],"featured_image_urls":{"full":["https:\/\/diariotiempo.com.uy\/noticias\/wp-content\/uploads\/2023\/11\/golden-utu.jpg",800,533,false],"thumbnail":["https:\/\/diariotiempo.com.uy\/noticias\/wp-content\/uploads\/2023\/11\/golden-utu-150x150.jpg",150,150,true],"medium":["https:\/\/diariotiempo.com.uy\/noticias\/wp-content\/uploads\/2023\/11\/golden-utu-300x200.jpg",300,200,true],"medium_large":["https:\/\/diariotiempo.com.uy\/noticias\/wp-content\/uploads\/2023\/11\/golden-utu-768x512.jpg",640,427,true],"large":["https:\/\/diariotiempo.com.uy\/noticias\/wp-content\/uploads\/2023\/11\/golden-utu.jpg",640,426,false],"rpg_gallery_admin_thumb":["https:\/\/diariotiempo.com.uy\/noticias\/wp-content\/uploads\/2023\/11\/golden-utu-150x150.jpg",150,150,true],"rpg_gallery_thumb":["https:\/\/diariotiempo.com.uy\/noticias\/wp-content\/uploads\/2023\/11\/golden-utu-150x150.jpg",150,150,true],"1536x1536":["https:\/\/diariotiempo.com.uy\/noticias\/wp-content\/uploads\/2023\/11\/golden-utu.jpg",800,533,false],"2048x2048":["https:\/\/diariotiempo.com.uy\/noticias\/wp-content\/uploads\/2023\/11\/golden-utu.jpg",800,533,false],"covernews-slider-full":["https:\/\/diariotiempo.com.uy\/noticias\/wp-content\/uploads\/2023\/11\/golden-utu.jpg",800,533,false],"covernews-slider-center":["https:\/\/diariotiempo.com.uy\/noticias\/wp-content\/uploads\/2023\/11\/golden-utu-800x500.jpg",800,500,true],"covernews-featured":["https:\/\/diariotiempo.com.uy\/noticias\/wp-content\/uploads\/2023\/11\/golden-utu.jpg",800,533,false],"covernews-medium":["https:\/\/diariotiempo.com.uy\/noticias\/wp-content\/uploads\/2023\/11\/golden-utu-540x340.jpg",540,340,true],"covernews-medium-square":["https:\/\/diariotiempo.com.uy\/noticias\/wp-content\/uploads\/2023\/11\/golden-utu-400x250.jpg",400,250,true]},"author_info":{"display_name":"diario","author_link":"https:\/\/diariotiempo.com.uy\/noticias\/author\/diario\/"},"category_info":"<a href=\"https:\/\/diariotiempo.com.uy\/noticias\/category\/departamental\/pando\/\" rel=\"category tag\">Pando<\/a>","tag_info":"Pando","comment_count":"0","_links":{"self":[{"href":"https:\/\/diariotiempo.com.uy\/noticias\/wp-json\/wp\/v2\/posts\/13185","targetHints":{"allow":["GET"]}}],"collection":[{"href":"https:\/\/diariotiempo.com.uy\/noticias\/wp-json\/wp\/v2\/posts"}],"about":[{"href":"https:\/\/diariotiempo.com.uy\/noticias\/wp-json\/wp\/v2\/types\/post"}],"author":[{"embeddable":true,"href":"https:\/\/diariotiempo.com.uy\/noticias\/wp-json\/wp\/v2\/users\/1"}],"replies":[{"embeddable":true,"href":"https:\/\/diariotiempo.com.uy\/noticias\/wp-json\/wp\/v2\/comments?post=13185"}],"version-history":[{"count":1,"href":"https:\/\/diariotiempo.com.uy\/noticias\/wp-json\/wp\/v2\/posts\/13185\/revisions"}],"predecessor-version":[{"id":13189,"href":"https:\/\/diariotiempo.com.uy\/noticias\/wp-json\/wp\/v2\/posts\/13185\/revisions\/13189"}],"wp:featuredmedia":[{"embeddable":true,"href":"https:\/\/diariotiempo.com.uy\/noticias\/wp-json\/wp\/v2\/media\/13188"}],"wp:attachment":[{"href":"https:\/\/diariotiempo.com.uy\/noticias\/wp-json\/wp\/v2\/media?parent=13185"}],"wp:term":[{"taxonomy":"category","embeddable":true,"href":"https:\/\/diariotiempo.com.uy\/noticias\/wp-json\/wp\/v2\/categories?post=13185"},{"taxonomy":"post_tag","embeddable":true,"href":"https:\/\/diariotiempo.com.uy\/noticias\/wp-json\/wp\/v2\/tags?post=13185"}],"curies":[{"name":"wp","href":"https:\/\/api.w.org\/{rel}","templated":true}]}}