{"id":13193,"date":"2023-11-17T16:08:19","date_gmt":"2023-11-17T16:08:19","guid":{"rendered":"https:\/\/diariotiempo.com.uy\/noticias\/?p=13193"},"modified":"2023-11-17T16:08:20","modified_gmt":"2023-11-17T16:08:20","slug":"ciudad-de-la-costa-aumento-un-1045-la-captacion-de-material-potencialmente-reciclable","status":"publish","type":"post","link":"https:\/\/diariotiempo.com.uy\/noticias\/2023\/11\/17\/ciudad-de-la-costa-aumento-un-1045-la-captacion-de-material-potencialmente-reciclable\/","title":{"rendered":"Ciudad de la Costa aument\u00f3 un 104,5% la\u00a0captaci\u00f3n de material potencialmente reciclable"},"content":{"rendered":"\n<figure class=\"wp-block-image size-full\"><img loading=\"lazy\" decoding=\"async\" width=\"800\" height=\"533\" src=\"https:\/\/diariotiempo.com.uy\/noticias\/wp-content\/uploads\/2023\/11\/PLANTAS-ALCALDESA.jpg\" alt=\"\" class=\"wp-image-13194\" srcset=\"https:\/\/diariotiempo.com.uy\/noticias\/wp-content\/uploads\/2023\/11\/PLANTAS-ALCALDESA.jpg 800w, https:\/\/diariotiempo.com.uy\/noticias\/wp-content\/uploads\/2023\/11\/PLANTAS-ALCALDESA-300x200.jpg 300w, https:\/\/diariotiempo.com.uy\/noticias\/wp-content\/uploads\/2023\/11\/PLANTAS-ALCALDESA-768x512.jpg 768w\" sizes=\"auto, (max-width: 800px) 100vw, 800px\" \/><\/figure>\n\n\n\n<p>Durante el cierre del programa Escuelas sustentables, en el marco del Mes de los Derechos de Ni\u00f1as, Ni\u00f1os y Adolescentes, delegados y delegadas de escuelas de Ciudad de la Costa y el Concejo de Ni\u00f1os y Ni\u00f1as de la localidad dialogaron y evaluaron dicho programa. El Director General de Gesti\u00f3n Ambiental del Gobierno de Canelones, Leonardo Herou, comparti\u00f3 cifras importantes de la experiencia en reciclaje de Ciudad de la Costa durante el per\u00edodo 2022-2023. Desde enero a octubre de 2022, 16.600 familias participaron activamente en la clasificaci\u00f3n de residuos, resultando en la captaci\u00f3n de 721 toneladas de material potencialmente reciclable. En el mismo per\u00edodo de este a\u00f1o, estas cifras se elevaron a 1475 toneladas, lo que marca un incremento del 104,5 % en la captaci\u00f3n del material potencialmente reciclable. Herou atribuy\u00f3 este \u00e9xito a la implementaci\u00f3n de nuevo equipamiento, ajustes log\u00edsticos y, fundamentalmente, a la participaci\u00f3n activa de la comunidad. \u201cEl cambio del modelo de gesti\u00f3n de residuos se ha convertido en un pilar clave de la pol\u00edtica ambiental del departamento\u201d, expres\u00f3.<\/p>\n\n\n\n<p><strong>El plan de educaci\u00f3n ambiental es una prioridad<\/strong><\/p>\n\n\n\n<p>El programa Escuelas sustentables, que involucra a m\u00e1s de 200 centros educativos, desempe\u00f1a un papel sustancial en el logro obtenido, cumpli\u00e9ndose as\u00ed el objetivo de fomentar un cambio de h\u00e1bitos en la separaci\u00f3n y valorizaci\u00f3n de los residuos, tanto en instituciones educativas como en las familias, y promoviendo buenas pr\u00e1cticas ambientales. El programa forma parte del Plan de Educaci\u00f3n Ambiental, que busca intensificar la gesti\u00f3n sustentable de residuos en el departamento. En tanto, Herou elogi\u00f3 la experiencia del Concejo de Ni\u00f1os y Ni\u00f1as y destac\u00f3 su contribuci\u00f3n a la democracia participativa desde una edad temprana. \u201cNos parece que la experiencia que viene haciendo el Concejo de Ni\u00f1os y Ni\u00f1as es fabulosa. Aunque parezca lejano, es clave porque profundiza nuestra democracia, ya que desde muy chicos se acostumbran a intercambiar, pensar colectivamente y aportar ideas\u201d, reflexion\u00f3. La Alcaldesa del Municipio de Ciudad de la Costa, Mtra. Sonia Misiri\u00e1n, inform\u00f3 que los ni\u00f1os y ni\u00f1as del concejo trabajaron en varios proyectos durante el a\u00f1o y eligieron ejecutar dos de caracter ambiental: la consolidaci\u00f3n de plazas en Montes de Solymar y la limpieza de playas. A su vez, explic\u00f3 que debido a las condiciones ambientales, deben hacerse ajustes en la iniciativa que proyectaba la limpieza de playas. Finalmente, la Responsable del \u00c1rea Infancia y Adolescencia, Lic. T. S. Cecilia Rebellato, indic\u00f3 que la actividad de cierre junto con Gesti\u00f3n Ambiental y el Municipio de Ciudad de la Costa tuvo el cometido de poder intercambiar reflexiones para ver qu\u00e9 nivel de impacto ha tenido el proceso de trabajo en el territorio. \u201cLo estamos conjugando con una de las propuestas que el Concejo de Ni\u00f1os y Ni\u00f1as de Ciudad de la Costa presentaron y que tiene que ver con lo ambiental. Encontrarse con ni\u00f1os y ni\u00f1as de diversas instituciones educativas y centros no formales para ver cu\u00e1l es el grado de impacto en los temas ambientales que han venido pensando en el a\u00f1o \u2013reciclaje, c\u00f3mo se genera la sustentabilidad en materia ambiental, c\u00f3mo cuidamos y replicamos en nuestra comunidad y qu\u00e9 actitudes, en nuestras vidas cotidianas como ni\u00f1os y ni\u00f1as, podemos tomar\u2013 es hacer conciencia para ser promotores en nuestros entornos\u201d, manifest\u00f3. Para saber qu\u00e9 opinan los canarios y las canarias sobre los programas que desarrolla en todo el territorio la Direcci\u00f3n General de Gesti\u00f3n Ambiental, se est\u00e1 implementando una encuesta para las familias adheridas al programa Hogares sustentables. \u201cCon aproximadamente 60.000 familias participando en la clasificaci\u00f3n para reciclaje y compostaje, se espera que las conclusiones de estas encuestas impulsen mejoras para implementar el pr\u00f3ximo a\u00f1o\u201d, estim\u00f3 Herou. A trav\u00e9s del siguiente enlace se puede acceder a las pr\u00f3ximas actividades del mes de los derechos de ni\u00f1os, ni\u00f1as y adolescentes<\/p>\n","protected":false},"excerpt":{"rendered":"<p>Durante el cierre del programa Escuelas sustentables, en el marco del Mes de los Derechos&#8230;<\/p>\n","protected":false},"author":1,"featured_media":13194,"comment_status":"closed","ping_status":"closed","sticky":false,"template":"","format":"standard","meta":{"_monsterinsights_skip_tracking":false,"_monsterinsights_sitenote_active":false,"_monsterinsights_sitenote_note":"","_monsterinsights_sitenote_category":0,"footnotes":""},"categories":[83],"tags":[],"class_list":["post-13193","post","type-post","status-publish","format-standard","has-post-thumbnail","hentry","category-ciudad-de-la-costa"],"featured_image_urls":{"full":["https:\/\/diariotiempo.com.uy\/noticias\/wp-content\/uploads\/2023\/11\/PLANTAS-ALCALDESA.jpg",800,533,false],"thumbnail":["https:\/\/diariotiempo.com.uy\/noticias\/wp-content\/uploads\/2023\/11\/PLANTAS-ALCALDESA-150x150.jpg",150,150,true],"medium":["https:\/\/diariotiempo.com.uy\/noticias\/wp-content\/uploads\/2023\/11\/PLANTAS-ALCALDESA-300x200.jpg",300,200,true],"medium_large":["https:\/\/diariotiempo.com.uy\/noticias\/wp-content\/uploads\/2023\/11\/PLANTAS-ALCALDESA-768x512.jpg",640,427,true],"large":["https:\/\/diariotiempo.com.uy\/noticias\/wp-content\/uploads\/2023\/11\/PLANTAS-ALCALDESA.jpg",640,426,false],"rpg_gallery_admin_thumb":["https:\/\/diariotiempo.com.uy\/noticias\/wp-content\/uploads\/2023\/11\/PLANTAS-ALCALDESA-150x150.jpg",150,150,true],"rpg_gallery_thumb":["https:\/\/diariotiempo.com.uy\/noticias\/wp-content\/uploads\/2023\/11\/PLANTAS-ALCALDESA-150x150.jpg",150,150,true],"1536x1536":["https:\/\/diariotiempo.com.uy\/noticias\/wp-content\/uploads\/2023\/11\/PLANTAS-ALCALDESA.jpg",800,533,false],"2048x2048":["https:\/\/diariotiempo.com.uy\/noticias\/wp-content\/uploads\/2023\/11\/PLANTAS-ALCALDESA.jpg",800,533,false],"covernews-slider-full":["https:\/\/diariotiempo.com.uy\/noticias\/wp-content\/uploads\/2023\/11\/PLANTAS-ALCALDESA.jpg",800,533,false],"covernews-slider-center":["https:\/\/diariotiempo.com.uy\/noticias\/wp-content\/uploads\/2023\/11\/PLANTAS-ALCALDESA-800x500.jpg",800,500,true],"covernews-featured":["https:\/\/diariotiempo.com.uy\/noticias\/wp-content\/uploads\/2023\/11\/PLANTAS-ALCALDESA.jpg",800,533,false],"covernews-medium":["https:\/\/diariotiempo.com.uy\/noticias\/wp-content\/uploads\/2023\/11\/PLANTAS-ALCALDESA-540x340.jpg",540,340,true],"covernews-medium-square":["https:\/\/diariotiempo.com.uy\/noticias\/wp-content\/uploads\/2023\/11\/PLANTAS-ALCALDESA-400x250.jpg",400,250,true]},"author_info":{"display_name":"diario","author_link":"https:\/\/diariotiempo.com.uy\/noticias\/author\/diario\/"},"category_info":"<a href=\"https:\/\/diariotiempo.com.uy\/noticias\/category\/departamental\/ciudad-de-la-costa\/\" rel=\"category tag\">Ciudad de la Costa<\/a>","tag_info":"Ciudad de la Costa","comment_count":"0","_links":{"self":[{"href":"https:\/\/diariotiempo.com.uy\/noticias\/wp-json\/wp\/v2\/posts\/13193","targetHints":{"allow":["GET"]}}],"collection":[{"href":"https:\/\/diariotiempo.com.uy\/noticias\/wp-json\/wp\/v2\/posts"}],"about":[{"href":"https:\/\/diariotiempo.com.uy\/noticias\/wp-json\/wp\/v2\/types\/post"}],"author":[{"embeddable":true,"href":"https:\/\/diariotiempo.com.uy\/noticias\/wp-json\/wp\/v2\/users\/1"}],"replies":[{"embeddable":true,"href":"https:\/\/diariotiempo.com.uy\/noticias\/wp-json\/wp\/v2\/comments?post=13193"}],"version-history":[{"count":1,"href":"https:\/\/diariotiempo.com.uy\/noticias\/wp-json\/wp\/v2\/posts\/13193\/revisions"}],"predecessor-version":[{"id":13195,"href":"https:\/\/diariotiempo.com.uy\/noticias\/wp-json\/wp\/v2\/posts\/13193\/revisions\/13195"}],"wp:featuredmedia":[{"embeddable":true,"href":"https:\/\/diariotiempo.com.uy\/noticias\/wp-json\/wp\/v2\/media\/13194"}],"wp:attachment":[{"href":"https:\/\/diariotiempo.com.uy\/noticias\/wp-json\/wp\/v2\/media?parent=13193"}],"wp:term":[{"taxonomy":"category","embeddable":true,"href":"https:\/\/diariotiempo.com.uy\/noticias\/wp-json\/wp\/v2\/categories?post=13193"},{"taxonomy":"post_tag","embeddable":true,"href":"https:\/\/diariotiempo.com.uy\/noticias\/wp-json\/wp\/v2\/tags?post=13193"}],"curies":[{"name":"wp","href":"https:\/\/api.w.org\/{rel}","templated":true}]}}