{"id":13265,"date":"2023-12-01T15:28:28","date_gmt":"2023-12-01T15:28:28","guid":{"rendered":"https:\/\/diariotiempo.com.uy\/noticias\/?p=13265"},"modified":"2023-12-01T15:28:28","modified_gmt":"2023-12-01T15:28:28","slug":"canelones-realizo-lanzamiento-de-la-temporada","status":"publish","type":"post","link":"https:\/\/diariotiempo.com.uy\/noticias\/2023\/12\/01\/canelones-realizo-lanzamiento-de-la-temporada\/","title":{"rendered":"Canelones realiz\u00f3 lanzamiento de la temporada"},"content":{"rendered":"\n<figure class=\"wp-block-image size-full\"><img loading=\"lazy\" decoding=\"async\" width=\"800\" height=\"534\" src=\"https:\/\/diariotiempo.com.uy\/noticias\/wp-content\/uploads\/2023\/12\/temporada-dos.jpg\" alt=\"\" class=\"wp-image-13266\" srcset=\"https:\/\/diariotiempo.com.uy\/noticias\/wp-content\/uploads\/2023\/12\/temporada-dos.jpg 800w, https:\/\/diariotiempo.com.uy\/noticias\/wp-content\/uploads\/2023\/12\/temporada-dos-300x200.jpg 300w, https:\/\/diariotiempo.com.uy\/noticias\/wp-content\/uploads\/2023\/12\/temporada-dos-768x513.jpg 768w\" sizes=\"auto, (max-width: 800px) 100vw, 800px\" \/><\/figure>\n\n\n\n<p>El fin de semana del 1 al 3 de diciembre se llevan a cabo varios eventos en Aguas Corrientes, Atl\u00e1ntida, Estaci\u00f3n Atl\u00e1ntida, Parque del Plata y Ciudad de la Costa, con los que comienza en simult\u00e1neo la Temporada de Verano Canelones 2023 &#8211; 2024.<\/p>\n\n\n\n<p>As\u00ed se anunci\u00f3 este lunes 27 de noviembre en conferencia de prensa realizada en el Hotel Hampton by Hilton, con la presencia del Intendente de Canelones, Yamad\u00fa Orsi, el Subsecretario de Turismo, Remo Monzeglio, el Director de Desarrollo Tur\u00edstico, Horacio Yanes, la Alcaldesa de Ciudad de la Costa, Sonia Misiri\u00e1n y el Presidente de la Asociaci\u00f3n Tur\u00edstica de Canelones, Daniel L\u00f3pez.<\/p>\n\n\n\n<p><strong>Los eventos que podr\u00e1n disfrutarse son:<\/strong><\/p>\n\n\n\n<p>&#8211;&gt; Fiesta del Agua (Aguas Corrientes)<\/p>\n\n\n\n<p>&#8211;&gt; Jard\u00edn Cervecero (Atl\u00e1ntida)<\/p>\n\n\n\n<p>&#8211;&gt; Bicifest (Atl\u00e1ntida)<\/p>\n\n\n\n<p>&#8211;&gt; Desfile tradicional Criollo (Estaci\u00f3n Atl\u00e1ntida)<\/p>\n\n\n\n<p>&#8211;&gt; 85\u00ba Aniversario de Parque del Plata<\/p>\n\n\n\n<p>&#8211;&gt; Festival del Lago (Ciudad de la Costa)<\/p>\n\n\n\n<p>Datos del turismo en Canelones<\/p>\n\n\n\n<p>En materia de turismo interno, Canelones ocupa el primer lugar de preferencia de los uruguayos. De acuerdo a datos del Ministerio de Turismo, en los meses del verano pasado se recibieron: en enero de 2023: 447.931 visitantes (con una estad\u00eda promedio de 3,2 d\u00edas, segunda residencia) en febrero de 2023: 370.821 visitantes. Seg\u00fan datos de turismo receptivo, durante el primer trimestre de 2023 llegaron 60.871 turistas, principalmente de Argentina (Buenos Aires y otras ciudades de la provincia de Buenos Aires, as\u00ed como Entre R\u00edos), seguidos de uruguayos que viven en el exterior y luego de Brasil, con una estad\u00eda promedio de 10,6 d\u00edas. Las encuestas realizadas por el Ministerio muestran que lo que m\u00e1s agrada de nuestro destino es la gente y cordialidad, adem\u00e1s de las playas y la tranquilidad \/ seguridad. Empleo en el sector turismo. En enero de 2023 de acuerdo a datos del Instituto Nacional de Estad\u00edstica (INE), hubo 4953 puestos de trabajo en la categor\u00eda alojamientos y servicios de comida, incluyendo empleados, directores, obreros, patrones unipersonales, profesionales y socios.<\/p>\n\n\n\n<p><strong>Servicios en las playas<\/strong><\/p>\n\n\n\n<p>El Gobierno de Canelones efectu\u00f3 varias licitaciones de servicios en las playas del departamento, adjudic\u00e1ndose un total de 26 paradores en la franja costera y cinco paradores abiertos durante todo el a\u00f1o (Shangril\u00e1, Solymar, Lomas de Solymar, El Pinar y Cuchilla Alta). Actualmente, se encuentran en tr\u00e1mite de finalizaci\u00f3n dos licitaciones para la temporada 2023-2024.<\/p>\n\n\n\n<p><strong>Propuestas de la Direcci\u00f3n de Desarrollo Tur\u00edstico<\/strong><\/p>\n\n\n\n<p>Paseos a Punta del Este, Montevideo y dentro del departamento. Paseos de turismo rural en Costa de Oro.<\/p>\n\n\n\n<p><strong>Ra\u00edces de Piedras de Afilar (zona del Municipio de Soca).<\/strong><\/p>\n\n\n\n<p>Vivencias de la Cuenca, Sosa Dias y Piedra del Toro (zona rural de los Municipios de Atl\u00e1ntida, Salinas y Empalme Olmos), a pocos kil\u00f3metros de la costa. Actividades de turismo rural y ecoturismo, difusi\u00f3n del patrimonio natural y cultural, identidad de las localidades, zonas de protecci\u00f3n ambiental, con opciones de almuerzo o meriendas caseras. guiadas en la Iglesia Cristo Obrero, Patrimonio Mundial de la UNESCO.<\/p>\n\n\n\n<p><strong>Adecuaci\u00f3n de las habilitaciones comerciales para emprendimientos tur\u00edsticos rurales<\/strong><\/p>\n\n\n\n<p>Se solicit\u00f3 a la Direcci\u00f3n General de Gesti\u00f3n Territorial que tuviera en cuenta a los establecimientos que realizan turismo rural y comunitario, por lo que se est\u00e1 trabajando para obtener una exoneraci\u00f3n en las tasas para actividades tur\u00edsticas con principal actividad de giros rurales y agropecuarios. Eventos coordinados con Direcciones de la Intendencia. Para 2024 se planificaron eventos y actividades a fin de extender los d\u00edas de estad\u00eda y presencia entre semana, por la capacidad de carga de los destinos y servicios.<\/p>\n\n\n\n<p>Con la Direcci\u00f3n General de Cultura se coordina la organizaci\u00f3n, as\u00ed como la difusi\u00f3n de eventos culturales en esta Temporada, estado previstas unas 65 actividades como:<\/p>\n\n\n\n<p><strong>Cine y cortometrajes: en centros culturales y D\u00ednamo<\/strong><\/p>\n\n\n\n<p>Exposiciones y ferias: artesanales, Hol\u00edstica, Econom\u00eda Solidaria. Vivi Canelones: actividades para toda la familia (cine, muestra fotogr\u00e1fica, feria del libro, m\u00fasica y recreaci\u00f3n). Espect\u00e1culos musicales y art\u00edsticos. Canelones Suena Bien: con tres espect\u00e1culos, martes 30 de enero, jueves 1 de febrero y s\u00e1bado 3 de febrero. Carnaval: Desfiles, Llamadas, escenarios de Carnaval en la costa y otras localidades.<\/p>\n\n\n\n<p>Eventos tradicionales: Atlantiza, A\u00f1o Nuevo Chino, Castillos en la Arena. Con la Direcci\u00f3n General de Deportes se coordinan traves\u00edas, Circuito Canario, Carreras 5, 7 y 10k previstas para el verano<\/p>\n","protected":false},"excerpt":{"rendered":"<p>El fin de semana del 1 al 3 de diciembre se llevan a cabo varios&#8230;<\/p>\n","protected":false},"author":1,"featured_media":13266,"comment_status":"closed","ping_status":"closed","sticky":false,"template":"","format":"standard","meta":{"_monsterinsights_skip_tracking":false,"_monsterinsights_sitenote_active":false,"_monsterinsights_sitenote_note":"","_monsterinsights_sitenote_category":0,"footnotes":""},"categories":[20],"tags":[],"class_list":["post-13265","post","type-post","status-publish","format-standard","has-post-thumbnail","hentry","category-costa-de-oro"],"featured_image_urls":{"full":["https:\/\/diariotiempo.com.uy\/noticias\/wp-content\/uploads\/2023\/12\/temporada-dos.jpg",800,534,false],"thumbnail":["https:\/\/diariotiempo.com.uy\/noticias\/wp-content\/uploads\/2023\/12\/temporada-dos-150x150.jpg",150,150,true],"medium":["https:\/\/diariotiempo.com.uy\/noticias\/wp-content\/uploads\/2023\/12\/temporada-dos-300x200.jpg",300,200,true],"medium_large":["https:\/\/diariotiempo.com.uy\/noticias\/wp-content\/uploads\/2023\/12\/temporada-dos-768x513.jpg",640,428,true],"large":["https:\/\/diariotiempo.com.uy\/noticias\/wp-content\/uploads\/2023\/12\/temporada-dos.jpg",640,427,false],"rpg_gallery_admin_thumb":["https:\/\/diariotiempo.com.uy\/noticias\/wp-content\/uploads\/2023\/12\/temporada-dos-150x150.jpg",150,150,true],"rpg_gallery_thumb":["https:\/\/diariotiempo.com.uy\/noticias\/wp-content\/uploads\/2023\/12\/temporada-dos-150x150.jpg",150,150,true],"1536x1536":["https:\/\/diariotiempo.com.uy\/noticias\/wp-content\/uploads\/2023\/12\/temporada-dos.jpg",800,534,false],"2048x2048":["https:\/\/diariotiempo.com.uy\/noticias\/wp-content\/uploads\/2023\/12\/temporada-dos.jpg",800,534,false],"covernews-slider-full":["https:\/\/diariotiempo.com.uy\/noticias\/wp-content\/uploads\/2023\/12\/temporada-dos.jpg",800,534,false],"covernews-slider-center":["https:\/\/diariotiempo.com.uy\/noticias\/wp-content\/uploads\/2023\/12\/temporada-dos-800x500.jpg",800,500,true],"covernews-featured":["https:\/\/diariotiempo.com.uy\/noticias\/wp-content\/uploads\/2023\/12\/temporada-dos.jpg",800,534,false],"covernews-medium":["https:\/\/diariotiempo.com.uy\/noticias\/wp-content\/uploads\/2023\/12\/temporada-dos-540x340.jpg",540,340,true],"covernews-medium-square":["https:\/\/diariotiempo.com.uy\/noticias\/wp-content\/uploads\/2023\/12\/temporada-dos-400x250.jpg",400,250,true]},"author_info":{"display_name":"diario","author_link":"https:\/\/diariotiempo.com.uy\/noticias\/author\/diario\/"},"category_info":"<a href=\"https:\/\/diariotiempo.com.uy\/noticias\/category\/departamental\/costa-de-oro\/\" rel=\"category tag\">Costa de Oro<\/a>","tag_info":"Costa de Oro","comment_count":"0","_links":{"self":[{"href":"https:\/\/diariotiempo.com.uy\/noticias\/wp-json\/wp\/v2\/posts\/13265","targetHints":{"allow":["GET"]}}],"collection":[{"href":"https:\/\/diariotiempo.com.uy\/noticias\/wp-json\/wp\/v2\/posts"}],"about":[{"href":"https:\/\/diariotiempo.com.uy\/noticias\/wp-json\/wp\/v2\/types\/post"}],"author":[{"embeddable":true,"href":"https:\/\/diariotiempo.com.uy\/noticias\/wp-json\/wp\/v2\/users\/1"}],"replies":[{"embeddable":true,"href":"https:\/\/diariotiempo.com.uy\/noticias\/wp-json\/wp\/v2\/comments?post=13265"}],"version-history":[{"count":1,"href":"https:\/\/diariotiempo.com.uy\/noticias\/wp-json\/wp\/v2\/posts\/13265\/revisions"}],"predecessor-version":[{"id":13267,"href":"https:\/\/diariotiempo.com.uy\/noticias\/wp-json\/wp\/v2\/posts\/13265\/revisions\/13267"}],"wp:featuredmedia":[{"embeddable":true,"href":"https:\/\/diariotiempo.com.uy\/noticias\/wp-json\/wp\/v2\/media\/13266"}],"wp:attachment":[{"href":"https:\/\/diariotiempo.com.uy\/noticias\/wp-json\/wp\/v2\/media?parent=13265"}],"wp:term":[{"taxonomy":"category","embeddable":true,"href":"https:\/\/diariotiempo.com.uy\/noticias\/wp-json\/wp\/v2\/categories?post=13265"},{"taxonomy":"post_tag","embeddable":true,"href":"https:\/\/diariotiempo.com.uy\/noticias\/wp-json\/wp\/v2\/tags?post=13265"}],"curies":[{"name":"wp","href":"https:\/\/api.w.org\/{rel}","templated":true}]}}