{"id":13473,"date":"2023-12-19T20:39:53","date_gmt":"2023-12-19T20:39:53","guid":{"rendered":"https:\/\/diariotiempo.com.uy\/noticias\/?p=13473"},"modified":"2023-12-19T20:39:54","modified_gmt":"2023-12-19T20:39:54","slug":"se-presento-un-nuevo-sello-conmemorativo-deldia-nacional-de-victimas-de-siniestros-de-transito","status":"publish","type":"post","link":"https:\/\/diariotiempo.com.uy\/noticias\/2023\/12\/19\/se-presento-un-nuevo-sello-conmemorativo-deldia-nacional-de-victimas-de-siniestros-de-transito\/","title":{"rendered":"Se present\u00f3 un nuevo Sello conmemorativo delD\u00eda Nacional de V\u00edctimas de Siniestros de Tr\u00e1nsito"},"content":{"rendered":"\n<figure class=\"wp-block-gallery has-nested-images columns-default is-cropped wp-block-gallery-1 is-layout-flex wp-block-gallery-is-layout-flex\">\n<figure class=\"wp-block-image size-large\"><img loading=\"lazy\" decoding=\"async\" width=\"800\" height=\"384\" data-id=\"13474\" src=\"https:\/\/diariotiempo.com.uy\/noticias\/wp-content\/uploads\/2023\/12\/1.jpg\" alt=\"\" class=\"wp-image-13474\" srcset=\"https:\/\/diariotiempo.com.uy\/noticias\/wp-content\/uploads\/2023\/12\/1.jpg 800w, https:\/\/diariotiempo.com.uy\/noticias\/wp-content\/uploads\/2023\/12\/1-300x144.jpg 300w, https:\/\/diariotiempo.com.uy\/noticias\/wp-content\/uploads\/2023\/12\/1-768x369.jpg 768w\" sizes=\"auto, (max-width: 800px) 100vw, 800px\" \/><\/figure>\n\n\n\n<figure class=\"wp-block-image size-large\"><img loading=\"lazy\" decoding=\"async\" width=\"945\" height=\"454\" data-id=\"13475\" src=\"https:\/\/diariotiempo.com.uy\/noticias\/wp-content\/uploads\/2023\/12\/selloo.jpg\" alt=\"\" class=\"wp-image-13475\" srcset=\"https:\/\/diariotiempo.com.uy\/noticias\/wp-content\/uploads\/2023\/12\/selloo.jpg 945w, https:\/\/diariotiempo.com.uy\/noticias\/wp-content\/uploads\/2023\/12\/selloo-300x144.jpg 300w, https:\/\/diariotiempo.com.uy\/noticias\/wp-content\/uploads\/2023\/12\/selloo-768x369.jpg 768w\" sizes=\"auto, (max-width: 945px) 100vw, 945px\" \/><\/figure>\n<\/figure>\n\n\n\n<p>Con la presencia del autoridades del Correo Nacional y la Unidad Nacional de Seguridad Vial, fueron presentados hoy un sello personalizado y su correspondiente matasello, sobre este evento particular que hace al trabajo en prevenci\u00f3n vial, reconociendo una de sus m\u00e1s tristes facetas: las V\u00edctimas. El Secretario General Ejecutivo de Unasev, Jorge Alfaro, se hizo cargo de la presentaci\u00f3n de la jornada, refiri\u00e9ndose al D\u00eda nacional en recuerdo de las v\u00edctimas de siniestros de transito. El Director de Unasev, Carlos Manzor inici\u00f3 su alocuci\u00f3n refiri\u00e9ndose al papel de la filatelia como representaci\u00f3n del sentir popular, de la historia de cada pa\u00eds y cada regi\u00f3n. El jerarca se\u00f1al\u00f3 que la convocatoria estaba pautada por la problem\u00e1tica que en nuestro pa\u00eds se da a nivel de la problem\u00e1tica del tr\u00e1nsito y sus secuelas; haciendo referencia al mandato de Naciones Unidas a trav\u00e9s del Segundo Decenio de Acci\u00f3n para la Seguridad Vial. Dentro de ese marco, lament\u00f3 la p\u00e9rdida de j\u00f3venes por siniestros viales.<\/p>\n\n\n\n<p>Previo al descubrimiento de una gigantograf\u00eda sobre el Sello, el Presidente del Correo Uruguayo, Dr. Ivo Gonz\u00e1lez Delgado, celebr\u00f3 la oportunidad de la convocatoria al Correo Uruguayo. \u201cEs muy importante poder participar en un d\u00eda como hoy\u201d se\u00f1al\u00f3 agradecido a Unasev.<\/p>\n\n\n\n<p>En ese sentido coment\u00f3 \u2013poni\u00e9ndose del lado del ciudadano com\u00fan- la imagen de la sociedad sobre la gesti\u00f3n que se lleva adelante, el fin que persigue y las cosas por las que lucha todos los d\u00edas.<\/p>\n\n\n\n<p>Reconoci\u00f3 la insistencia en el trabajo sobre la cultura de la gente, sus costumbres, donde cotidianamente nos exponemos a &nbsp;diferentes situaciones en el tr\u00e1nsito, que si no medimos, el peligro potencial nos puede cambiar la vida. En la ceremonia celebrada en el Sal\u00f3n de Actos de Torre Ejecutiva, tambi\u00e9n estuvieron presentes los se\u00f1ores Julio Silveira y Roque Ramos Esp\u00edndola, Vicepresidente y Director del Correo Uruguayo respectivamente.<\/p>\n\n\n\n<p>Esta iniciativa conmemorativa del D\u00eda en Recuerdo de las V\u00edctimas de Siniestros de Tr\u00e1nsito, llevada adelante por el Correo Uruguayo, la Unidad Nacional de Seguridad Vial y la Red Nacional de V\u00edctimas y Familiares de Siniestros de Tr\u00e1nsito Uruguay (RENAVIC), fue coronada con el matasellado del sobre Primer d\u00eda de emisi\u00f3n, donde oficialmente qued\u00f3 autorizada la puesta en circulaci\u00f3n del referido Sello.<\/p>\n","protected":false},"excerpt":{"rendered":"<p>Con la presencia del autoridades del Correo Nacional y la Unidad Nacional de Seguridad Vial,&#8230;<\/p>\n","protected":false},"author":1,"featured_media":13475,"comment_status":"closed","ping_status":"closed","sticky":false,"template":"","format":"standard","meta":{"_monsterinsights_skip_tracking":false,"_monsterinsights_sitenote_active":false,"_monsterinsights_sitenote_note":"","_monsterinsights_sitenote_category":0,"footnotes":""},"categories":[11],"tags":[],"class_list":["post-13473","post","type-post","status-publish","format-standard","has-post-thumbnail","hentry","category-noticia-destacada"],"featured_image_urls":{"full":["https:\/\/diariotiempo.com.uy\/noticias\/wp-content\/uploads\/2023\/12\/selloo.jpg",945,454,false],"thumbnail":["https:\/\/diariotiempo.com.uy\/noticias\/wp-content\/uploads\/2023\/12\/selloo-150x150.jpg",150,150,true],"medium":["https:\/\/diariotiempo.com.uy\/noticias\/wp-content\/uploads\/2023\/12\/selloo-300x144.jpg",300,144,true],"medium_large":["https:\/\/diariotiempo.com.uy\/noticias\/wp-content\/uploads\/2023\/12\/selloo-768x369.jpg",640,308,true],"large":["https:\/\/diariotiempo.com.uy\/noticias\/wp-content\/uploads\/2023\/12\/selloo.jpg",640,307,false],"rpg_gallery_admin_thumb":["https:\/\/diariotiempo.com.uy\/noticias\/wp-content\/uploads\/2023\/12\/selloo-150x150.jpg",150,150,true],"rpg_gallery_thumb":["https:\/\/diariotiempo.com.uy\/noticias\/wp-content\/uploads\/2023\/12\/selloo-150x150.jpg",150,150,true],"1536x1536":["https:\/\/diariotiempo.com.uy\/noticias\/wp-content\/uploads\/2023\/12\/selloo.jpg",945,454,false],"2048x2048":["https:\/\/diariotiempo.com.uy\/noticias\/wp-content\/uploads\/2023\/12\/selloo.jpg",945,454,false],"covernews-slider-full":["https:\/\/diariotiempo.com.uy\/noticias\/wp-content\/uploads\/2023\/12\/selloo.jpg",945,454,false],"covernews-slider-center":["https:\/\/diariotiempo.com.uy\/noticias\/wp-content\/uploads\/2023\/12\/selloo-800x454.jpg",800,454,true],"covernews-featured":["https:\/\/diariotiempo.com.uy\/noticias\/wp-content\/uploads\/2023\/12\/selloo.jpg",945,454,false],"covernews-medium":["https:\/\/diariotiempo.com.uy\/noticias\/wp-content\/uploads\/2023\/12\/selloo-540x340.jpg",540,340,true],"covernews-medium-square":["https:\/\/diariotiempo.com.uy\/noticias\/wp-content\/uploads\/2023\/12\/selloo-400x250.jpg",400,250,true]},"author_info":{"display_name":"diario","author_link":"https:\/\/diariotiempo.com.uy\/noticias\/author\/diario\/"},"category_info":"<a href=\"https:\/\/diariotiempo.com.uy\/noticias\/category\/noticia-destacada\/\" rel=\"category tag\">NOTICIA DESTACADA<\/a>","tag_info":"NOTICIA DESTACADA","comment_count":"0","_links":{"self":[{"href":"https:\/\/diariotiempo.com.uy\/noticias\/wp-json\/wp\/v2\/posts\/13473","targetHints":{"allow":["GET"]}}],"collection":[{"href":"https:\/\/diariotiempo.com.uy\/noticias\/wp-json\/wp\/v2\/posts"}],"about":[{"href":"https:\/\/diariotiempo.com.uy\/noticias\/wp-json\/wp\/v2\/types\/post"}],"author":[{"embeddable":true,"href":"https:\/\/diariotiempo.com.uy\/noticias\/wp-json\/wp\/v2\/users\/1"}],"replies":[{"embeddable":true,"href":"https:\/\/diariotiempo.com.uy\/noticias\/wp-json\/wp\/v2\/comments?post=13473"}],"version-history":[{"count":1,"href":"https:\/\/diariotiempo.com.uy\/noticias\/wp-json\/wp\/v2\/posts\/13473\/revisions"}],"predecessor-version":[{"id":13476,"href":"https:\/\/diariotiempo.com.uy\/noticias\/wp-json\/wp\/v2\/posts\/13473\/revisions\/13476"}],"wp:featuredmedia":[{"embeddable":true,"href":"https:\/\/diariotiempo.com.uy\/noticias\/wp-json\/wp\/v2\/media\/13475"}],"wp:attachment":[{"href":"https:\/\/diariotiempo.com.uy\/noticias\/wp-json\/wp\/v2\/media?parent=13473"}],"wp:term":[{"taxonomy":"category","embeddable":true,"href":"https:\/\/diariotiempo.com.uy\/noticias\/wp-json\/wp\/v2\/categories?post=13473"},{"taxonomy":"post_tag","embeddable":true,"href":"https:\/\/diariotiempo.com.uy\/noticias\/wp-json\/wp\/v2\/tags?post=13473"}],"curies":[{"name":"wp","href":"https:\/\/api.w.org\/{rel}","templated":true}]}}