{"id":1374,"date":"2021-08-04T19:49:40","date_gmt":"2021-08-04T19:49:40","guid":{"rendered":"https:\/\/diariotiempo.com.uy\/noticias\/?p=1374"},"modified":"2021-08-04T19:52:46","modified_gmt":"2021-08-04T19:52:46","slug":"hoy-inauguran-la-obra-vial-e-hidraulica-en-camino-luis-eduardo-perez","status":"publish","type":"post","link":"https:\/\/diariotiempo.com.uy\/noticias\/2021\/08\/04\/hoy-inauguran-la-obra-vial-e-hidraulica-en-camino-luis-eduardo-perez\/","title":{"rendered":"Hoy inauguran la obra vial e hidr\u00e1ulica en camino Luis Eduardo P\u00e9rez"},"content":{"rendered":"\n<figure class=\"wp-block-image size-full\"><img loading=\"lazy\" decoding=\"async\" width=\"800\" height=\"432\" src=\"https:\/\/diariotiempo.com.uy\/noticias\/wp-content\/uploads\/2021\/08\/1.jpg\" alt=\"\" class=\"wp-image-1377\" srcset=\"https:\/\/diariotiempo.com.uy\/noticias\/wp-content\/uploads\/2021\/08\/1.jpg 800w, https:\/\/diariotiempo.com.uy\/noticias\/wp-content\/uploads\/2021\/08\/1-300x162.jpg 300w, https:\/\/diariotiempo.com.uy\/noticias\/wp-content\/uploads\/2021\/08\/1-768x415.jpg 768w\" sizes=\"auto, (max-width: 800px) 100vw, 800px\" \/><\/figure>\n\n\n\n<p>El Gobierno de Canelones realizar\u00e1 en el d\u00eda de hoy, a las 15 hs, la inauguraci\u00f3n de la obra vial e hidr\u00e1ulica en el camino Eduardo P\u00e9rez. Los trabajos realizados incluyen el ensanche del camino, la limpieza y conformaci\u00f3n de drenajes, la construcci\u00f3n de dovela (puente prefabricado), vereda peatonal en la zona urbana del camino, entradas vehiculares, pavimentaci\u00f3n y se\u00f1alizaci\u00f3n. <\/p>\n\n\n\n<p>Las obras de infraestructura realizadas en el camino permitir\u00e1n mejorar la conectividad y la calidad de vida de las personas que residen y\/o circulan por la zona. <\/p>\n\n\n\n<p>El camino Eduardo P\u00e9rez se ubica en una zona de gran crecimiento demogr\u00e1fico y amplio desarrollo log\u00edstico-industrial en el departamento. Este camino es, adem\u00e1s, un importante conector entre la ruta Interbalnearia y la Ruta 101. <\/p>\n\n\n\n<p><strong>Participan: <\/strong>Intendente de Canelones, Yamand\u00fa Orsi, Director General de Obras, Jorge Marrero y Alcaldesa del Municipio de Ciudad de la Costa, Sonia Misiri\u00e1n. Posteriormente, las autoridades realizar\u00e1n una visita de obras por el camino Los Horneros.<\/p>\n","protected":false},"excerpt":{"rendered":"<p>El Gobierno de Canelones realizar\u00e1 en el d\u00eda de hoy, a las 15 hs, la&#8230;<\/p>\n","protected":false},"author":1,"featured_media":1377,"comment_status":"open","ping_status":"open","sticky":false,"template":"","format":"standard","meta":{"_monsterinsights_skip_tracking":false,"_monsterinsights_sitenote_active":false,"_monsterinsights_sitenote_note":"","_monsterinsights_sitenote_category":0,"footnotes":""},"categories":[11],"tags":[],"class_list":["post-1374","post","type-post","status-publish","format-standard","has-post-thumbnail","hentry","category-noticia-destacada"],"featured_image_urls":{"full":["https:\/\/diariotiempo.com.uy\/noticias\/wp-content\/uploads\/2021\/08\/1.jpg",800,432,false],"thumbnail":["https:\/\/diariotiempo.com.uy\/noticias\/wp-content\/uploads\/2021\/08\/1-150x150.jpg",150,150,true],"medium":["https:\/\/diariotiempo.com.uy\/noticias\/wp-content\/uploads\/2021\/08\/1-300x162.jpg",300,162,true],"medium_large":["https:\/\/diariotiempo.com.uy\/noticias\/wp-content\/uploads\/2021\/08\/1-768x415.jpg",640,346,true],"large":["https:\/\/diariotiempo.com.uy\/noticias\/wp-content\/uploads\/2021\/08\/1.jpg",640,346,false],"rpg_gallery_admin_thumb":["https:\/\/diariotiempo.com.uy\/noticias\/wp-content\/uploads\/2021\/08\/1.jpg",150,81,false],"rpg_gallery_thumb":["https:\/\/diariotiempo.com.uy\/noticias\/wp-content\/uploads\/2021\/08\/1.jpg",150,81,false],"1536x1536":["https:\/\/diariotiempo.com.uy\/noticias\/wp-content\/uploads\/2021\/08\/1.jpg",800,432,false],"2048x2048":["https:\/\/diariotiempo.com.uy\/noticias\/wp-content\/uploads\/2021\/08\/1.jpg",800,432,false],"covernews-slider-full":["https:\/\/diariotiempo.com.uy\/noticias\/wp-content\/uploads\/2021\/08\/1.jpg",800,432,false],"covernews-slider-center":["https:\/\/diariotiempo.com.uy\/noticias\/wp-content\/uploads\/2021\/08\/1.jpg",800,432,false],"covernews-featured":["https:\/\/diariotiempo.com.uy\/noticias\/wp-content\/uploads\/2021\/08\/1.jpg",800,432,false],"covernews-medium":["https:\/\/diariotiempo.com.uy\/noticias\/wp-content\/uploads\/2021\/08\/1-540x340.jpg",540,340,true],"covernews-medium-square":["https:\/\/diariotiempo.com.uy\/noticias\/wp-content\/uploads\/2021\/08\/1-400x250.jpg",400,250,true]},"author_info":{"display_name":"diario","author_link":"https:\/\/diariotiempo.com.uy\/noticias\/author\/diario\/"},"category_info":"<a href=\"https:\/\/diariotiempo.com.uy\/noticias\/category\/noticia-destacada\/\" rel=\"category tag\">NOTICIA DESTACADA<\/a>","tag_info":"NOTICIA DESTACADA","comment_count":"0","_links":{"self":[{"href":"https:\/\/diariotiempo.com.uy\/noticias\/wp-json\/wp\/v2\/posts\/1374","targetHints":{"allow":["GET"]}}],"collection":[{"href":"https:\/\/diariotiempo.com.uy\/noticias\/wp-json\/wp\/v2\/posts"}],"about":[{"href":"https:\/\/diariotiempo.com.uy\/noticias\/wp-json\/wp\/v2\/types\/post"}],"author":[{"embeddable":true,"href":"https:\/\/diariotiempo.com.uy\/noticias\/wp-json\/wp\/v2\/users\/1"}],"replies":[{"embeddable":true,"href":"https:\/\/diariotiempo.com.uy\/noticias\/wp-json\/wp\/v2\/comments?post=1374"}],"version-history":[{"count":3,"href":"https:\/\/diariotiempo.com.uy\/noticias\/wp-json\/wp\/v2\/posts\/1374\/revisions"}],"predecessor-version":[{"id":1379,"href":"https:\/\/diariotiempo.com.uy\/noticias\/wp-json\/wp\/v2\/posts\/1374\/revisions\/1379"}],"wp:featuredmedia":[{"embeddable":true,"href":"https:\/\/diariotiempo.com.uy\/noticias\/wp-json\/wp\/v2\/media\/1377"}],"wp:attachment":[{"href":"https:\/\/diariotiempo.com.uy\/noticias\/wp-json\/wp\/v2\/media?parent=1374"}],"wp:term":[{"taxonomy":"category","embeddable":true,"href":"https:\/\/diariotiempo.com.uy\/noticias\/wp-json\/wp\/v2\/categories?post=1374"},{"taxonomy":"post_tag","embeddable":true,"href":"https:\/\/diariotiempo.com.uy\/noticias\/wp-json\/wp\/v2\/tags?post=1374"}],"curies":[{"name":"wp","href":"https:\/\/api.w.org\/{rel}","templated":true}]}}