{"id":13769,"date":"2024-02-06T19:15:44","date_gmt":"2024-02-06T19:15:44","guid":{"rendered":"https:\/\/diariotiempo.com.uy\/noticias\/?p=13769"},"modified":"2024-02-06T19:16:03","modified_gmt":"2024-02-06T19:16:03","slug":"ministerio-de-transporte-y-obras-publicas","status":"publish","type":"post","link":"https:\/\/diariotiempo.com.uy\/noticias\/2024\/02\/06\/ministerio-de-transporte-y-obras-publicas\/","title":{"rendered":"MINISTERIO DE TRANSPORTE Y OBRAS P\u00daBLICAS"},"content":{"rendered":"\n<p><strong>DIRECCI\u00d3N NACIONAL DE TOPOGRAF\u00cdA<\/strong><\/p>\n\n\n\n<p>Se hace saber a quienes interese, que por Resoluci\u00f3n del Poder Ejecutivo N\u00ba 1476 de fecha 20 de diciembre de 2023, han sido designados para ser expropiados, por causa de utilidad p\u00fablica, declar\u00e1ndose urgente su ocupaci\u00f3n, varios Padrones, para la obras de \u201cRuta N\u00b0 80, tramo: Ruta N\u00b0 8<\/p>\n\n\n\n<p>&#8211; Migues\u201d en el Departamento de Canelones:<\/p>\n\n\n\n<p>Departamento de Canelones &#8211; 8\u00aa Secci\u00f3n Catastral: Padr\u00f3n N\u00b0 11.555; Padr\u00f3n N\u00b0 11.590 y Padr\u00f3n N\u00b0 13.587.<\/p>\n\n\n\n<p>Departamento de Canelones &#8211; 9\u00aa Secci\u00f3n Catastral: Padr\u00f3n N\u00b0 5.691; Padr\u00f3n N\u00b0 5.693; Padr\u00f3n N\u00b0 11.863; Padr\u00f3n N\u00b0 12.140; Padr\u00f3n N\u00b0 12.141; Padr\u00f3n N\u00b0 13.635; Padr\u00f3n N\u00b0 13.636; Padr\u00f3n N\u00b0 13.853; Padr\u00f3n N\u00b0 14.284; Padr\u00f3n N\u00b0 14.287; Padr\u00f3n N\u00b0 14.288; Padr\u00f3n N\u00b0 50.359; Padr\u00f3n N\u00b0 54.877; Padr\u00f3n N\u00b0 57.483 y Padr\u00f3n N\u00b0 57.484.<\/p>\n\n\n\n<p>Los antecedentes se hallan de manifiesto por el t\u00e9rmino legal en la Direcci\u00f3n Nacional de Topograf\u00eda del Ministerio de Transporte y Obras P\u00fablicas, sita en la calle Rinc\u00f3n N\u00ba 575 3er. Piso \u2013 Tel. 2915-79-33 \u2013 2916-75-22 internos: 20314 \u2013 20315 y 20316.-<\/p>\n\n\n\n<p>Departamento RRHH y Administrativos<\/p>\n\n\n\n<p>EDICTOS<\/p>\n\n\n\n<p>&nbsp; &nbsp; &nbsp; &nbsp; &nbsp; &nbsp; &nbsp; &nbsp; &nbsp; &nbsp; &nbsp; &nbsp; &nbsp; &nbsp; &nbsp; &nbsp; &nbsp; &nbsp; &nbsp; &nbsp; 1 pub. 06\/02\/2024<\/p>\n","protected":false},"excerpt":{"rendered":"<p>DIRECCI\u00d3N NACIONAL DE TOPOGRAF\u00cdA Se hace saber a quienes interese, que por Resoluci\u00f3n del Poder&#8230;<\/p>\n","protected":false},"author":1,"featured_media":1819,"comment_status":"closed","ping_status":"closed","sticky":false,"template":"","format":"standard","meta":{"_monsterinsights_skip_tracking":false,"_monsterinsights_sitenote_active":false,"_monsterinsights_sitenote_note":"","_monsterinsights_sitenote_category":0,"footnotes":""},"categories":[27],"tags":[],"class_list":["post-13769","post","type-post","status-publish","format-standard","has-post-thumbnail","hentry","category-edictos"],"featured_image_urls":{"full":["https:\/\/diariotiempo.com.uy\/noticias\/wp-content\/uploads\/2021\/09\/judicial.jpg",800,416,false],"thumbnail":["https:\/\/diariotiempo.com.uy\/noticias\/wp-content\/uploads\/2021\/09\/judicial-150x150.jpg",150,150,true],"medium":["https:\/\/diariotiempo.com.uy\/noticias\/wp-content\/uploads\/2021\/09\/judicial-300x156.jpg",300,156,true],"medium_large":["https:\/\/diariotiempo.com.uy\/noticias\/wp-content\/uploads\/2021\/09\/judicial-768x399.jpg",640,333,true],"large":["https:\/\/diariotiempo.com.uy\/noticias\/wp-content\/uploads\/2021\/09\/judicial.jpg",640,333,false],"rpg_gallery_admin_thumb":["https:\/\/diariotiempo.com.uy\/noticias\/wp-content\/uploads\/2021\/09\/judicial.jpg",150,78,false],"rpg_gallery_thumb":["https:\/\/diariotiempo.com.uy\/noticias\/wp-content\/uploads\/2021\/09\/judicial.jpg",150,78,false],"1536x1536":["https:\/\/diariotiempo.com.uy\/noticias\/wp-content\/uploads\/2021\/09\/judicial.jpg",800,416,false],"2048x2048":["https:\/\/diariotiempo.com.uy\/noticias\/wp-content\/uploads\/2021\/09\/judicial.jpg",800,416,false],"covernews-slider-full":["https:\/\/diariotiempo.com.uy\/noticias\/wp-content\/uploads\/2021\/09\/judicial.jpg",800,416,false],"covernews-slider-center":["https:\/\/diariotiempo.com.uy\/noticias\/wp-content\/uploads\/2021\/09\/judicial.jpg",800,416,false],"covernews-featured":["https:\/\/diariotiempo.com.uy\/noticias\/wp-content\/uploads\/2021\/09\/judicial.jpg",800,416,false],"covernews-medium":["https:\/\/diariotiempo.com.uy\/noticias\/wp-content\/uploads\/2021\/09\/judicial-540x340.jpg",540,340,true],"covernews-medium-square":["https:\/\/diariotiempo.com.uy\/noticias\/wp-content\/uploads\/2021\/09\/judicial-400x250.jpg",400,250,true]},"author_info":{"display_name":"diario","author_link":"https:\/\/diariotiempo.com.uy\/noticias\/author\/diario\/"},"category_info":"<a href=\"https:\/\/diariotiempo.com.uy\/noticias\/category\/publicaciones\/edictos\/\" rel=\"category tag\">Edictos<\/a>","tag_info":"Edictos","comment_count":"0","_links":{"self":[{"href":"https:\/\/diariotiempo.com.uy\/noticias\/wp-json\/wp\/v2\/posts\/13769","targetHints":{"allow":["GET"]}}],"collection":[{"href":"https:\/\/diariotiempo.com.uy\/noticias\/wp-json\/wp\/v2\/posts"}],"about":[{"href":"https:\/\/diariotiempo.com.uy\/noticias\/wp-json\/wp\/v2\/types\/post"}],"author":[{"embeddable":true,"href":"https:\/\/diariotiempo.com.uy\/noticias\/wp-json\/wp\/v2\/users\/1"}],"replies":[{"embeddable":true,"href":"https:\/\/diariotiempo.com.uy\/noticias\/wp-json\/wp\/v2\/comments?post=13769"}],"version-history":[{"count":2,"href":"https:\/\/diariotiempo.com.uy\/noticias\/wp-json\/wp\/v2\/posts\/13769\/revisions"}],"predecessor-version":[{"id":13771,"href":"https:\/\/diariotiempo.com.uy\/noticias\/wp-json\/wp\/v2\/posts\/13769\/revisions\/13771"}],"wp:featuredmedia":[{"embeddable":true,"href":"https:\/\/diariotiempo.com.uy\/noticias\/wp-json\/wp\/v2\/media\/1819"}],"wp:attachment":[{"href":"https:\/\/diariotiempo.com.uy\/noticias\/wp-json\/wp\/v2\/media?parent=13769"}],"wp:term":[{"taxonomy":"category","embeddable":true,"href":"https:\/\/diariotiempo.com.uy\/noticias\/wp-json\/wp\/v2\/categories?post=13769"},{"taxonomy":"post_tag","embeddable":true,"href":"https:\/\/diariotiempo.com.uy\/noticias\/wp-json\/wp\/v2\/tags?post=13769"}],"curies":[{"name":"wp","href":"https:\/\/api.w.org\/{rel}","templated":true}]}}