{"id":1380,"date":"2021-08-04T19:53:36","date_gmt":"2021-08-04T19:53:36","guid":{"rendered":"https:\/\/diariotiempo.com.uy\/noticias\/?p=1380"},"modified":"2021-08-04T19:54:54","modified_gmt":"2021-08-04T19:54:54","slug":"mas-de-562-000-personas-ya-se-anotaron-para-recibir-tercera-dosis-de-la-vacuna-anticovid","status":"publish","type":"post","link":"https:\/\/diariotiempo.com.uy\/noticias\/2021\/08\/04\/mas-de-562-000-personas-ya-se-anotaron-para-recibir-tercera-dosis-de-la-vacuna-anticovid\/","title":{"rendered":"M\u00e1s de 562.000 personas ya se anotaron para recibir tercera dosis de la vacuna anticovid"},"content":{"rendered":"\n<figure class=\"wp-block-image size-full\"><img loading=\"lazy\" decoding=\"async\" width=\"800\" height=\"541\" src=\"https:\/\/diariotiempo.com.uy\/noticias\/wp-content\/uploads\/2021\/08\/2.jpg\" alt=\"\" class=\"wp-image-1382\" srcset=\"https:\/\/diariotiempo.com.uy\/noticias\/wp-content\/uploads\/2021\/08\/2.jpg 800w, https:\/\/diariotiempo.com.uy\/noticias\/wp-content\/uploads\/2021\/08\/2-300x203.jpg 300w, https:\/\/diariotiempo.com.uy\/noticias\/wp-content\/uploads\/2021\/08\/2-768x519.jpg 768w\" sizes=\"auto, (max-width: 800px) 100vw, 800px\" \/><\/figure>\n\n\n\n<p>Este martes abri\u00f3 la agenda para quienes quieran recibir una dosis de refuerzo de la vacuna anticovid y, en menos de 10 horas, se anotaron m\u00e1s de 562.000 personas, inform\u00f3 el subsecretario de Salud P\u00fablica, Jos\u00e9 Luis Satdjian.<br>La inscripci\u00f3n est\u00e1 habilitada para quienes tengan el esquema de vacunaci\u00f3n completo con dosis de Coronavac o AstraZeneca. <\/p>\n\n\n\n<p>Son alrededor de 1.500.000 personas de entre 18 y 69 a\u00f1os las que est\u00e1n habilitadas a obtener esta tercera dosis, que ser\u00e1 de Pfizer\/BioNTech. De todos modos, Satdjian aclar\u00f3 que quienes no se den la dosis adicional van a tener acceso al pasaporte sanitario desarrollado por el gobierno y al pase responsable, un documento que busca aumentar los aforos de los espect\u00e1culos p\u00fablicos de forma segura. <\/p>\n\n\n\n<p>Teniendo en cuentas las recomendaciones de la Comisi\u00f3n Nacional Asesora de Vacunaciones, Salinas se\u00f1al\u00f3 que la detecci\u00f3n de la variante Delta en Uruguay y el \u00abbuen momento epidemiol\u00f3gico\u00bb del pa\u00eds hizo que este fuera considerado un escenario ideal para hacer este \u00abesfuerzo adicional\u00bb. La tercera dosis se empezar\u00e1 a aplicar el 16 de agosto.<\/p>\n","protected":false},"excerpt":{"rendered":"<p>Este martes abri\u00f3 la agenda para quienes quieran recibir una dosis de refuerzo de la&#8230;<\/p>\n","protected":false},"author":1,"featured_media":1382,"comment_status":"open","ping_status":"open","sticky":false,"template":"","format":"standard","meta":{"_monsterinsights_skip_tracking":false,"_monsterinsights_sitenote_active":false,"_monsterinsights_sitenote_note":"","_monsterinsights_sitenote_category":0,"footnotes":""},"categories":[79],"tags":[],"class_list":["post-1380","post","type-post","status-publish","format-standard","has-post-thumbnail","hentry","category-nacionales"],"featured_image_urls":{"full":["https:\/\/diariotiempo.com.uy\/noticias\/wp-content\/uploads\/2021\/08\/2.jpg",800,541,false],"thumbnail":["https:\/\/diariotiempo.com.uy\/noticias\/wp-content\/uploads\/2021\/08\/2-150x150.jpg",150,150,true],"medium":["https:\/\/diariotiempo.com.uy\/noticias\/wp-content\/uploads\/2021\/08\/2-300x203.jpg",300,203,true],"medium_large":["https:\/\/diariotiempo.com.uy\/noticias\/wp-content\/uploads\/2021\/08\/2-768x519.jpg",640,433,true],"large":["https:\/\/diariotiempo.com.uy\/noticias\/wp-content\/uploads\/2021\/08\/2.jpg",640,433,false],"rpg_gallery_admin_thumb":["https:\/\/diariotiempo.com.uy\/noticias\/wp-content\/uploads\/2021\/08\/2.jpg",150,101,false],"rpg_gallery_thumb":["https:\/\/diariotiempo.com.uy\/noticias\/wp-content\/uploads\/2021\/08\/2.jpg",150,101,false],"1536x1536":["https:\/\/diariotiempo.com.uy\/noticias\/wp-content\/uploads\/2021\/08\/2.jpg",800,541,false],"2048x2048":["https:\/\/diariotiempo.com.uy\/noticias\/wp-content\/uploads\/2021\/08\/2.jpg",800,541,false],"covernews-slider-full":["https:\/\/diariotiempo.com.uy\/noticias\/wp-content\/uploads\/2021\/08\/2.jpg",800,541,false],"covernews-slider-center":["https:\/\/diariotiempo.com.uy\/noticias\/wp-content\/uploads\/2021\/08\/2-800x500.jpg",800,500,true],"covernews-featured":["https:\/\/diariotiempo.com.uy\/noticias\/wp-content\/uploads\/2021\/08\/2.jpg",800,541,false],"covernews-medium":["https:\/\/diariotiempo.com.uy\/noticias\/wp-content\/uploads\/2021\/08\/2-540x340.jpg",540,340,true],"covernews-medium-square":["https:\/\/diariotiempo.com.uy\/noticias\/wp-content\/uploads\/2021\/08\/2-400x250.jpg",400,250,true]},"author_info":{"display_name":"diario","author_link":"https:\/\/diariotiempo.com.uy\/noticias\/author\/diario\/"},"category_info":"<a href=\"https:\/\/diariotiempo.com.uy\/noticias\/category\/nacionales\/\" rel=\"category tag\">NACIONALES<\/a>","tag_info":"NACIONALES","comment_count":"0","_links":{"self":[{"href":"https:\/\/diariotiempo.com.uy\/noticias\/wp-json\/wp\/v2\/posts\/1380","targetHints":{"allow":["GET"]}}],"collection":[{"href":"https:\/\/diariotiempo.com.uy\/noticias\/wp-json\/wp\/v2\/posts"}],"about":[{"href":"https:\/\/diariotiempo.com.uy\/noticias\/wp-json\/wp\/v2\/types\/post"}],"author":[{"embeddable":true,"href":"https:\/\/diariotiempo.com.uy\/noticias\/wp-json\/wp\/v2\/users\/1"}],"replies":[{"embeddable":true,"href":"https:\/\/diariotiempo.com.uy\/noticias\/wp-json\/wp\/v2\/comments?post=1380"}],"version-history":[{"count":2,"href":"https:\/\/diariotiempo.com.uy\/noticias\/wp-json\/wp\/v2\/posts\/1380\/revisions"}],"predecessor-version":[{"id":1383,"href":"https:\/\/diariotiempo.com.uy\/noticias\/wp-json\/wp\/v2\/posts\/1380\/revisions\/1383"}],"wp:featuredmedia":[{"embeddable":true,"href":"https:\/\/diariotiempo.com.uy\/noticias\/wp-json\/wp\/v2\/media\/1382"}],"wp:attachment":[{"href":"https:\/\/diariotiempo.com.uy\/noticias\/wp-json\/wp\/v2\/media?parent=1380"}],"wp:term":[{"taxonomy":"category","embeddable":true,"href":"https:\/\/diariotiempo.com.uy\/noticias\/wp-json\/wp\/v2\/categories?post=1380"},{"taxonomy":"post_tag","embeddable":true,"href":"https:\/\/diariotiempo.com.uy\/noticias\/wp-json\/wp\/v2\/tags?post=1380"}],"curies":[{"name":"wp","href":"https:\/\/api.w.org\/{rel}","templated":true}]}}