{"id":14152,"date":"2024-03-15T15:57:58","date_gmt":"2024-03-15T15:57:58","guid":{"rendered":"https:\/\/diariotiempo.com.uy\/noticias\/?p=14152"},"modified":"2024-03-15T15:57:59","modified_gmt":"2024-03-15T15:57:59","slug":"homenaje-a-alfredo-zitarrosa-frente-a-sumonumento-en-la-rambla-de-las-toscas","status":"publish","type":"post","link":"https:\/\/diariotiempo.com.uy\/noticias\/2024\/03\/15\/homenaje-a-alfredo-zitarrosa-frente-a-sumonumento-en-la-rambla-de-las-toscas\/","title":{"rendered":"Homenaje a Alfredo Zitarrosa frente a sumonumento en la rambla de Las Toscas"},"content":{"rendered":"\n<figure class=\"wp-block-gallery has-nested-images columns-default is-cropped wp-block-gallery-1 is-layout-flex wp-block-gallery-is-layout-flex\">\n<figure class=\"wp-block-image size-large\"><img loading=\"lazy\" decoding=\"async\" width=\"800\" height=\"500\" data-id=\"14153\" src=\"https:\/\/diariotiempo.com.uy\/noticias\/wp-content\/uploads\/2024\/03\/zitarrosa-rincon.jpg\" alt=\"\" class=\"wp-image-14153\" srcset=\"https:\/\/diariotiempo.com.uy\/noticias\/wp-content\/uploads\/2024\/03\/zitarrosa-rincon.jpg 800w, https:\/\/diariotiempo.com.uy\/noticias\/wp-content\/uploads\/2024\/03\/zitarrosa-rincon-300x188.jpg 300w, https:\/\/diariotiempo.com.uy\/noticias\/wp-content\/uploads\/2024\/03\/zitarrosa-rincon-768x480.jpg 768w, https:\/\/diariotiempo.com.uy\/noticias\/wp-content\/uploads\/2024\/03\/zitarrosa-rincon-400x250.jpg 400w\" sizes=\"auto, (max-width: 800px) 100vw, 800px\" \/><\/figure>\n\n\n\n<figure class=\"wp-block-image size-large\"><img loading=\"lazy\" decoding=\"async\" width=\"800\" height=\"533\" data-id=\"14154\" src=\"https:\/\/diariotiempo.com.uy\/noticias\/wp-content\/uploads\/2024\/03\/zitarrosa.jpg\" alt=\"\" class=\"wp-image-14154\" srcset=\"https:\/\/diariotiempo.com.uy\/noticias\/wp-content\/uploads\/2024\/03\/zitarrosa.jpg 800w, https:\/\/diariotiempo.com.uy\/noticias\/wp-content\/uploads\/2024\/03\/zitarrosa-300x200.jpg 300w, https:\/\/diariotiempo.com.uy\/noticias\/wp-content\/uploads\/2024\/03\/zitarrosa-768x512.jpg 768w\" sizes=\"auto, (max-width: 800px) 100vw, 800px\" \/><\/figure>\n<\/figure>\n\n\n\n<p>En la rambla de Las Toscas, que lleva el nombre de Alfredo Zitarrosa, se realiz\u00f3 el homenaje que cada 10 de marzo re\u00fane a vecinos y vecinas que recuerdan al cantautor. Este a\u00f1o se conmemor\u00f3 el aniversario n\u00famero 88 de su nacimiento. Los artistas Antonio Sanguinetti, Rossana Taddei, Gustavo Etchenique y Alejandro Moya participaron del homenaje, que termin\u00f3 al caer el sol.<\/p>\n\n\n\n<p>La memoria de Zitarrosa en la costa canaria es sostenida por la Asociaci\u00f3n Pro Fomento del Balneario Las Toscas, que trae al presente sus an\u00e9cdotas, su paso por la localidad, las noches de charla en el patio de Idea Vilari\u00f1o, su m\u00fasica y las letras que el balneario le dej\u00f3.<\/p>\n\n\n\n<p>Irene Etchart, miembro de la Asociaci\u00f3n Pro Fomento de Las Toscas, dijo que \u201cZitarrosa, junto con Idea Vilari\u00f1o, cuya casa est\u00e1 all\u00ed arriba en la placita, verane\u00f3 ac\u00e1 y en alguna oportunidad ven\u00eda a la casa de Idea a pedirle letras para sus canciones. Luego, en la \u00e9poca de la dictadura todo eso se desarm\u00f3\u201d.<\/p>\n\n\n\n<p>\u201cDesde hace un tiempo la Intendencia lo ha homenajeado y nosotros nos sumamos para hacer de Las Toscas el lugar natural de reconocimiento y recuerdo tanto de Alfredo como de Idea\u201d, agreg\u00f3 Etchart. Hoy el espacio al rededor de la casa de Idea Vilari\u00f1o, en la esquina de la rambla y la Calle D, recuperado por la Intendencia hace varios a\u00f1os, se ha convertido en un lugar de encuentro y reconocimiento.<\/p>\n\n\n\n<p>El escritor Guillermo Pellegrino cont\u00f3 al p\u00fablico que Zitarrosa \u201cfue muy importante como cantor popular, un hombre que trascendi\u00f3 fronteras generacionales. Lo escuchaba gente de distintas edades e ideolog\u00edas, en distintos pa\u00edses, gente de distinta condici\u00f3n social. Y fue un tipo muy cercano al pueblo. Eso creo que lo distingui\u00f3 de otros artistas\u201d. Su paso por Las Toscas se dio sobretodo en los a\u00f1os 1971 y 1972, seg\u00fan lo que Pellegrino pudo reconstruir de la vida de Zitarrosa a partir del relato oral de la gente del balneario.<\/p>\n","protected":false},"excerpt":{"rendered":"<p>En la rambla de Las Toscas, que lleva el nombre de Alfredo Zitarrosa, se realiz\u00f3&#8230;<\/p>\n","protected":false},"author":1,"featured_media":14154,"comment_status":"closed","ping_status":"closed","sticky":false,"template":"","format":"standard","meta":{"_monsterinsights_skip_tracking":false,"_monsterinsights_sitenote_active":false,"_monsterinsights_sitenote_note":"","_monsterinsights_sitenote_category":0,"footnotes":""},"categories":[121],"tags":[],"class_list":["post-14152","post","type-post","status-publish","format-standard","has-post-thumbnail","hentry","category-las-toscas"],"featured_image_urls":{"full":["https:\/\/diariotiempo.com.uy\/noticias\/wp-content\/uploads\/2024\/03\/zitarrosa.jpg",800,533,false],"thumbnail":["https:\/\/diariotiempo.com.uy\/noticias\/wp-content\/uploads\/2024\/03\/zitarrosa-150x150.jpg",150,150,true],"medium":["https:\/\/diariotiempo.com.uy\/noticias\/wp-content\/uploads\/2024\/03\/zitarrosa-300x200.jpg",300,200,true],"medium_large":["https:\/\/diariotiempo.com.uy\/noticias\/wp-content\/uploads\/2024\/03\/zitarrosa-768x512.jpg",640,427,true],"large":["https:\/\/diariotiempo.com.uy\/noticias\/wp-content\/uploads\/2024\/03\/zitarrosa.jpg",640,426,false],"rpg_gallery_admin_thumb":["https:\/\/diariotiempo.com.uy\/noticias\/wp-content\/uploads\/2024\/03\/zitarrosa-150x150.jpg",150,150,true],"rpg_gallery_thumb":["https:\/\/diariotiempo.com.uy\/noticias\/wp-content\/uploads\/2024\/03\/zitarrosa-150x150.jpg",150,150,true],"1536x1536":["https:\/\/diariotiempo.com.uy\/noticias\/wp-content\/uploads\/2024\/03\/zitarrosa.jpg",800,533,false],"2048x2048":["https:\/\/diariotiempo.com.uy\/noticias\/wp-content\/uploads\/2024\/03\/zitarrosa.jpg",800,533,false],"covernews-slider-full":["https:\/\/diariotiempo.com.uy\/noticias\/wp-content\/uploads\/2024\/03\/zitarrosa.jpg",800,533,false],"covernews-slider-center":["https:\/\/diariotiempo.com.uy\/noticias\/wp-content\/uploads\/2024\/03\/zitarrosa-800x500.jpg",800,500,true],"covernews-featured":["https:\/\/diariotiempo.com.uy\/noticias\/wp-content\/uploads\/2024\/03\/zitarrosa.jpg",800,533,false],"covernews-medium":["https:\/\/diariotiempo.com.uy\/noticias\/wp-content\/uploads\/2024\/03\/zitarrosa-540x340.jpg",540,340,true],"covernews-medium-square":["https:\/\/diariotiempo.com.uy\/noticias\/wp-content\/uploads\/2024\/03\/zitarrosa-400x250.jpg",400,250,true]},"author_info":{"display_name":"diario","author_link":"https:\/\/diariotiempo.com.uy\/noticias\/author\/diario\/"},"category_info":"<a href=\"https:\/\/diariotiempo.com.uy\/noticias\/category\/departamental\/las-toscas\/\" rel=\"category tag\">Las Toscas<\/a>","tag_info":"Las Toscas","comment_count":"0","_links":{"self":[{"href":"https:\/\/diariotiempo.com.uy\/noticias\/wp-json\/wp\/v2\/posts\/14152","targetHints":{"allow":["GET"]}}],"collection":[{"href":"https:\/\/diariotiempo.com.uy\/noticias\/wp-json\/wp\/v2\/posts"}],"about":[{"href":"https:\/\/diariotiempo.com.uy\/noticias\/wp-json\/wp\/v2\/types\/post"}],"author":[{"embeddable":true,"href":"https:\/\/diariotiempo.com.uy\/noticias\/wp-json\/wp\/v2\/users\/1"}],"replies":[{"embeddable":true,"href":"https:\/\/diariotiempo.com.uy\/noticias\/wp-json\/wp\/v2\/comments?post=14152"}],"version-history":[{"count":1,"href":"https:\/\/diariotiempo.com.uy\/noticias\/wp-json\/wp\/v2\/posts\/14152\/revisions"}],"predecessor-version":[{"id":14155,"href":"https:\/\/diariotiempo.com.uy\/noticias\/wp-json\/wp\/v2\/posts\/14152\/revisions\/14155"}],"wp:featuredmedia":[{"embeddable":true,"href":"https:\/\/diariotiempo.com.uy\/noticias\/wp-json\/wp\/v2\/media\/14154"}],"wp:attachment":[{"href":"https:\/\/diariotiempo.com.uy\/noticias\/wp-json\/wp\/v2\/media?parent=14152"}],"wp:term":[{"taxonomy":"category","embeddable":true,"href":"https:\/\/diariotiempo.com.uy\/noticias\/wp-json\/wp\/v2\/categories?post=14152"},{"taxonomy":"post_tag","embeddable":true,"href":"https:\/\/diariotiempo.com.uy\/noticias\/wp-json\/wp\/v2\/tags?post=14152"}],"curies":[{"name":"wp","href":"https:\/\/api.w.org\/{rel}","templated":true}]}}