{"id":14156,"date":"2024-03-15T15:59:57","date_gmt":"2024-03-15T15:59:57","guid":{"rendered":"https:\/\/diariotiempo.com.uy\/noticias\/?p=14156"},"modified":"2024-03-15T15:59:58","modified_gmt":"2024-03-15T15:59:58","slug":"centro-comercial-industrial-y-de-fomento-de-atlantidainauguro-la-nueva-planta-superior-de-su-sede","status":"publish","type":"post","link":"https:\/\/diariotiempo.com.uy\/noticias\/2024\/03\/15\/centro-comercial-industrial-y-de-fomento-de-atlantidainauguro-la-nueva-planta-superior-de-su-sede\/","title":{"rendered":"Centro Comercial, Industrial y de Fomento de Atl\u00e1ntidainaugur\u00f3 la nueva planta superior de su sede"},"content":{"rendered":"\n<figure class=\"wp-block-gallery has-nested-images columns-default is-cropped wp-block-gallery-1 is-layout-flex wp-block-gallery-is-layout-flex\">\n<figure class=\"wp-block-image size-large\"><img loading=\"lazy\" decoding=\"async\" width=\"900\" height=\"506\" data-id=\"14157\" src=\"https:\/\/diariotiempo.com.uy\/noticias\/wp-content\/uploads\/2024\/03\/YAN.jpg\" alt=\"\" class=\"wp-image-14157\" srcset=\"https:\/\/diariotiempo.com.uy\/noticias\/wp-content\/uploads\/2024\/03\/YAN.jpg 900w, https:\/\/diariotiempo.com.uy\/noticias\/wp-content\/uploads\/2024\/03\/YAN-300x169.jpg 300w, https:\/\/diariotiempo.com.uy\/noticias\/wp-content\/uploads\/2024\/03\/YAN-768x432.jpg 768w\" sizes=\"auto, (max-width: 900px) 100vw, 900px\" \/><\/figure>\n\n\n\n<figure class=\"wp-block-image size-large\"><img loading=\"lazy\" decoding=\"async\" width=\"900\" height=\"506\" data-id=\"14158\" src=\"https:\/\/diariotiempo.com.uy\/noticias\/wp-content\/uploads\/2024\/03\/cinta.jpg\" alt=\"\" class=\"wp-image-14158\" srcset=\"https:\/\/diariotiempo.com.uy\/noticias\/wp-content\/uploads\/2024\/03\/cinta.jpg 900w, https:\/\/diariotiempo.com.uy\/noticias\/wp-content\/uploads\/2024\/03\/cinta-300x169.jpg 300w, https:\/\/diariotiempo.com.uy\/noticias\/wp-content\/uploads\/2024\/03\/cinta-768x432.jpg 768w\" sizes=\"auto, (max-width: 900px) 100vw, 900px\" \/><\/figure>\n<\/figure>\n\n\n\n<p>El Centro Comercial, Industrial y de Fomento de Atl\u00e1ntida (CCIFA) inaugur\u00f3 la nueva planta superior de su sede, ubicada en Calle 1 y Dr. Alfredo Crisci, Atl\u00e1ntida sur. Cuenta con espacios de trabajo colaborativo, oficinas privadas, salas de reuniones y un aula para la realizaci\u00f3n de cursos y talleres, equipados con elementos de alta tecnolog\u00eda.<\/p>\n\n\n\n<p>La ceremonia de presentaci\u00f3n cont\u00f3 con la presencia de gran parte del equipo del Gabinete Productivo de la Intendencia de Canelones, que viene trabajando fuertemente con el Centro Comercial de Atl\u00e1ntida y con todas las c\u00e1maras comerciales oficiales del departamento.<\/p>\n\n\n\n<p>El Director de Desarrollo Econ\u00f3mico del Gobierno Departamental, \u00c1lvaro Su\u00e1rez, afirm\u00f3 que se trata de \u201cun lugar hermoso\u201d y destac\u00f3 el desarrollo que est\u00e1 evidenciando el centro comercial anfitri\u00f3n. \u201cCreo que es un crecimiento que acompa\u00f1a el de todo el departamento. No es el mismo departamento de hace 15 o 20 a\u00f1os atr\u00e1s y el Centro Comercial de Atl\u00e1ntida tambi\u00e9n es una muestra de las cosas que se han venido haciendo bien en Canelones\u201d, sostuvo.<\/p>\n\n\n\n<p>El jerarca asegur\u00f3 que desde el Gobierno Departamental \u201capostamos a que todo el entramado social \u2013entre ellos, los centros comerciales\u2013 tenga presencia importante. Son los actores con los tenemos que construir un mejor Canelones que genere oportunidades, trabajo y esperanza para la gente\u201d. Valor\u00f3 muy positivamente la creaci\u00f3n de la C\u00e1mara Empresarial Canaria, que integra a los principales centros y c\u00e1maras comerciales del departamento, y manifest\u00f3 que \u201cha sido un \u00e9xito logrado por el empresariado, en primer lugar, pero tambi\u00e9n por el Gobierno de Canelones, que ha apostado a tener referentes con los que interactuar\u201d.<\/p>\n\n\n\n<p>Desde el CCIFA, su Presidente, Camilo Uhalde, dijo que para la instituci\u00f3n la obra es \u201cun verdadero orgullo, por representar el crecimiento del centro comercial a\u00f1o a a\u00f1o\u201d. Tambi\u00e9n agradeci\u00f3 la presencia de representantes de instituciones p\u00fablicas y privadas, como las diferentes direcciones de la Intendencia de Canelones, y enfatiz\u00f3 que el CCIFA intenta \u201cser ese nexo entre las pol\u00edticas de los gobiernos y nuestras empresas. A veces la dificultad de las empresas es acceder a muchas herramientas que tienen los gobiernos y, de parte estos, lograr llegar a cada una de las empresas. Nosotros nos empe\u00f1amos en poder cumplir con ese rol\u201d.<\/p>\n","protected":false},"excerpt":{"rendered":"<p>El Centro Comercial, Industrial y de Fomento de Atl\u00e1ntida (CCIFA) inaugur\u00f3 la nueva planta superior&#8230;<\/p>\n","protected":false},"author":1,"featured_media":14158,"comment_status":"closed","ping_status":"closed","sticky":false,"template":"","format":"standard","meta":{"_monsterinsights_skip_tracking":false,"_monsterinsights_sitenote_active":false,"_monsterinsights_sitenote_note":"","_monsterinsights_sitenote_category":0,"footnotes":""},"categories":[25],"tags":[],"class_list":["post-14156","post","type-post","status-publish","format-standard","has-post-thumbnail","hentry","category-atlantida"],"featured_image_urls":{"full":["https:\/\/diariotiempo.com.uy\/noticias\/wp-content\/uploads\/2024\/03\/cinta.jpg",900,506,false],"thumbnail":["https:\/\/diariotiempo.com.uy\/noticias\/wp-content\/uploads\/2024\/03\/cinta-150x150.jpg",150,150,true],"medium":["https:\/\/diariotiempo.com.uy\/noticias\/wp-content\/uploads\/2024\/03\/cinta-300x169.jpg",300,169,true],"medium_large":["https:\/\/diariotiempo.com.uy\/noticias\/wp-content\/uploads\/2024\/03\/cinta-768x432.jpg",640,360,true],"large":["https:\/\/diariotiempo.com.uy\/noticias\/wp-content\/uploads\/2024\/03\/cinta.jpg",640,360,false],"rpg_gallery_admin_thumb":["https:\/\/diariotiempo.com.uy\/noticias\/wp-content\/uploads\/2024\/03\/cinta-150x150.jpg",150,150,true],"rpg_gallery_thumb":["https:\/\/diariotiempo.com.uy\/noticias\/wp-content\/uploads\/2024\/03\/cinta-150x150.jpg",150,150,true],"1536x1536":["https:\/\/diariotiempo.com.uy\/noticias\/wp-content\/uploads\/2024\/03\/cinta.jpg",900,506,false],"2048x2048":["https:\/\/diariotiempo.com.uy\/noticias\/wp-content\/uploads\/2024\/03\/cinta.jpg",900,506,false],"covernews-slider-full":["https:\/\/diariotiempo.com.uy\/noticias\/wp-content\/uploads\/2024\/03\/cinta.jpg",900,506,false],"covernews-slider-center":["https:\/\/diariotiempo.com.uy\/noticias\/wp-content\/uploads\/2024\/03\/cinta-800x500.jpg",800,500,true],"covernews-featured":["https:\/\/diariotiempo.com.uy\/noticias\/wp-content\/uploads\/2024\/03\/cinta.jpg",900,506,false],"covernews-medium":["https:\/\/diariotiempo.com.uy\/noticias\/wp-content\/uploads\/2024\/03\/cinta-540x340.jpg",540,340,true],"covernews-medium-square":["https:\/\/diariotiempo.com.uy\/noticias\/wp-content\/uploads\/2024\/03\/cinta-400x250.jpg",400,250,true]},"author_info":{"display_name":"diario","author_link":"https:\/\/diariotiempo.com.uy\/noticias\/author\/diario\/"},"category_info":"<a href=\"https:\/\/diariotiempo.com.uy\/noticias\/category\/departamental\/atlantida\/\" rel=\"category tag\">Atl\u00e1ntida<\/a>","tag_info":"Atl\u00e1ntida","comment_count":"0","_links":{"self":[{"href":"https:\/\/diariotiempo.com.uy\/noticias\/wp-json\/wp\/v2\/posts\/14156","targetHints":{"allow":["GET"]}}],"collection":[{"href":"https:\/\/diariotiempo.com.uy\/noticias\/wp-json\/wp\/v2\/posts"}],"about":[{"href":"https:\/\/diariotiempo.com.uy\/noticias\/wp-json\/wp\/v2\/types\/post"}],"author":[{"embeddable":true,"href":"https:\/\/diariotiempo.com.uy\/noticias\/wp-json\/wp\/v2\/users\/1"}],"replies":[{"embeddable":true,"href":"https:\/\/diariotiempo.com.uy\/noticias\/wp-json\/wp\/v2\/comments?post=14156"}],"version-history":[{"count":1,"href":"https:\/\/diariotiempo.com.uy\/noticias\/wp-json\/wp\/v2\/posts\/14156\/revisions"}],"predecessor-version":[{"id":14159,"href":"https:\/\/diariotiempo.com.uy\/noticias\/wp-json\/wp\/v2\/posts\/14156\/revisions\/14159"}],"wp:featuredmedia":[{"embeddable":true,"href":"https:\/\/diariotiempo.com.uy\/noticias\/wp-json\/wp\/v2\/media\/14158"}],"wp:attachment":[{"href":"https:\/\/diariotiempo.com.uy\/noticias\/wp-json\/wp\/v2\/media?parent=14156"}],"wp:term":[{"taxonomy":"category","embeddable":true,"href":"https:\/\/diariotiempo.com.uy\/noticias\/wp-json\/wp\/v2\/categories?post=14156"},{"taxonomy":"post_tag","embeddable":true,"href":"https:\/\/diariotiempo.com.uy\/noticias\/wp-json\/wp\/v2\/tags?post=14156"}],"curies":[{"name":"wp","href":"https:\/\/api.w.org\/{rel}","templated":true}]}}