{"id":14234,"date":"2024-03-22T12:28:05","date_gmt":"2024-03-22T12:28:05","guid":{"rendered":"https:\/\/diariotiempo.com.uy\/noticias\/?p=14234"},"modified":"2024-03-22T12:28:05","modified_gmt":"2024-03-22T12:28:05","slug":"credibilidad-de-actores-politicos-en-juego","status":"publish","type":"post","link":"https:\/\/diariotiempo.com.uy\/noticias\/2024\/03\/22\/credibilidad-de-actores-politicos-en-juego\/","title":{"rendered":"CREDIBILIDAD DE ACTORES POLITICOS EN JUEGO"},"content":{"rendered":"\n<p>A nadie escapa el hecho de la denuncia que tom\u00f3 estado p\u00fablico por las redes, y que involucra a dos actores pol\u00edticos y tal vez m\u00e1s, al inicio de una campa\u00f1a pol\u00edtica que muestra parejos a los partidos de la Coalici\u00f3n Republicana y a los de la oposici\u00f3n, aglutinados en el Frente Amplio, donde los que aparecen como \u201cindecisos\u201d ser\u00edan quienes definan la elecci\u00f3n. Esta denuncia, que luego materializa la persona directamente afectada ante Fiscal\u00eda, a nueve a\u00f1os de producidos los hechos, trasciende, m\u00e1s all\u00e1 del \u00e1mbito reservado de esa dependencia p\u00fablica, pues involucra nada menos que a uno de los principales candidatos de la fuerza opositora. Si el denunciado hubiera sido otro, todo hubiere transcurrido en silencio. Pero resulta que este ciudadano, es quien pugna entre los suyos por triunfar en la interna, para encabezar luego sus listas como candidato a la Presidencia de la Rep\u00fablica. Ni m\u00e1s, ni menos. De all\u00ed, el desmadre. Mientras algunos de sus compa\u00f1eros esperar\u00e1n el pronunciamiento de la Justicia, otros buscan desacreditar a quien \u201cdestap\u00f3 la olla\u201d y a la denunciante, advirti\u00e9ndose las distintas varas que se utilizan para medir el alcance de estos dichos, seg\u00fan se trate o no de partidarios, en suma, seg\u00fan el propio inter\u00e9s pol\u00edtico. Nadie resiste a los archivos y la actual tecnolog\u00eda permite exhibir ambas posturas en forma simult\u00e1nea. S\u00f3lo debemos estar atentos, para que de ese modo, se pueda calibrar qu\u00e9 credibilidad posee cada quien. Es que, como ense\u00f1a el art\u00edculo 10 de nuestra Constituci\u00f3n: \u201clas acciones privadas de las personas\u201d que de ning\u00fan modo afectan el orden p\u00fablico ni perjudican a un tercero, \u201cest\u00e1n exentas de la autoridad de los magistrados\u201d Ning\u00fan habitante de la Rep\u00fablica, podr\u00e1 ser obligado a hacer lo que no mande la Ley, ni privado de lo que ella no proh\u00edbe. En el caso que nos ocupa, la condici\u00f3n de persona p\u00fablica del denunciado lo afecta directamente, tanto a \u00e9l como a su familia. Pero de all\u00ed, a pretender que como \u201checho in\u00e9dito\u201d en nuestro pa\u00eds, se afirme que \u201cse pone en riesgo la Democracia\u201d hay un gran paso. En el caso anterior, que termin\u00f3 con un Senador de la Rep\u00fablica entre rejas, tambi\u00e9n se argument\u00f3 la existencia de una trama o maquinaci\u00f3n orquestada en su perjuicio. En ambas situaciones, las conductas o acciones privadas no pudieron entonces ni pueden ahora, ser ajenas a la \u201cautoridad de los magistrados\u201d. Est\u00e1 en juego nada menos que la credibilidad, de un actor pol\u00edtico que aspira a conducir los destinos de nuestra Rep\u00fablica. No est\u00e1 en juego nuestro sistema democr\u00e1tico y republicano de gobierno, y no lo estar\u00e1 en la medida que se act\u00fae de acuerdo a Derecho. Los actores pol\u00edticos debieran ser los primeros en tener que saberlo y su vida -en la medida que es p\u00fablica- y sus acciones, incluso las privadas, deben en todo caso compadecerse con el r\u00e9gimen jur\u00eddico que nos regula a todos por igual. Nuestro sistema democr\u00e1tico y nuestra libertad se ver\u00e1n afectados, siempre que los intereses particulares prevalezcan por sobre el supremo inter\u00e9s y bienestar general.<\/p>\n","protected":false},"excerpt":{"rendered":"<p>A nadie escapa el hecho de la denuncia que tom\u00f3 estado p\u00fablico por las redes,&#8230;<\/p>\n","protected":false},"author":1,"featured_media":0,"comment_status":"closed","ping_status":"closed","sticky":false,"template":"","format":"standard","meta":{"_monsterinsights_skip_tracking":false,"_monsterinsights_sitenote_active":false,"_monsterinsights_sitenote_note":"","_monsterinsights_sitenote_category":0,"footnotes":""},"categories":[13],"tags":[],"class_list":["post-14234","post","type-post","status-publish","format-standard","hentry","category-articulos-de-opinion"],"featured_image_urls":{"full":"","thumbnail":"","medium":"","medium_large":"","large":"","rpg_gallery_admin_thumb":"","rpg_gallery_thumb":"","1536x1536":"","2048x2048":"","covernews-slider-full":"","covernews-slider-center":"","covernews-featured":"","covernews-medium":"","covernews-medium-square":""},"author_info":{"display_name":"diario","author_link":"https:\/\/diariotiempo.com.uy\/noticias\/author\/diario\/"},"category_info":"<a href=\"https:\/\/diariotiempo.com.uy\/noticias\/category\/opinion\/articulos-de-opinion\/\" rel=\"category tag\">Art\u00edculos de Opini\u00f3n<\/a>","tag_info":"Art\u00edculos de Opini\u00f3n","comment_count":"0","_links":{"self":[{"href":"https:\/\/diariotiempo.com.uy\/noticias\/wp-json\/wp\/v2\/posts\/14234","targetHints":{"allow":["GET"]}}],"collection":[{"href":"https:\/\/diariotiempo.com.uy\/noticias\/wp-json\/wp\/v2\/posts"}],"about":[{"href":"https:\/\/diariotiempo.com.uy\/noticias\/wp-json\/wp\/v2\/types\/post"}],"author":[{"embeddable":true,"href":"https:\/\/diariotiempo.com.uy\/noticias\/wp-json\/wp\/v2\/users\/1"}],"replies":[{"embeddable":true,"href":"https:\/\/diariotiempo.com.uy\/noticias\/wp-json\/wp\/v2\/comments?post=14234"}],"version-history":[{"count":1,"href":"https:\/\/diariotiempo.com.uy\/noticias\/wp-json\/wp\/v2\/posts\/14234\/revisions"}],"predecessor-version":[{"id":14235,"href":"https:\/\/diariotiempo.com.uy\/noticias\/wp-json\/wp\/v2\/posts\/14234\/revisions\/14235"}],"wp:attachment":[{"href":"https:\/\/diariotiempo.com.uy\/noticias\/wp-json\/wp\/v2\/media?parent=14234"}],"wp:term":[{"taxonomy":"category","embeddable":true,"href":"https:\/\/diariotiempo.com.uy\/noticias\/wp-json\/wp\/v2\/categories?post=14234"},{"taxonomy":"post_tag","embeddable":true,"href":"https:\/\/diariotiempo.com.uy\/noticias\/wp-json\/wp\/v2\/tags?post=14234"}],"curies":[{"name":"wp","href":"https:\/\/api.w.org\/{rel}","templated":true}]}}