{"id":14430,"date":"2024-04-19T16:36:07","date_gmt":"2024-04-19T16:36:07","guid":{"rendered":"https:\/\/diariotiempo.com.uy\/noticias\/?p=14430"},"modified":"2024-04-19T16:37:57","modified_gmt":"2024-04-19T16:37:57","slug":"incendio-en-vivienda-con-una-persona-fallecida","status":"publish","type":"post","link":"https:\/\/diariotiempo.com.uy\/noticias\/2024\/04\/19\/incendio-en-vivienda-con-una-persona-fallecida\/","title":{"rendered":"Incendio en vivienda, con una persona fallecida"},"content":{"rendered":"\n<p>SALINAS De J.P.C.Personal de la Seccional 22 Salinas, se encuentran trabajando para tratar de establecer las causas en las que resultara fallecido un hombre tras el incendio de su vivienda.<\/p>\n\n\n\n<p>Ante comunicado del Centro de Comando Unificado dicho personal, toma conocimiento sobre un foco \u00edgneo en una vivienda ubicada en calle Abarore esq. Yamand\u00fa, donde ya se encontraba personal de Bomberos trabajando, los que al extinguir el foco \u00edgneo se encuentran con el cuerpo de una persona.<\/p>\n\n\n\n<p>Al concurrir al lugar se entrevistaron con una mujer de 61 a\u00f1os de edad, quien manifiesta que el fallecido es su inquilino un hombre de 65 a\u00f1os.<\/p>\n\n\n\n<p>De todo el procedimiento fue enterado el Fiscal de Turno de Atl\u00e1ntida Dr. Montedeocar<\/p>\n","protected":false},"excerpt":{"rendered":"<p>SALINAS De J.P.C.Personal de la Seccional 22 Salinas, se encuentran trabajando para tratar de establecer&#8230;<\/p>\n","protected":false},"author":1,"featured_media":14431,"comment_status":"closed","ping_status":"closed","sticky":false,"template":"","format":"standard","meta":{"_monsterinsights_skip_tracking":false,"_monsterinsights_sitenote_active":false,"_monsterinsights_sitenote_note":"","_monsterinsights_sitenote_category":0,"footnotes":""},"categories":[6],"tags":[],"class_list":["post-14430","post","type-post","status-publish","format-standard","has-post-thumbnail","hentry","category-policial"],"featured_image_urls":{"full":["https:\/\/diariotiempo.com.uy\/noticias\/wp-content\/uploads\/2024\/04\/incendio.jpg",413,403,false],"thumbnail":["https:\/\/diariotiempo.com.uy\/noticias\/wp-content\/uploads\/2024\/04\/incendio-150x150.jpg",150,150,true],"medium":["https:\/\/diariotiempo.com.uy\/noticias\/wp-content\/uploads\/2024\/04\/incendio-300x293.jpg",300,293,true],"medium_large":["https:\/\/diariotiempo.com.uy\/noticias\/wp-content\/uploads\/2024\/04\/incendio.jpg",413,403,false],"large":["https:\/\/diariotiempo.com.uy\/noticias\/wp-content\/uploads\/2024\/04\/incendio.jpg",413,403,false],"rpg_gallery_admin_thumb":["https:\/\/diariotiempo.com.uy\/noticias\/wp-content\/uploads\/2024\/04\/incendio-150x150.jpg",150,150,true],"rpg_gallery_thumb":["https:\/\/diariotiempo.com.uy\/noticias\/wp-content\/uploads\/2024\/04\/incendio-150x150.jpg",150,150,true],"1536x1536":["https:\/\/diariotiempo.com.uy\/noticias\/wp-content\/uploads\/2024\/04\/incendio.jpg",413,403,false],"2048x2048":["https:\/\/diariotiempo.com.uy\/noticias\/wp-content\/uploads\/2024\/04\/incendio.jpg",413,403,false],"covernews-slider-full":["https:\/\/diariotiempo.com.uy\/noticias\/wp-content\/uploads\/2024\/04\/incendio.jpg",413,403,false],"covernews-slider-center":["https:\/\/diariotiempo.com.uy\/noticias\/wp-content\/uploads\/2024\/04\/incendio.jpg",413,403,false],"covernews-featured":["https:\/\/diariotiempo.com.uy\/noticias\/wp-content\/uploads\/2024\/04\/incendio.jpg",413,403,false],"covernews-medium":["https:\/\/diariotiempo.com.uy\/noticias\/wp-content\/uploads\/2024\/04\/incendio-413x340.jpg",413,340,true],"covernews-medium-square":["https:\/\/diariotiempo.com.uy\/noticias\/wp-content\/uploads\/2024\/04\/incendio-400x250.jpg",400,250,true]},"author_info":{"display_name":"diario","author_link":"https:\/\/diariotiempo.com.uy\/noticias\/author\/diario\/"},"category_info":"<a href=\"https:\/\/diariotiempo.com.uy\/noticias\/category\/policial\/\" rel=\"category tag\">POLICIAL<\/a>","tag_info":"POLICIAL","comment_count":"0","_links":{"self":[{"href":"https:\/\/diariotiempo.com.uy\/noticias\/wp-json\/wp\/v2\/posts\/14430","targetHints":{"allow":["GET"]}}],"collection":[{"href":"https:\/\/diariotiempo.com.uy\/noticias\/wp-json\/wp\/v2\/posts"}],"about":[{"href":"https:\/\/diariotiempo.com.uy\/noticias\/wp-json\/wp\/v2\/types\/post"}],"author":[{"embeddable":true,"href":"https:\/\/diariotiempo.com.uy\/noticias\/wp-json\/wp\/v2\/users\/1"}],"replies":[{"embeddable":true,"href":"https:\/\/diariotiempo.com.uy\/noticias\/wp-json\/wp\/v2\/comments?post=14430"}],"version-history":[{"count":2,"href":"https:\/\/diariotiempo.com.uy\/noticias\/wp-json\/wp\/v2\/posts\/14430\/revisions"}],"predecessor-version":[{"id":14433,"href":"https:\/\/diariotiempo.com.uy\/noticias\/wp-json\/wp\/v2\/posts\/14430\/revisions\/14433"}],"wp:featuredmedia":[{"embeddable":true,"href":"https:\/\/diariotiempo.com.uy\/noticias\/wp-json\/wp\/v2\/media\/14431"}],"wp:attachment":[{"href":"https:\/\/diariotiempo.com.uy\/noticias\/wp-json\/wp\/v2\/media?parent=14430"}],"wp:term":[{"taxonomy":"category","embeddable":true,"href":"https:\/\/diariotiempo.com.uy\/noticias\/wp-json\/wp\/v2\/categories?post=14430"},{"taxonomy":"post_tag","embeddable":true,"href":"https:\/\/diariotiempo.com.uy\/noticias\/wp-json\/wp\/v2\/tags?post=14430"}],"curies":[{"name":"wp","href":"https:\/\/api.w.org\/{rel}","templated":true}]}}