{"id":14447,"date":"2024-04-23T15:56:41","date_gmt":"2024-04-23T15:56:41","guid":{"rendered":"https:\/\/diariotiempo.com.uy\/noticias\/?p=14447"},"modified":"2024-04-23T15:58:27","modified_gmt":"2024-04-23T15:58:27","slug":"ministerio-del-interior-incorporo38-nuevos-vehiculos-a-su-flota","status":"publish","type":"post","link":"https:\/\/diariotiempo.com.uy\/noticias\/2024\/04\/23\/ministerio-del-interior-incorporo38-nuevos-vehiculos-a-su-flota\/","title":{"rendered":"Ministerio del Interior incorpor\u00f3 38 nuevos veh\u00edculos a su flota"},"content":{"rendered":"\n<figure class=\"wp-block-image size-full\"><img loading=\"lazy\" decoding=\"async\" width=\"900\" height=\"600\" src=\"https:\/\/diariotiempo.com.uy\/noticias\/wp-content\/uploads\/2024\/04\/poli.jpg\" alt=\"\" class=\"wp-image-14448\" srcset=\"https:\/\/diariotiempo.com.uy\/noticias\/wp-content\/uploads\/2024\/04\/poli.jpg 900w, https:\/\/diariotiempo.com.uy\/noticias\/wp-content\/uploads\/2024\/04\/poli-300x200.jpg 300w, https:\/\/diariotiempo.com.uy\/noticias\/wp-content\/uploads\/2024\/04\/poli-768x512.jpg 768w\" sizes=\"auto, (max-width: 900px) 100vw, 900px\" \/><figcaption class=\"wp-element-caption\">PRESIDENCIA de la REPUBLICA<\/figcaption><\/figure>\n\n\n\n<p>Los &nbsp;veh\u00edculos ser\u00e1n distribuidos en los departamentos de Artigas, Canelones, Colonia, Durazno, Flores, Lavalleja, Maldonado, Montevideo, Paysand\u00fa, R\u00edo Negro, Salto, San Jos\u00e9 y Soriano<\/p>\n\n\n\n<p>El ministro del Interior, Nicol\u00e1s Martinelli, particip\u00f3, este mi\u00e9rcoles 17, en la ceremonia de entrega de 38 veh\u00edculos, que ser\u00e1n destinados a jefaturas, oficinas especializadas y direcciones policiales de todo el pa\u00eds. Las unidades se suman a otras 150 proporcionadas en este per\u00edodo y contribuyen a mejorar la flota, as\u00ed como a aumentar la presencia en territorio.<\/p>\n\n\n\n<p>A la actividad, realizada en la plaza Vidiella del barrio Col\u00f3n, asistieron la directora general del Ministerio del Interior, Mar\u00eda Jos\u00e9 Oviedo; el director de Seguridad y Convivencia Ciudadana, Mat\u00edas Terra, y el director nacional de la Polic\u00eda, Jos\u00e9 Manuel Azambuya, entre otras autoridades ministeriales y policiales.<\/p>\n\n\n\n<p>Los 38 veh\u00edculos ser\u00e1n distribuidos en los departamentos de Artigas, Canelones, Colonia, Durazno, Flores, Lavalleja, Maldonado, Montevideo, Paysand\u00fa, R\u00edo Negro, Salto, San Jos\u00e9 y Soriano, as\u00ed como en oficinas especializadas y direcciones nacionales de Polic\u00eda Cient\u00edfica, Investigaciones y Sanidad Policial, entre otras.<\/p>\n\n\n\n<p>Azambuya destac\u00f3 la importancia de la log\u00edstica, la movilidad y la presencia en territorio. Las unidades entregadas en la jornada se suman a las 150 asignadas antes, con el objetivo de mejorar la flota, inform\u00f3.<\/p>\n","protected":false},"excerpt":{"rendered":"<p>Los &nbsp;veh\u00edculos ser\u00e1n distribuidos en los departamentos de Artigas, Canelones, Colonia, Durazno, Flores, Lavalleja, Maldonado,&#8230;<\/p>\n","protected":false},"author":1,"featured_media":14448,"comment_status":"closed","ping_status":"closed","sticky":false,"template":"","format":"standard","meta":{"_monsterinsights_skip_tracking":false,"_monsterinsights_sitenote_active":false,"_monsterinsights_sitenote_note":"","_monsterinsights_sitenote_category":0,"footnotes":""},"categories":[11],"tags":[],"class_list":["post-14447","post","type-post","status-publish","format-standard","has-post-thumbnail","hentry","category-noticia-destacada"],"featured_image_urls":{"full":["https:\/\/diariotiempo.com.uy\/noticias\/wp-content\/uploads\/2024\/04\/poli.jpg",900,600,false],"thumbnail":["https:\/\/diariotiempo.com.uy\/noticias\/wp-content\/uploads\/2024\/04\/poli-150x150.jpg",150,150,true],"medium":["https:\/\/diariotiempo.com.uy\/noticias\/wp-content\/uploads\/2024\/04\/poli-300x200.jpg",300,200,true],"medium_large":["https:\/\/diariotiempo.com.uy\/noticias\/wp-content\/uploads\/2024\/04\/poli-768x512.jpg",640,427,true],"large":["https:\/\/diariotiempo.com.uy\/noticias\/wp-content\/uploads\/2024\/04\/poli.jpg",640,427,false],"rpg_gallery_admin_thumb":["https:\/\/diariotiempo.com.uy\/noticias\/wp-content\/uploads\/2024\/04\/poli-150x150.jpg",150,150,true],"rpg_gallery_thumb":["https:\/\/diariotiempo.com.uy\/noticias\/wp-content\/uploads\/2024\/04\/poli-150x150.jpg",150,150,true],"1536x1536":["https:\/\/diariotiempo.com.uy\/noticias\/wp-content\/uploads\/2024\/04\/poli.jpg",900,600,false],"2048x2048":["https:\/\/diariotiempo.com.uy\/noticias\/wp-content\/uploads\/2024\/04\/poli.jpg",900,600,false],"covernews-slider-full":["https:\/\/diariotiempo.com.uy\/noticias\/wp-content\/uploads\/2024\/04\/poli.jpg",900,600,false],"covernews-slider-center":["https:\/\/diariotiempo.com.uy\/noticias\/wp-content\/uploads\/2024\/04\/poli-800x500.jpg",800,500,true],"covernews-featured":["https:\/\/diariotiempo.com.uy\/noticias\/wp-content\/uploads\/2024\/04\/poli.jpg",900,600,false],"covernews-medium":["https:\/\/diariotiempo.com.uy\/noticias\/wp-content\/uploads\/2024\/04\/poli-540x340.jpg",540,340,true],"covernews-medium-square":["https:\/\/diariotiempo.com.uy\/noticias\/wp-content\/uploads\/2024\/04\/poli-400x250.jpg",400,250,true]},"author_info":{"display_name":"diario","author_link":"https:\/\/diariotiempo.com.uy\/noticias\/author\/diario\/"},"category_info":"<a href=\"https:\/\/diariotiempo.com.uy\/noticias\/category\/noticia-destacada\/\" rel=\"category tag\">NOTICIA DESTACADA<\/a>","tag_info":"NOTICIA DESTACADA","comment_count":"0","_links":{"self":[{"href":"https:\/\/diariotiempo.com.uy\/noticias\/wp-json\/wp\/v2\/posts\/14447","targetHints":{"allow":["GET"]}}],"collection":[{"href":"https:\/\/diariotiempo.com.uy\/noticias\/wp-json\/wp\/v2\/posts"}],"about":[{"href":"https:\/\/diariotiempo.com.uy\/noticias\/wp-json\/wp\/v2\/types\/post"}],"author":[{"embeddable":true,"href":"https:\/\/diariotiempo.com.uy\/noticias\/wp-json\/wp\/v2\/users\/1"}],"replies":[{"embeddable":true,"href":"https:\/\/diariotiempo.com.uy\/noticias\/wp-json\/wp\/v2\/comments?post=14447"}],"version-history":[{"count":2,"href":"https:\/\/diariotiempo.com.uy\/noticias\/wp-json\/wp\/v2\/posts\/14447\/revisions"}],"predecessor-version":[{"id":14452,"href":"https:\/\/diariotiempo.com.uy\/noticias\/wp-json\/wp\/v2\/posts\/14447\/revisions\/14452"}],"wp:featuredmedia":[{"embeddable":true,"href":"https:\/\/diariotiempo.com.uy\/noticias\/wp-json\/wp\/v2\/media\/14448"}],"wp:attachment":[{"href":"https:\/\/diariotiempo.com.uy\/noticias\/wp-json\/wp\/v2\/media?parent=14447"}],"wp:term":[{"taxonomy":"category","embeddable":true,"href":"https:\/\/diariotiempo.com.uy\/noticias\/wp-json\/wp\/v2\/categories?post=14447"},{"taxonomy":"post_tag","embeddable":true,"href":"https:\/\/diariotiempo.com.uy\/noticias\/wp-json\/wp\/v2\/tags?post=14447"}],"curies":[{"name":"wp","href":"https:\/\/api.w.org\/{rel}","templated":true}]}}