{"id":14486,"date":"2024-04-26T15:26:23","date_gmt":"2024-04-26T15:26:23","guid":{"rendered":"https:\/\/diariotiempo.com.uy\/noticias\/?p=14486"},"modified":"2024-04-26T15:26:24","modified_gmt":"2024-04-26T15:26:24","slug":"sucesion-139","status":"publish","type":"post","link":"https:\/\/diariotiempo.com.uy\/noticias\/2024\/04\/26\/sucesion-139\/","title":{"rendered":"SUCESION"},"content":{"rendered":"\n<p>JUZGADO LETRADO DE PANDO DE 4\u00ba TURNO<\/p>\n\n\n\n<p>EDICTO: Por disposici\u00f3n del Sr\/a. Juez Letrado de Pando de 4\u00b0 Turno, dictada en autos: \u00bb PEREZ DIAZ, DELIA DEL CARMEN &#8211; SUCESI\u00d3N\u00bb IUE 2-24597\/2024, se dispuso la apertura de la sucesi\u00f3n del causante\/s DELIA DEL CARMEN P\u00c9REZ D\u00cdAZ, emplaz\u00e1ndose por edictos a herederos, acreedores y dem\u00e1s interesados para que comparezcan por el t\u00e9rmino de 30 d\u00edas, a deducir en forma sus derechos. Pando, 11 de abril de 2024. Firmado electronicamente por Viviana Karen Rodriguez Ruiz. Actuario Adjunto. 10 Pub. Del 19\/04\/2024 al 6\/05\/2024<\/p>\n\n\n\n<p>JUZGADO LETRADO DE PANDO DE 4\u00ba TURNO<\/p>\n\n\n\n<p>EDICTO: Por disposici\u00f3n del Sr\/a. Juez Letrado de Pando de 4\u00b0 Turno, dictada en autos: \u00bb MATO REY, MARIA &#8211; SUCESI\u00d3N\u00bb IUE 2-13216\/2024, se dispuso la apertura de la sucesi\u00f3n del causante\/s MAR\u00cdA ESTHER MATO REY, emplaz\u00e1ndose por edictos a<\/p>\n\n\n\n<p>herederos, acreedores y dem\u00e1s interesados para que comparezcan por el t\u00e9rmino de 30 d\u00edas, a deducir en forma sus derechos. Pando, 12 de marzo de 2024<\/p>\n\n\n\n<p>Firmado electronicamente por Viviana Karen Rodriguez Ruiz. Actuario Adjunto. 10 Pub. Del 17\/04\/2024 al 2\/05\/2024<\/p>\n\n\n\n<p>JUZGADO LETRADO DE PANDO DE 4\u00ba TURNO<\/p>\n\n\n\n<p>EDICTO: Por disposici\u00f3n del Sr\/a. Juez Letrado de Pando de 4\u00b0 Turno, dictada en autos: \u00bb CAZURIAGA (O CASURIAGA) P\u00c9REZ, ODOMIRA &#8211; SUCESI\u00d3N\u00bb IUE 2-20228\/2024<\/p>\n\n\n\n<p>, se dispuso la apertura de la sucesi\u00f3n del causante\/s ODOMIRA ALDAMIR CAZURIAGA o CASURIAGA P\u00c9REZ, emplaz\u00e1ndose por edictos a herederos, acreedores y dem\u00e1s interesados para que comparezcan por el t\u00e9rmino de 30 d\u00edas, a deducir en forma sus derechos. Pando, 04 de abril de 2024<\/p>\n\n\n\n<p>Firmado electronicamente por Viviana Karen Rodriguez Ruiz. Actuario Adjunto.<\/p>\n\n\n\n<p>10 Publicaciones. Del 16\/04\/2024 al 30\/04\/2024<\/p>\n\n\n\n<p>JUZGADO LETRADO DE PANDO DE 4\u00ba TURNO<\/p>\n\n\n\n<p>EDICTO: Por disposici\u00f3n del Sr\/a. Juez Letrado de Pando de 3\u00b0 Turno, dictada en autos: \u00bb SILVERA ALBA ESTHER Y CHIRIFF DALLEGRI JULIO CESAR. SUCESION. FAMILIA\u00bb IUE 175-473\/2022, se dispuso la apertura de la sucesi\u00f3n del causante\/s Alba ESTHER SILVERA o ALBA SILVERA, o ALBA &nbsp;SILVERA DECHERIFF y JULIO &nbsp;CESAR CHERIFF DALLERGRI, emplaz\u00e1ndose por edictos a herederos, acreedores y dem\u00e1s interesados para que comparezcan por el t\u00e9rmino de 30 d\u00edas, a deducir en forma sus derechos. Pando, 08 de marzo de 2024<\/p>\n\n\n\n<p>Firmado electronicamente por Viviana Karen Rodriguez Ruiz. Actuario Adjunto. 10 Pub. Del 16\/04\/2024 al 30\/04\/2024<\/p>\n\n\n\n<p>JUZGADO LETRADO DE PANDO DE 4\u00ba TURNO<\/p>\n\n\n\n<p>EDICTO: Por disposici\u00f3n del Sr\/a. Juez Letrado de Pando de 4\u00b0 Turno, dictada en autos: \u00bb PE\u00d1A POMBO, BLANCA &#8211; SUCESI\u00d3N\u00bb IUE 2-102183\/2023, se dispuso la apertura de la sucesi\u00f3n del causante\/s BLANCA LILIA PE\u00d1A POMBO, emplaz\u00e1ndose por edictos a herederos, acreedores y dem\u00e1s interesados para que comparezcan por el t\u00e9rmino de 30 d\u00edas, a deducir en forma sus derechos. Pando, 15 de noviembre de 2023<\/p>\n\n\n\n<p>Firmado electronicamente por Viviana Karen Rodriguez Ruiz. Actuario Adjunto. 10 Pub. Del 12\/04\/2024 al 26\/04\/2024<\/p>\n\n\n\n<p>JUZGADO LETRADO DE PANDO DE 4\u00ba TURNO<\/p>\n\n\n\n<p>EDICTO: Por disposici\u00f3n del Sr\/a. Juez Letrado de Pando de 4\u00b0 Turno, dictada en autos: \u00bb ESPINO CABRERA, JUAN &#8211; SUCESI\u00d3N\u00bb IUE 2-29459\/2023, se dispuso la apertura de la sucesi\u00f3n del causante\/s JUAN ESPINO CABRERA, emplaz\u00e1ndose por edictos a herederos, acreedores y dem\u00e1s interesados para que comparezcan por el t\u00e9rmino de 30 d\u00edas, a deducir en forma sus derechos. Pando, 09 de mayo de 2023<\/p>\n\n\n\n<p>Firmado electronicamente por Viviana Karen Rodriguez Ruiz. Actuario Adjunto. 10 Pub. Del 12\/04\/2024 al 26\/04\/2024<\/p>\n\n\n\n<p>JUZGADO LETRADO DE PANDO DE 4\u00ba TURNO<\/p>\n\n\n\n<p>EDICTO: Por disposici\u00f3n del Sr\/a. Juez Letrado de Pando de 4\u00b0 Turno, dictada en autos: \u00bb GONZALEZ AMBROSIO, VICENTA &#8211; SUCESI\u00d3N\u00bb IUE 2-102197\/2023, se dispuso la apertura de la sucesi\u00f3n del causante\/s VICENTA HILDA GONZ\u00c1LEZ AMBROSIO , emplaz\u00e1ndose por edictos a herederos, acreedores y dem\u00e1s interesados para que comparezcan por el t\u00e9rmino de 30 d\u00edas, a deducir en forma sus derechos. Pando, 20 de noviembre de 2023.<\/p>\n\n\n\n<p>Firmado electronicamente por Viviana Karen Rodriguez Ruiz. Actuario Adjunto. 10 Pub. Del 12\/04\/2024 al 26\/04\/2024<\/p>\n\n\n\n<p>DIVORCIO<\/p>\n\n\n\n<p>JUZGADO LETRADO DE TOLEDO DE 2\u00ba TURNO<\/p>\n\n\n\n<p>EDICTO:Por disposici\u00f3n del Sr\/a. Juez Letrado de Toledo de 2\u00b0 Turno, dictada en autos caratulados: \u00abMOTTA ROIG, MARIA c\/ PRESA GOMEZ, PABLO &#8211; DIVORCIO POR SOLA VOLUNTAD\u00bb, IUE 2-13848\/2024, se cita, llama y emplaza para que comparezca a estar a derecho en estos autos, en el plazo de 60 d\u00edas al\/a Sr\/a. PABLO LEANDRO PRESA G\u00d3MEZ bajo apercibimiento de designarle Defensor de Oficio en caso de no comparecer, con quien se continuar\u00e1n estos procedimientos. Se deja constancia que las presentes actuaciones son patrocinadas por Defensor\u00eda de Oficio. Toledo, 12 de marzo de 2024.<\/p>\n\n\n\n<p>Firmado electronicamente por Tania Amesti Dur\u00e1n. Administrativo IV Colaboraci\u00f3nc argo: Actuario Adjunto &nbsp;10 Pub. Del 25\/04\/2024 al 9\/05\/2024<\/p>\n\n\n\n<p>RECONOCIMIENTO DE UNI\u00d3N CONCUBINARIA<\/p>\n\n\n\n<p>JUZGADO LETRADO DE ATL\u00c1NTIDA DE 2\u00ba TURNO<\/p>\n\n\n\n<p>EDICTO: Por disposici\u00f3n del Sr\/a. Juez Letrado de Pando Por disposici\u00f3n del Sr\/a. Juez Letrado de Atl\u00e1ntida de 2\u00b0 Turno, dictada en autos: \u00bb MOLINA ACEVEDO, MARIELA &#8211; RECONOCIMIENTO JUDICIAL DE UNI\u00d3N CONCUBINARIA\u00bb IUE 2-54592\/2023, se dispuso emplazar por edictos a MARIBEL VIERA MORENO, a estar a derecho en el presente proceso en el t\u00e9rmino de 60 d\u00edas , bajo apercibimiento de designarles defensor de oficio. Se deja constancia de que el presente goza del beneficio de Auxiliatoria de pobreza. Atl\u00e1ntida, 01 de abril de 2024<\/p>\n\n\n\n<p>Firmado electronicamente por Andrea Prattes Diez. Actuario. 10 Pub. Del 12\/04\/2024 al 26\/04\/2024<\/p>\n\n\n\n<p>RATIFICACI\u00d3N DE<\/p>\n\n\n\n<p>&nbsp;TENENCIA<\/p>\n\n\n\n<p>JUZGADO LETRADO DE TOLEDO DE 1\u00ba TURNO<\/p>\n\n\n\n<p>EDICTO: Por disposici\u00f3n del Sr\/a. Juez Letrado de Toledo de 1\u00b0 Turno, dictada en autos: \u00bb CACERES GARCIA, ANA c\/ CUELLO ARROYO, MIGUEL &#8211; PENSI\u00d3N ALIMENTICIA Y RATIFICACION DE TENENCIA-\u00bb IUE 2-5001\/2024, se cita, llama y emplaza a MIGUEL ANGEL CUELLO ARROYO por el t\u00e9rmino de 90 d\u00edas a efectos de comparecer a estar a derecho en el presente proceso, bajo apercibimiento de design\u00e1rsele Defensor de Oficio, con quien se seguir\u00e1n las actuaciones. Se deja constancia que las presentes actuaciones son patrocinadas por Defensor\u00eda de Oficio. Toledo, 16 de abril de 2024<\/p>\n\n\n\n<p>Firmado electronicamente por Tania Amesti Duran. Administrativo IV, Colaboraci\u00f3n Cargo: Actuario Adjunto. 10 Pub. Del 18\/04\/2024 al 3\/05\/2024<\/p>\n\n\n\n<p>JUZGADO LETRADO DE TOLEDO DE 1\u00ba TURNO<\/p>\n\n\n\n<p>EDICTO: Por disposici\u00f3n del Sr\/a. Juez Letrado de Toledo de 1\u00b0 Turno, dictada en autos: \u00abECHAGUE, NANCY &#8211; RATIFICACI\u00d3N DE TENENCIA\u00bb IUE 2-113440\/2023, se cita, llama y emplaza a FEDERICO NICOLAS MENESES CI 47211674 por el t\u00e9rmino de 90 d\u00edas a efectos de comparecer a estar a derecho en el presente proceso, bajo apercibimiento de design\u00e1rsele Defensor de Oficio, con quien se seguir\u00e1n las actuaciones. Se deja constancia que las presentes actuaciones son patrocinadas por Defensor\u00eda de Oficio. Toledo, 12 de diciembre de 2023<\/p>\n\n\n\n<p>Firmado electronicamente por Florencia Maria Bonino Reig. Actuario. 10 Pub. Del 12\/04\/2024 al 26\/04\/2024<\/p>\n\n\n\n<p>PRESCRIPCI\u00d3N<\/p>\n\n\n\n<p>ADQUISITIVA<\/p>\n\n\n\n<p>JUZGADO LETRADO DE 5\u00ba TURNO DE CIUDAD<\/p>\n\n\n\n<p>DE LA COSTA<\/p>\n\n\n\n<p>EDICTO: Por disposici\u00f3n del Sr\/a. Juez Letrado de Ciudad de la Costa de 5\u00b0 Turno, dictada en autos: \u00abSAN MARTIN ROCHA, DANTE CASTELAR PRESCRIPCION ADQUISITIVA CIVIL\u00bb IUE 467-20\/2022, y seg\u00fan providencia No 2560\/2022 de fecha 10 de Agosto de 2022, se CITA, LLAMA, EMPLAZA por el t\u00e9rmino de NOVENTA D\u00cdAS a todos los que se consideren con derechos, sobre el bien inmueble Padr\u00f3n No 13036, ubicado en el Dpto. De Canelones- Localidad Catastral Ciudad de la Costa, Carpeta Catastral 3, Manzana Catastral 44, que seg\u00fan el Plano de mensura &#8211; Prescripci\u00f3n- del Ingeniero Agrimensor Daniel Garcia Ravera de Setiembre de 2020, inscripto en la Direcci\u00f3n Nacional de Catastro \u2013 Registro Provisorio- Oficina<\/p>\n\n\n\n<p>Delegada de Ciudad de la Costa con el n\u00famero 1143 el 29\/09\/2020, consta de una superficie de 749 metros cuadrados, con 71 dec\u00edmetros cuadrados que se deslindan de la siguiente manera: 6 metros de frente al Noreste a la calle J. William, 23 metros al Sureste tambi\u00e9n de frente por ser esquina con la calle Avenida James Summers, uniendo ambos frentes ochava curva de 23 metros cincuenta y seis dec\u00edmetros de di\u00e1metro, 21 metros al Suroeste lindando con parte del padr\u00f3n n\u00famero 13.035 y 38 metros al Noroeste lindando con el padr\u00f3n 11.854. En especial a los \u00faltimos titulares o sus sucesores a t\u00edtulo universal, a Alberto Pastorino Viazzi y Amalia Garc\u00eda, y a los lindeeros del Padr\u00f3n 13.035 sucesores Garc\u00eda Capurro, bajo apercibimiento de nombr\u00e1rseles defensor de Oficio con qui\u00e9n se seguir\u00e1n estas actuaciones. Ciudad de la Costa, 04 de noviembre de 2022<\/p>\n\n\n\n<p>Firmado electronicamente por Carina Paola Ascheri Bene Actuario Adjunto. 10 Pub. Del 17\/04\/2024 al 02\/05\/2024<\/p>\n\n\n\n<p>OBLACI\u00d3N Y<\/p>\n\n\n\n<p>CONSIGNACI\u00d3N<\/p>\n\n\n\n<p>JUZGADO DE PAZ<\/p>\n\n\n\n<p>DEPARTAMENTAL DE CIUDAD DE LA COSTA<\/p>\n\n\n\n<p>DE 2\u00ba TURNO<\/p>\n\n\n\n<p>EDICTO: Por disposici\u00f3n del Sr\/a. Juez de Paz Departamental de Ciudad de la Costa de 2\u00b0 Turno, dictada en autos caratulados: \u00abOBRAS SANITARIAS DEL ESTADO &#8211; OBLACI\u00d3N Y CONSIGNACION\u00bb, IUE 2-113130\/2023, se dispuso notificar a EVENTUALES PEOPIETARIOS A CUALQUIER TITULO, POSEEDORES Y\/O TITULARES DE ALGUN DERECHO SOBRE EL INMUEBLE 36612 (p) UBICADO EN LA LOCALIDAD CATASTRAL DE C. DE LA COSTA, CANELONES, del decreto N\u00b0 2766 de fecha 23\/11\/2023 que se transcribe: \u00abHAGASE LUGAR NOTIFICANDOSE A LOS DEMANDADOS A COMPARECER A FIJAR DOMICILIO Y ESTAR A DERECHO EN UN PLAZO DE 30 DIAS BAJO APERCIBIMIENTO DE TENERSELOS POR CONSTITUIDOS EN LOS ESTRADOS (ART. 71.1 DEL CGP). AL PETITORIO 2, HAGASE LUGAR EMPLAZANDOSE POR EDICTOS POR EL TERMINO DE 90 DIAS, CONFORME SE SOLICITA BAJO APERCIBIMIENTO DE DESIGNARSE DEFENSOR DE OFICIO.\u00bb. Ciudad de la Costa, 08 de marzo de 2024.<\/p>\n\n\n\n<p>Firmado electronicamente por Valentin Jose Leunda L\u00f3pez 10 Pub. Del 24\/04\/2024 al 08\/05\/2024<\/p>\n\n\n\n<p>EXPROPIACI\u00d3N<\/p>\n\n\n\n<p>JUZGADO LETRADO DEATL\u00c1NTIDA DE 2\u00ba TURNO<\/p>\n\n\n\n<p>EDICTO:Por disposici\u00f3n del<\/p>\n\n\n\n<p>Sr\/a. Juez Letrado de Atl\u00e1ntida de 2\u00b0 Turno, dictada en autos: \u00abOSEDEMANDA DE EXPROPIACION\u00bb IUE 526-300\/2022, Se hace saber que con fecha 5\/09\/2022 se present\u00f3 ante esta Sede la ADMINISTRACI\u00d2N DE LAS OBRAS SANITARIAS DEL ESTADO (OSE) Promoviendo proceso de toma urgente de<\/p>\n\n\n\n<p>posesi\u00f2n de la fracci\u00f2n de terreno Padr\u00f2n 771 ubicado en la Localidad Catastral de Santa Ana Departamento de Canelones que conforme al plano de Mensura de la Ingeniera Magal\u00ec Martinez, inscripto en la Direcci\u00f2n Nacional de Catastro (Oficina Delegada de la Ciudad de la Costa) con el N\u00ba 3165 el 8\/06\/2021, tiene una superficie afectada de 353 m2 70 dm2 y se deslinda de la siguiente manera: al Norte 20 m 45 cm de frente a la calle N\u00ba 22; al Este 11 m 45 cm tambi\u00e8n de frente a la calle 2, uniendo ambos frentes ochava recta de 5 m de desarrollo; al Sur 24 m lindando con el padr\u00f2n N\u00ba 772 y al Oeste 15 m lindando con el Padr\u00f2n 770. Por resoluci\u00f3n N\u00ba 1651\/2023 de fecha 14\/08\/2023 se CITE, LLAME y EMPLACE a los PROPIETARIOS<\/p>\n\n\n\n<p>DE LOS PREDIOS LINDEROS y en especial al \u00f9ltimo titular registral del mismo ANTONIO BLANCO, sus sucesores, y a TODOS LOS CREAN VULNERADOS SUS DERECHOS por el t\u00e9rmino de 60 d\u00edas a efectos de comparecer a estar a derecho en el presente proceso, bajo apercibimiento de designarsele Defensor de Oficio, con quien se seguir\u00e1n las actuaciones. Atl\u00e1ntida, 20 de octubre de 2023<\/p>\n\n\n\n<p>Firmado electronicamente por Andrea Prattes Diez Actuario 10 Pub. Del 25\/04\/2024 al 9\/05\/2024<\/p>\n\n\n\n<p>MATRIMONIO<\/p>\n\n\n\n<p>Se publican los edictos de matrimonio de las distintas oficinas de Registro Civil a los efectos de que los que supieren alg\u00fan impedimento para los matrimonios proyectados denuncien por escrito haciendo conocer las causas ante las oficinas respectivas.<\/p>\n\n\n\n<p>CIUDAD DE LACOSTA<\/p>\n\n\n\n<p>OFICINA N\u00ba 14<\/p>\n\n\n\n<p>En Solymar Canelones el d\u00eda 11 de marzo de 2024 a las 12:45 horas FACUNDO MARTIN &nbsp;MANSILLA &nbsp;MALDONADO cedula de identidad 50016530 nacido\/a en Uruguay de nacionalidad uruguayo de 28 a\u00f1os de edad de estado civil &nbsp;soltero &nbsp;de profesi\u00f3n jardinero domiciliado en San Juan 50, Paso Carrasco, Canelones MELANY MICAELA FERNANDEZ FERNANDEZ cedula de identidad 53100083 nacido\/a en Uruguay de nacionalidad uruguaya de 23 a\u00f1os de edad de estado civil soltera de profesi\u00f3n dom\u00e9stica, domiciliada en San Juan 50, Paso Carrasco, Canelones. Oficial de Estado Civil. &nbsp;Ana Maria Vera Gonzalez. 3 Pub. Del 23\/04\/2024 al 25\/04\/2024<\/p>\n\n\n\n<p>PANDO<\/p>\n\n\n\n<p>OFICINA N\u00ba 418<\/p>\n\n\n\n<p>En Pando Canelones el d\u00eda 23 de abril de 2024 a las 14:55 horas ALEXANDRA NOELIA SILVA RODRIGUEZ cedula de identidad 46954411 nacido\/a en Uruguay de nacionalidad uruguaya de 40 a\u00f1os de edad de estado civil &nbsp;divorciada &nbsp;de profesi\u00f3n empleada domiciliada en Dr. Correch 1267, Pando, Canelones C\u00c9SAR ADRI\u00c1N DUR\u00c1N AIRAUDO cedula de identidad 32017875 nacido\/a en Uruguay de nacionalidad uruguayo de 41 a\u00f1os de edad de estado civil divorciado de profesi\u00f3n camionero, domiciliado en Dr. Correch 1267, Pando, Canelones. Oficial de Estado Civil. &nbsp;Marcelo Curbelo. 3 Pub. Del 25\/04\/2024 al 29\/04\/2024<\/p>\n\n\n\n<p>En Pando Canelones el d\u00eda 23 de abril de 2024 a las 12:32 horas CLAUDIO ANDR\u00c9S DUARTE PEREIRA cedula de identidad 34336217 nacido\/a en Uruguay de nacionalidad uruguayo de 41 a\u00f1os de edad de estado civil &nbsp;soltero &nbsp;de profesi\u00f3n empleado domiciliado en 18 de Julio 1232, Pando, Canelones MAR\u00cdA JOS\u00c9 LAUREIRO GONZ\u00c1LEZ cedula de identidad 43829934 nacido\/a en Uruguay de nacionalidad uruguaya de 45 a\u00f1os de edad de estado civil soltera de profesi\u00f3n empleada, domiciliada en 18 de Julio 1232 Pando, Canelones. Oficial de Estado Civil. &nbsp;Marcelo Curbelo. 3 Pub. Del 25\/04\/2024 al 29\/04\/2024<\/p>\n","protected":false},"excerpt":{"rendered":"<p>JUZGADO LETRADO DE PANDO DE 4\u00ba TURNO EDICTO: Por disposici\u00f3n del Sr\/a. Juez Letrado de&#8230;<\/p>\n","protected":false},"author":1,"featured_media":1819,"comment_status":"closed","ping_status":"closed","sticky":false,"template":"","format":"standard","meta":{"_monsterinsights_skip_tracking":false,"_monsterinsights_sitenote_active":false,"_monsterinsights_sitenote_note":"","_monsterinsights_sitenote_category":0,"footnotes":""},"categories":[27],"tags":[],"class_list":["post-14486","post","type-post","status-publish","format-standard","has-post-thumbnail","hentry","category-edictos"],"featured_image_urls":{"full":["https:\/\/diariotiempo.com.uy\/noticias\/wp-content\/uploads\/2021\/09\/judicial.jpg",800,416,false],"thumbnail":["https:\/\/diariotiempo.com.uy\/noticias\/wp-content\/uploads\/2021\/09\/judicial-150x150.jpg",150,150,true],"medium":["https:\/\/diariotiempo.com.uy\/noticias\/wp-content\/uploads\/2021\/09\/judicial-300x156.jpg",300,156,true],"medium_large":["https:\/\/diariotiempo.com.uy\/noticias\/wp-content\/uploads\/2021\/09\/judicial-768x399.jpg",640,333,true],"large":["https:\/\/diariotiempo.com.uy\/noticias\/wp-content\/uploads\/2021\/09\/judicial.jpg",640,333,false],"rpg_gallery_admin_thumb":["https:\/\/diariotiempo.com.uy\/noticias\/wp-content\/uploads\/2021\/09\/judicial.jpg",150,78,false],"rpg_gallery_thumb":["https:\/\/diariotiempo.com.uy\/noticias\/wp-content\/uploads\/2021\/09\/judicial.jpg",150,78,false],"1536x1536":["https:\/\/diariotiempo.com.uy\/noticias\/wp-content\/uploads\/2021\/09\/judicial.jpg",800,416,false],"2048x2048":["https:\/\/diariotiempo.com.uy\/noticias\/wp-content\/uploads\/2021\/09\/judicial.jpg",800,416,false],"covernews-slider-full":["https:\/\/diariotiempo.com.uy\/noticias\/wp-content\/uploads\/2021\/09\/judicial.jpg",800,416,false],"covernews-slider-center":["https:\/\/diariotiempo.com.uy\/noticias\/wp-content\/uploads\/2021\/09\/judicial.jpg",800,416,false],"covernews-featured":["https:\/\/diariotiempo.com.uy\/noticias\/wp-content\/uploads\/2021\/09\/judicial.jpg",800,416,false],"covernews-medium":["https:\/\/diariotiempo.com.uy\/noticias\/wp-content\/uploads\/2021\/09\/judicial-540x340.jpg",540,340,true],"covernews-medium-square":["https:\/\/diariotiempo.com.uy\/noticias\/wp-content\/uploads\/2021\/09\/judicial-400x250.jpg",400,250,true]},"author_info":{"display_name":"diario","author_link":"https:\/\/diariotiempo.com.uy\/noticias\/author\/diario\/"},"category_info":"<a href=\"https:\/\/diariotiempo.com.uy\/noticias\/category\/publicaciones\/edictos\/\" rel=\"category tag\">Edictos<\/a>","tag_info":"Edictos","comment_count":"0","_links":{"self":[{"href":"https:\/\/diariotiempo.com.uy\/noticias\/wp-json\/wp\/v2\/posts\/14486","targetHints":{"allow":["GET"]}}],"collection":[{"href":"https:\/\/diariotiempo.com.uy\/noticias\/wp-json\/wp\/v2\/posts"}],"about":[{"href":"https:\/\/diariotiempo.com.uy\/noticias\/wp-json\/wp\/v2\/types\/post"}],"author":[{"embeddable":true,"href":"https:\/\/diariotiempo.com.uy\/noticias\/wp-json\/wp\/v2\/users\/1"}],"replies":[{"embeddable":true,"href":"https:\/\/diariotiempo.com.uy\/noticias\/wp-json\/wp\/v2\/comments?post=14486"}],"version-history":[{"count":1,"href":"https:\/\/diariotiempo.com.uy\/noticias\/wp-json\/wp\/v2\/posts\/14486\/revisions"}],"predecessor-version":[{"id":14487,"href":"https:\/\/diariotiempo.com.uy\/noticias\/wp-json\/wp\/v2\/posts\/14486\/revisions\/14487"}],"wp:featuredmedia":[{"embeddable":true,"href":"https:\/\/diariotiempo.com.uy\/noticias\/wp-json\/wp\/v2\/media\/1819"}],"wp:attachment":[{"href":"https:\/\/diariotiempo.com.uy\/noticias\/wp-json\/wp\/v2\/media?parent=14486"}],"wp:term":[{"taxonomy":"category","embeddable":true,"href":"https:\/\/diariotiempo.com.uy\/noticias\/wp-json\/wp\/v2\/categories?post=14486"},{"taxonomy":"post_tag","embeddable":true,"href":"https:\/\/diariotiempo.com.uy\/noticias\/wp-json\/wp\/v2\/tags?post=14486"}],"curies":[{"name":"wp","href":"https:\/\/api.w.org\/{rel}","templated":true}]}}