{"id":14496,"date":"2024-04-29T15:24:31","date_gmt":"2024-04-29T15:24:31","guid":{"rendered":"https:\/\/diariotiempo.com.uy\/noticias\/?p=14496"},"modified":"2024-04-29T15:24:32","modified_gmt":"2024-04-29T15:24:32","slug":"inefop-abrio-inscripciones-paracursos-de-ingles-en-todo-el-pais","status":"publish","type":"post","link":"https:\/\/diariotiempo.com.uy\/noticias\/2024\/04\/29\/inefop-abrio-inscripciones-paracursos-de-ingles-en-todo-el-pais\/","title":{"rendered":"Inefop abri\u00f3 inscripciones paracursos de Ingl\u00e9s en todo el pa\u00eds"},"content":{"rendered":"\n<figure class=\"wp-block-image size-full\"><img loading=\"lazy\" decoding=\"async\" width=\"900\" height=\"656\" src=\"https:\/\/diariotiempo.com.uy\/noticias\/wp-content\/uploads\/2024\/04\/a.jpg\" alt=\"\" class=\"wp-image-14497\" srcset=\"https:\/\/diariotiempo.com.uy\/noticias\/wp-content\/uploads\/2024\/04\/a.jpg 900w, https:\/\/diariotiempo.com.uy\/noticias\/wp-content\/uploads\/2024\/04\/a-300x219.jpg 300w, https:\/\/diariotiempo.com.uy\/noticias\/wp-content\/uploads\/2024\/04\/a-768x560.jpg 768w\" sizes=\"auto, (max-width: 900px) 100vw, 900px\" \/><\/figure>\n\n\n\n<p>La segunda edici\u00f3n del Programa Nacional de Ingl\u00e9s es una iniciativa impulsada por el Instituto Nacional de Empleo y Formaci\u00f3n Profesional (Inefop) para personas en seguro de desempleo, desempleadas o en actividad, de entre 18 y 65 a\u00f1os, sin costo para los participantes. Adem\u00e1s, el programa incluye subsidio a empresas para la capacitaci\u00f3n de sus empleados. Las postulaciones est\u00e1n abiertas hasta el viernes 31 de mayo.<\/p>\n\n\n\n<p>Mesa de autoridades de Inefop y de las organizaciones participantes de la iniciativa<\/p>\n\n\n\n<p>Participaron en el lanzamiento, este jueves 25 en Inefop, el gerente general del organismo, Pablo Darscht, y los directores: Ismael Fuentes, por el PIT-CNT; Gerardo Garbarino, por la C\u00e1mara de Industrias del Uruguay (CIU) y Alicia Maneiro, por las empresas de la econom\u00eda social.<\/p>\n\n\n\n<p>El Programa Nacional de Ingl\u00e9s pretende facilitar el acceso a la formaci\u00f3n en este idioma en todo el territorio nacional. Mediante la iniciativa, los interesados pueden acceder a cursos de nivel y de conversaci\u00f3n en instituciones de renombre seleccionadas por Inefop. ?<\/p>\n\n\n\n<p>Podr\u00e1n participar personas en seguro de desempleo, desempleadas o en actividad de entre 18 y 65 a\u00f1os que sean ciudadanas o residentes con c\u00e9dula de identidad vigente, y cuyos ingresos no superen las 15 bases de prestaciones contributivas (BPC), lo que equivale a 92.655 pesos nominales.<\/p>\n\n\n\n<p>Adem\u00e1s, los cursos son gratuitos para quienes se postulen y, en el caso de las empresas, el programa ofrece subsidios de hasta 24.480 pesos por participante en cursos de nivel, y 14.000 pesos en cursos de conversaci\u00f3n.<\/p>\n\n\n\n<p>\u201cEs un programa que se encuadra dentro del desarrollo de competencias para la empleabilidad; principal eje estrat\u00e9gico del instituto\u201d, explic\u00f3 Darscht, en di\u00e1logo con Comunicaci\u00f3n Presidencial.<\/p>\n\n\n\n<p>Detall\u00f3 que luego de inscribirse los interesados deben realizar una prueba para determinar su nivel. En cuanto al presupuesto, hay una previsi\u00f3n que permitir\u00e1 que casi 4.000 personas, de forma individual, puedan acceder a los diferentes niveles de capacitaciones.<\/p>\n\n\n\n<p>Tambi\u00e9n se refiri\u00f3 al apoyo para las empresas que deseen ofrecer cursos de ingl\u00e9s a sus funcionarios, generalmente orientados al \u00e1rea de trabajo. En ese sentido, indic\u00f3 que se trata de unos 1.000 los empleados que podr\u00e1n acceder mediante esa modalidad. &nbsp;<\/p>\n\n\n\n<p>\u201cUruguay es un pa\u00eds que cada vez m\u00e1s ofrece servicios al mundo, y el mundo habla en ingl\u00e9s\u201d, expres\u00f3 Darscht, y a\u00f1adi\u00f3 que se trata de una herramienta fundamental para el sector laboral, de negocios y tur\u00edstico.<\/p>\n\n\n\n<p>El objetivo del programa, que se implementa desde el 2023, es visualizar al ingl\u00e9s como competencia fundamental en el desempe\u00f1o laboral. Adem\u00e1s, contribuye a la optimizaci\u00f3n de las condiciones de empleabilidad y facilita el acceso a mejores puestos de trabajo.<\/p>\n\n\n\n<p>Por otra parte, indic\u00f3 que el crecimiento comercial de las empresas y el desarrollo de nuevos mercados internacionales requiere que el personal cuente con el manejo fluido de un segundo idioma que asegure una comunicaci\u00f3n efectiva, oral y escrita.<\/p>\n\n\n\n<p>Las postulaciones a las cursos estar\u00e1n abiertas hasta el 31 de mayo a trav\u00e9s de: <a href=\"https:\/\/www.inefop.uy\/programa-ingles\">https:\/\/www.inefop.uy\/programa-ingles<\/a><\/p>\n","protected":false},"excerpt":{"rendered":"<p>La segunda edici\u00f3n del Programa Nacional de Ingl\u00e9s es una iniciativa impulsada por el Instituto&#8230;<\/p>\n","protected":false},"author":1,"featured_media":14497,"comment_status":"closed","ping_status":"closed","sticky":false,"template":"","format":"standard","meta":{"_monsterinsights_skip_tracking":false,"_monsterinsights_sitenote_active":false,"_monsterinsights_sitenote_note":"","_monsterinsights_sitenote_category":0,"footnotes":""},"categories":[11],"tags":[],"class_list":["post-14496","post","type-post","status-publish","format-standard","has-post-thumbnail","hentry","category-noticia-destacada"],"featured_image_urls":{"full":["https:\/\/diariotiempo.com.uy\/noticias\/wp-content\/uploads\/2024\/04\/a.jpg",900,656,false],"thumbnail":["https:\/\/diariotiempo.com.uy\/noticias\/wp-content\/uploads\/2024\/04\/a-150x150.jpg",150,150,true],"medium":["https:\/\/diariotiempo.com.uy\/noticias\/wp-content\/uploads\/2024\/04\/a-300x219.jpg",300,219,true],"medium_large":["https:\/\/diariotiempo.com.uy\/noticias\/wp-content\/uploads\/2024\/04\/a-768x560.jpg",640,467,true],"large":["https:\/\/diariotiempo.com.uy\/noticias\/wp-content\/uploads\/2024\/04\/a.jpg",640,466,false],"rpg_gallery_admin_thumb":["https:\/\/diariotiempo.com.uy\/noticias\/wp-content\/uploads\/2024\/04\/a-150x150.jpg",150,150,true],"rpg_gallery_thumb":["https:\/\/diariotiempo.com.uy\/noticias\/wp-content\/uploads\/2024\/04\/a-150x150.jpg",150,150,true],"1536x1536":["https:\/\/diariotiempo.com.uy\/noticias\/wp-content\/uploads\/2024\/04\/a.jpg",900,656,false],"2048x2048":["https:\/\/diariotiempo.com.uy\/noticias\/wp-content\/uploads\/2024\/04\/a.jpg",900,656,false],"covernews-slider-full":["https:\/\/diariotiempo.com.uy\/noticias\/wp-content\/uploads\/2024\/04\/a.jpg",900,656,false],"covernews-slider-center":["https:\/\/diariotiempo.com.uy\/noticias\/wp-content\/uploads\/2024\/04\/a-800x500.jpg",800,500,true],"covernews-featured":["https:\/\/diariotiempo.com.uy\/noticias\/wp-content\/uploads\/2024\/04\/a.jpg",900,656,false],"covernews-medium":["https:\/\/diariotiempo.com.uy\/noticias\/wp-content\/uploads\/2024\/04\/a-540x340.jpg",540,340,true],"covernews-medium-square":["https:\/\/diariotiempo.com.uy\/noticias\/wp-content\/uploads\/2024\/04\/a-400x250.jpg",400,250,true]},"author_info":{"display_name":"diario","author_link":"https:\/\/diariotiempo.com.uy\/noticias\/author\/diario\/"},"category_info":"<a href=\"https:\/\/diariotiempo.com.uy\/noticias\/category\/noticia-destacada\/\" rel=\"category tag\">NOTICIA DESTACADA<\/a>","tag_info":"NOTICIA DESTACADA","comment_count":"0","_links":{"self":[{"href":"https:\/\/diariotiempo.com.uy\/noticias\/wp-json\/wp\/v2\/posts\/14496","targetHints":{"allow":["GET"]}}],"collection":[{"href":"https:\/\/diariotiempo.com.uy\/noticias\/wp-json\/wp\/v2\/posts"}],"about":[{"href":"https:\/\/diariotiempo.com.uy\/noticias\/wp-json\/wp\/v2\/types\/post"}],"author":[{"embeddable":true,"href":"https:\/\/diariotiempo.com.uy\/noticias\/wp-json\/wp\/v2\/users\/1"}],"replies":[{"embeddable":true,"href":"https:\/\/diariotiempo.com.uy\/noticias\/wp-json\/wp\/v2\/comments?post=14496"}],"version-history":[{"count":1,"href":"https:\/\/diariotiempo.com.uy\/noticias\/wp-json\/wp\/v2\/posts\/14496\/revisions"}],"predecessor-version":[{"id":14498,"href":"https:\/\/diariotiempo.com.uy\/noticias\/wp-json\/wp\/v2\/posts\/14496\/revisions\/14498"}],"wp:featuredmedia":[{"embeddable":true,"href":"https:\/\/diariotiempo.com.uy\/noticias\/wp-json\/wp\/v2\/media\/14497"}],"wp:attachment":[{"href":"https:\/\/diariotiempo.com.uy\/noticias\/wp-json\/wp\/v2\/media?parent=14496"}],"wp:term":[{"taxonomy":"category","embeddable":true,"href":"https:\/\/diariotiempo.com.uy\/noticias\/wp-json\/wp\/v2\/categories?post=14496"},{"taxonomy":"post_tag","embeddable":true,"href":"https:\/\/diariotiempo.com.uy\/noticias\/wp-json\/wp\/v2\/tags?post=14496"}],"curies":[{"name":"wp","href":"https:\/\/api.w.org\/{rel}","templated":true}]}}