{"id":14637,"date":"2024-05-14T15:22:32","date_gmt":"2024-05-14T15:22:32","guid":{"rendered":"https:\/\/diariotiempo.com.uy\/noticias\/?p=14637"},"modified":"2024-05-14T15:22:33","modified_gmt":"2024-05-14T15:22:33","slug":"las-inundaciones-en-brasil-afectan-a-mas-de-17-millones-de-personas","status":"publish","type":"post","link":"https:\/\/diariotiempo.com.uy\/noticias\/2024\/05\/14\/las-inundaciones-en-brasil-afectan-a-mas-de-17-millones-de-personas\/","title":{"rendered":"Las inundaciones en Brasil afectan a m\u00e1s de 1,7 millones de personas"},"content":{"rendered":"\n<figure class=\"wp-block-image aligncenter size-full\"><img loading=\"lazy\" decoding=\"async\" width=\"841\" height=\"530\" src=\"https:\/\/diariotiempo.com.uy\/noticias\/wp-content\/uploads\/2024\/05\/brasil.jpg\" alt=\"\" class=\"wp-image-14638\" srcset=\"https:\/\/diariotiempo.com.uy\/noticias\/wp-content\/uploads\/2024\/05\/brasil.jpg 841w, https:\/\/diariotiempo.com.uy\/noticias\/wp-content\/uploads\/2024\/05\/brasil-300x189.jpg 300w, https:\/\/diariotiempo.com.uy\/noticias\/wp-content\/uploads\/2024\/05\/brasil-768x484.jpg 768w, https:\/\/diariotiempo.com.uy\/noticias\/wp-content\/uploads\/2024\/05\/brasil-540x340.jpg 540w\" sizes=\"auto, (max-width: 841px) 100vw, 841px\" \/><\/figure>\n\n\n\n<p>Las fuertes lluvias, vientos y fr\u00edo han devastado el sur del pa\u00eds sudamericano dejando al menos 107 muertos y m\u00e1s de 130 desaparecidos. El organismo para los refugiados colabora con las autoridades locales en la evaluaci\u00f3n de las necesidades y la distribuci\u00f3n de suministros esenciales. Seg\u00fan los meteor\u00f3logos, las precipitaciones continuar\u00e1 durante el fin de semana.<\/p>\n\n\n\n<p>Las lluvias torrenciales que azotan el sur de Brasil desde finales de abril provocando crecidas de los r\u00edos en el estado de R\u00edo Grande del Sur han causado inundaciones en ciudades y zonas densamente pobladas, dejando m\u00e1s de un centenar de muertos, otros tantos desaparecidos y siniestrando a m\u00e1s de 1,7 millones de personas.<\/p>\n\n\n\n<p>La Agencia de la ONU para los Refugiados (ACNUR) trabaja con las autoridades federales, estatales y municipales, as\u00ed como con organismos humanitarios de Brasil para mitigar el grave impacto de estos fen\u00f3menos meteorol\u00f3gicos extremos debidos en gran parte al cambio clim\u00e1tico y exacerbados por el actual episodio de El Ni\u00f1o.<\/p>\n\n\n\n<p>Hasta el momento, las cifras oficiales dan cuenta de 107 fallecidos y 134 desaparecidos, adem\u00e1s de cuantiosas p\u00e9rdidas materiales.<\/p>\n\n\n\n<p>El portavoz en Ginebra de ACNUR explic\u00f3 que el personal de esa dependencia colabora con las autoridades en la evaluaci\u00f3n de las necesidades de la poblaci\u00f3n afectada y en la distribuci\u00f3n de insumos de ayuda como mantas y colchones para paliar el fr\u00edo y los vientos del oto\u00f1o austral.<\/p>\n\n\n\n<p>Entre los siniestrados hay unos 41.000 refugiados<\/p>\n\n\n\n<p>En conferencia de prensa, William Spindler indic\u00f3 que entre los afectados se incluyen unos 41.000 refugiados y otras personas que necesitan protecci\u00f3n internacional, incluidos muchos venezolanos y haitianos que viven en las zonas de desastre, a algunas de las cuales s\u00f3lo se puede llegar en barco.<\/p>\n\n\n\n<p>Seg\u00fan los datos gubernamentales, en R\u00edo Grande del Sul viven m\u00e1s de 21.000 venezolanos que fueron reubicados ah\u00ed en abril de 2018 desde el estado de Roraima, en la frontera norte del pa\u00eds con Venezuela.<\/p>\n\n\n\n<p>Dado el aislamiento de muchas comunidades, ACNUR brinda apoyo t\u00e9cnico para facilitar las comunicaciones y llevar a los refugiados y migrantes acceso en su idioma a informaci\u00f3n oficial sobre recomendaciones de protecci\u00f3n y riesgos en los lugares donde viven.<\/p>\n\n\n\n<p>Cae en tres d\u00edas la lluvia de m\u00e1s de dos meses<\/p>\n\n\n\n<p>Esta semana, la Organizaci\u00f3n Meteorol\u00f3gica Mundial (OMM) se\u00f1al\u00f3 que el desastre en Brasil, al igual que las inundaciones en \u00c1frica Oriental, resaltan la necesidad de una respuesta m\u00e1s integrada al fen\u00f3meno El Ni\u00f1o y a los impactos del cambio clim\u00e1tico<\/p>\n\n\n\n<p>Asimismo, subray\u00f3 la urgencia de que se establezcan sistemas de alerta temprana para toda la poblaci\u00f3n.<\/p>\n\n\n\n<p>La OMM detall\u00f3 que en algunas regiones brasile\u00f1as, especialmente en los amplios valles centrales, mesetas, laderas monta\u00f1osas y \u00e1reas metropolitanas, los vol\u00famenes de lluvia superaron los 300 mil\u00edmetros en menos de una semana, citando el caso extremo del municipio de Bento Gon\u00e7alves, que alcanz\u00f3 los 543,4 mm de agua.<\/p>\n\n\n\n<p>Porto Alegre, por su parte, recibi\u00f3 258,6 mm de lluvia en s\u00f3lo tres d\u00edas, una cantidad que corresponde a m\u00e1s de dos meses de lluvias.<\/p>\n\n\n\n<p>La OMM agreg\u00f3 que el periodo entre finales de abril y principios de mayo de 2024 experimenta la influencia de El Ni\u00f1o y que este fen\u00f3meno, responsable del calentamiento de las aguas del Pac\u00edfico, contribuy\u00f3 a bloquear frentes fr\u00edos y concentrar los sistemas de \u00e1reas de inestabilidad sobre Rio Grande del Sur.<\/p>\n","protected":false},"excerpt":{"rendered":"<p>Las fuertes lluvias, vientos y fr\u00edo han devastado el sur del pa\u00eds sudamericano dejando al&#8230;<\/p>\n","protected":false},"author":1,"featured_media":14638,"comment_status":"closed","ping_status":"closed","sticky":false,"template":"","format":"standard","meta":{"_monsterinsights_skip_tracking":false,"_monsterinsights_sitenote_active":false,"_monsterinsights_sitenote_note":"","_monsterinsights_sitenote_category":0,"footnotes":""},"categories":[82],"tags":[],"class_list":["post-14637","post","type-post","status-publish","format-standard","has-post-thumbnail","hentry","category-internacional"],"featured_image_urls":{"full":["https:\/\/diariotiempo.com.uy\/noticias\/wp-content\/uploads\/2024\/05\/brasil.jpg",841,530,false],"thumbnail":["https:\/\/diariotiempo.com.uy\/noticias\/wp-content\/uploads\/2024\/05\/brasil-150x150.jpg",150,150,true],"medium":["https:\/\/diariotiempo.com.uy\/noticias\/wp-content\/uploads\/2024\/05\/brasil-300x189.jpg",300,189,true],"medium_large":["https:\/\/diariotiempo.com.uy\/noticias\/wp-content\/uploads\/2024\/05\/brasil-768x484.jpg",640,403,true],"large":["https:\/\/diariotiempo.com.uy\/noticias\/wp-content\/uploads\/2024\/05\/brasil.jpg",640,403,false],"rpg_gallery_admin_thumb":["https:\/\/diariotiempo.com.uy\/noticias\/wp-content\/uploads\/2024\/05\/brasil-150x150.jpg",150,150,true],"rpg_gallery_thumb":["https:\/\/diariotiempo.com.uy\/noticias\/wp-content\/uploads\/2024\/05\/brasil-150x150.jpg",150,150,true],"1536x1536":["https:\/\/diariotiempo.com.uy\/noticias\/wp-content\/uploads\/2024\/05\/brasil.jpg",841,530,false],"2048x2048":["https:\/\/diariotiempo.com.uy\/noticias\/wp-content\/uploads\/2024\/05\/brasil.jpg",841,530,false],"covernews-slider-full":["https:\/\/diariotiempo.com.uy\/noticias\/wp-content\/uploads\/2024\/05\/brasil.jpg",841,530,false],"covernews-slider-center":["https:\/\/diariotiempo.com.uy\/noticias\/wp-content\/uploads\/2024\/05\/brasil-800x500.jpg",800,500,true],"covernews-featured":["https:\/\/diariotiempo.com.uy\/noticias\/wp-content\/uploads\/2024\/05\/brasil.jpg",841,530,false],"covernews-medium":["https:\/\/diariotiempo.com.uy\/noticias\/wp-content\/uploads\/2024\/05\/brasil-540x340.jpg",540,340,true],"covernews-medium-square":["https:\/\/diariotiempo.com.uy\/noticias\/wp-content\/uploads\/2024\/05\/brasil-400x250.jpg",400,250,true]},"author_info":{"display_name":"diario","author_link":"https:\/\/diariotiempo.com.uy\/noticias\/author\/diario\/"},"category_info":"<a href=\"https:\/\/diariotiempo.com.uy\/noticias\/category\/internacional\/\" rel=\"category tag\">INTERNACIONAL<\/a>","tag_info":"INTERNACIONAL","comment_count":"0","_links":{"self":[{"href":"https:\/\/diariotiempo.com.uy\/noticias\/wp-json\/wp\/v2\/posts\/14637","targetHints":{"allow":["GET"]}}],"collection":[{"href":"https:\/\/diariotiempo.com.uy\/noticias\/wp-json\/wp\/v2\/posts"}],"about":[{"href":"https:\/\/diariotiempo.com.uy\/noticias\/wp-json\/wp\/v2\/types\/post"}],"author":[{"embeddable":true,"href":"https:\/\/diariotiempo.com.uy\/noticias\/wp-json\/wp\/v2\/users\/1"}],"replies":[{"embeddable":true,"href":"https:\/\/diariotiempo.com.uy\/noticias\/wp-json\/wp\/v2\/comments?post=14637"}],"version-history":[{"count":1,"href":"https:\/\/diariotiempo.com.uy\/noticias\/wp-json\/wp\/v2\/posts\/14637\/revisions"}],"predecessor-version":[{"id":14639,"href":"https:\/\/diariotiempo.com.uy\/noticias\/wp-json\/wp\/v2\/posts\/14637\/revisions\/14639"}],"wp:featuredmedia":[{"embeddable":true,"href":"https:\/\/diariotiempo.com.uy\/noticias\/wp-json\/wp\/v2\/media\/14638"}],"wp:attachment":[{"href":"https:\/\/diariotiempo.com.uy\/noticias\/wp-json\/wp\/v2\/media?parent=14637"}],"wp:term":[{"taxonomy":"category","embeddable":true,"href":"https:\/\/diariotiempo.com.uy\/noticias\/wp-json\/wp\/v2\/categories?post=14637"},{"taxonomy":"post_tag","embeddable":true,"href":"https:\/\/diariotiempo.com.uy\/noticias\/wp-json\/wp\/v2\/tags?post=14637"}],"curies":[{"name":"wp","href":"https:\/\/api.w.org\/{rel}","templated":true}]}}