{"id":14650,"date":"2024-05-15T14:34:11","date_gmt":"2024-05-15T14:34:11","guid":{"rendered":"https:\/\/diariotiempo.com.uy\/noticias\/?p=14650"},"modified":"2024-05-15T14:34:12","modified_gmt":"2024-05-15T14:34:12","slug":"uruguay-y-espana-articulan-proyecto-de-conservacion-manejo-sostenible-y-monitoreo","status":"publish","type":"post","link":"https:\/\/diariotiempo.com.uy\/noticias\/2024\/05\/15\/uruguay-y-espana-articulan-proyecto-de-conservacion-manejo-sostenible-y-monitoreo\/","title":{"rendered":"Uruguay y Espa\u00f1a articulan proyecto de conservaci\u00f3n, manejo sostenible y monitoreo\u00a0"},"content":{"rendered":"\n<figure class=\"wp-block-image size-full\"><img loading=\"lazy\" decoding=\"async\" width=\"900\" height=\"597\" src=\"https:\/\/diariotiempo.com.uy\/noticias\/wp-content\/uploads\/2024\/05\/RIO.jpg\" alt=\"\" class=\"wp-image-14651\" srcset=\"https:\/\/diariotiempo.com.uy\/noticias\/wp-content\/uploads\/2024\/05\/RIO.jpg 900w, https:\/\/diariotiempo.com.uy\/noticias\/wp-content\/uploads\/2024\/05\/RIO-300x199.jpg 300w, https:\/\/diariotiempo.com.uy\/noticias\/wp-content\/uploads\/2024\/05\/RIO-768x509.jpg 768w\" sizes=\"auto, (max-width: 900px) 100vw, 900px\" \/><figcaption class=\"wp-element-caption\">PRESIDENCIA de la REPUBLICA<\/figcaption><\/figure>\n\n\n\n<p>\u201cSon de esos temas que nos reconfortan, porque indudablemente van enfocados a la gente\u201d, sostuvo el ministro de Ambiente, Robert Bouvier, durante la presentaci\u00f3n de un proyecto para la conservaci\u00f3n y monitoreo del r\u00edo Santa Luc\u00eda. La iniciativa contar\u00e1 con un aporte de la cartera de m\u00e1s de 5.000.000 de pesos y de otros 450.000 euros por parte de la Agencia Espa\u00f1ola de Cooperaci\u00f3n Internacional para el Desarrollo (Aecid).<\/p>\n\n\n\n<p>Bouvier destac\u00f3 la colaboraci\u00f3n internacional para la ejecuci\u00f3n del proyecto denominado \u00abSoluciones basadas en la naturaleza para el manejo sostenible y amortiguar los efectos de la sequ\u00eda en la cuenca del r\u00edo Santa Luc\u00eda\u201d. En el acto de presentaci\u00f3n de la iniciativa, este lunes 13, fue acompa\u00f1ado por el embajador de Espa\u00f1a en Uruguay, Santiago Jim\u00e9nez, y la gerenta de la Agencia Uruguaya de Cooperaci\u00f3n Internacional (AUCI), Claudia Romano.<\/p>\n\n\n\n<p>El secretario de Estado consider\u00f3 relevante circunscribir este proyecto a la cuenca del Santa Luc\u00eda debido a que, en ese espacio geogr\u00e1fico, Uruguay registr\u00f3 el mayor d\u00e9ficit h\u00eddrico de su historia y, luego, inundaciones, durante un breve lapso. \u201cEs un convenio que, obviamente, se va a plasmar en pol\u00edticas concretas en una zona concreta\u201d, manifest\u00f3.<\/p>\n\n\n\n<p>En tanto, Jim\u00e9nez dijo que el proyecto evidencia la importancia que reviste el agua y su tratamiento para Espa\u00f1a y Uruguay, en una cuenca que abastece de ese recurso a m\u00e1s del 60% de la poblaci\u00f3n del pa\u00eds.<\/p>\n\n\n\n<p>\u201cLos efectos de la reciente sequ\u00eda no hacen sino refrendar esta necesidad de redoblar los esfuerzos en proteger y aprovechar los recursos existentes, al tiempo que luchamos juntos contra el cambio clim\u00e1tico y contra sus efectos\u201d, expres\u00f3.<\/p>\n\n\n\n<p>Romano, por su parte, resalt\u00f3 que el proyecto permitir\u00e1 la generaci\u00f3n de datos cuantitativos y cualitativos que favorecer\u00e1n el dise\u00f1o e implementaci\u00f3n, evaluaci\u00f3n y ejecuci\u00f3n de las pol\u00edticas p\u00fablicas. Adem\u00e1s, dijo que la instancia beneficiar\u00e1 el trabajo de m\u00faltiples actores a nivel nacional para el trabajo en territorio.<\/p>\n","protected":false},"excerpt":{"rendered":"<p>\u201cSon de esos temas que nos reconfortan, porque indudablemente van enfocados a la gente\u201d, sostuvo&#8230;<\/p>\n","protected":false},"author":1,"featured_media":14651,"comment_status":"closed","ping_status":"closed","sticky":false,"template":"","format":"standard","meta":{"_monsterinsights_skip_tracking":false,"_monsterinsights_sitenote_active":false,"_monsterinsights_sitenote_note":"","_monsterinsights_sitenote_category":0,"footnotes":""},"categories":[79],"tags":[],"class_list":["post-14650","post","type-post","status-publish","format-standard","has-post-thumbnail","hentry","category-nacionales"],"featured_image_urls":{"full":["https:\/\/diariotiempo.com.uy\/noticias\/wp-content\/uploads\/2024\/05\/RIO.jpg",900,597,false],"thumbnail":["https:\/\/diariotiempo.com.uy\/noticias\/wp-content\/uploads\/2024\/05\/RIO-150x150.jpg",150,150,true],"medium":["https:\/\/diariotiempo.com.uy\/noticias\/wp-content\/uploads\/2024\/05\/RIO-300x199.jpg",300,199,true],"medium_large":["https:\/\/diariotiempo.com.uy\/noticias\/wp-content\/uploads\/2024\/05\/RIO-768x509.jpg",640,424,true],"large":["https:\/\/diariotiempo.com.uy\/noticias\/wp-content\/uploads\/2024\/05\/RIO.jpg",640,425,false],"rpg_gallery_admin_thumb":["https:\/\/diariotiempo.com.uy\/noticias\/wp-content\/uploads\/2024\/05\/RIO-150x150.jpg",150,150,true],"rpg_gallery_thumb":["https:\/\/diariotiempo.com.uy\/noticias\/wp-content\/uploads\/2024\/05\/RIO-150x150.jpg",150,150,true],"1536x1536":["https:\/\/diariotiempo.com.uy\/noticias\/wp-content\/uploads\/2024\/05\/RIO.jpg",900,597,false],"2048x2048":["https:\/\/diariotiempo.com.uy\/noticias\/wp-content\/uploads\/2024\/05\/RIO.jpg",900,597,false],"covernews-slider-full":["https:\/\/diariotiempo.com.uy\/noticias\/wp-content\/uploads\/2024\/05\/RIO.jpg",900,597,false],"covernews-slider-center":["https:\/\/diariotiempo.com.uy\/noticias\/wp-content\/uploads\/2024\/05\/RIO-800x500.jpg",800,500,true],"covernews-featured":["https:\/\/diariotiempo.com.uy\/noticias\/wp-content\/uploads\/2024\/05\/RIO.jpg",900,597,false],"covernews-medium":["https:\/\/diariotiempo.com.uy\/noticias\/wp-content\/uploads\/2024\/05\/RIO-540x340.jpg",540,340,true],"covernews-medium-square":["https:\/\/diariotiempo.com.uy\/noticias\/wp-content\/uploads\/2024\/05\/RIO-400x250.jpg",400,250,true]},"author_info":{"display_name":"diario","author_link":"https:\/\/diariotiempo.com.uy\/noticias\/author\/diario\/"},"category_info":"<a href=\"https:\/\/diariotiempo.com.uy\/noticias\/category\/nacionales\/\" rel=\"category tag\">NACIONALES<\/a>","tag_info":"NACIONALES","comment_count":"0","_links":{"self":[{"href":"https:\/\/diariotiempo.com.uy\/noticias\/wp-json\/wp\/v2\/posts\/14650","targetHints":{"allow":["GET"]}}],"collection":[{"href":"https:\/\/diariotiempo.com.uy\/noticias\/wp-json\/wp\/v2\/posts"}],"about":[{"href":"https:\/\/diariotiempo.com.uy\/noticias\/wp-json\/wp\/v2\/types\/post"}],"author":[{"embeddable":true,"href":"https:\/\/diariotiempo.com.uy\/noticias\/wp-json\/wp\/v2\/users\/1"}],"replies":[{"embeddable":true,"href":"https:\/\/diariotiempo.com.uy\/noticias\/wp-json\/wp\/v2\/comments?post=14650"}],"version-history":[{"count":2,"href":"https:\/\/diariotiempo.com.uy\/noticias\/wp-json\/wp\/v2\/posts\/14650\/revisions"}],"predecessor-version":[{"id":14653,"href":"https:\/\/diariotiempo.com.uy\/noticias\/wp-json\/wp\/v2\/posts\/14650\/revisions\/14653"}],"wp:featuredmedia":[{"embeddable":true,"href":"https:\/\/diariotiempo.com.uy\/noticias\/wp-json\/wp\/v2\/media\/14651"}],"wp:attachment":[{"href":"https:\/\/diariotiempo.com.uy\/noticias\/wp-json\/wp\/v2\/media?parent=14650"}],"wp:term":[{"taxonomy":"category","embeddable":true,"href":"https:\/\/diariotiempo.com.uy\/noticias\/wp-json\/wp\/v2\/categories?post=14650"},{"taxonomy":"post_tag","embeddable":true,"href":"https:\/\/diariotiempo.com.uy\/noticias\/wp-json\/wp\/v2\/tags?post=14650"}],"curies":[{"name":"wp","href":"https:\/\/api.w.org\/{rel}","templated":true}]}}