{"id":14654,"date":"2024-05-15T14:35:09","date_gmt":"2024-05-15T14:35:09","guid":{"rendered":"https:\/\/diariotiempo.com.uy\/noticias\/?p=14654"},"modified":"2024-05-15T14:35:59","modified_gmt":"2024-05-15T14:35:59","slug":"una-avioneta-con-dos-tripulantes-se-precipito-a-tierra-en-la-zona-de-marindia-sur","status":"publish","type":"post","link":"https:\/\/diariotiempo.com.uy\/noticias\/2024\/05\/15\/una-avioneta-con-dos-tripulantes-se-precipito-a-tierra-en-la-zona-de-marindia-sur\/","title":{"rendered":"Una avioneta con dos tripulantes se precipit\u00f3 a tierra en la zona de Marindia Sur\u00a0"},"content":{"rendered":"\n<figure class=\"wp-block-image aligncenter size-full\"><img loading=\"lazy\" decoding=\"async\" width=\"737\" height=\"402\" src=\"https:\/\/diariotiempo.com.uy\/noticias\/wp-content\/uploads\/2024\/05\/aviobneta.jpg\" alt=\"\" class=\"wp-image-14655\" srcset=\"https:\/\/diariotiempo.com.uy\/noticias\/wp-content\/uploads\/2024\/05\/aviobneta.jpg 737w, https:\/\/diariotiempo.com.uy\/noticias\/wp-content\/uploads\/2024\/05\/aviobneta-300x164.jpg 300w\" sizes=\"auto, (max-width: 737px) 100vw, 737px\" \/><\/figure>\n\n\n\n<p>Una avioneta con dos tripulantes se precipit\u00f3 a tierra este lunes minutos antes de las 13 horas. El hecho ocurri\u00f3 en avenida del N\u00e1car esquina del Pe\u00f1\u00f3n, en la zona de Marindia Sur en el departamento de Canelones.<\/p>\n\n\n\n<p>Fue sobre las 12:45 cuando llegaron las comunicaciones al Servicio de Emergencias 911 que daban cuenta sobre la ca\u00edda de la aeronave hacia un monte pr\u00f3ximo a la plaza De los p\u00e1jaros y el despliegue con un paraca\u00eddas, seg\u00fan la informaci\u00f3n policial primaria a la que accedi\u00f3 Subrayado.<\/p>\n\n\n\n<p>El instructor de 31 a\u00f1os y el alumno de 56 resultaron ilesos. \u00c1lvaro Henderson es piloto hace 18 a\u00f1os, pero hac\u00eda varios meses que no volaba. En di\u00e1logo con Subrayado coment\u00f3 que se trat\u00f3 una maniobra usual, \u00abel instructor, la verdad, un genio, actu\u00f3 a tiempo y el paraca\u00eddas nos salv\u00f3 la vida, ni m\u00e1s ni menos\u00bb, expres\u00f3.<\/p>\n\n\n\n<p>Cuando salieron de la maniobra llamada p\u00e9rdida, un ala de la avioneta se baj\u00f3 que no pudieron recuperar. \u00abEs una maniobra que es parte del entrenamiento\u00bb, explic\u00f3 y agreg\u00f3 que piensan que no se trat\u00f3 de una falla mec\u00e1nica.<\/p>\n\n\n\n<p>\u00abMuy r\u00e1pido todo, fueron ocho, diez segundos desde que se baj\u00f3 el ala hasta que est\u00e1bamos en el piso (&#8230;) estamos gracias a Dios espectacularmente bien\u00bb, cont\u00f3. Cuando los efectivos policiales llegaron al lugar encontraron a la avioneta que hab\u00eda quedado entre los arbustos y a sus dos tripulantes ilesos. Un equipo m\u00e9dico de emergencia concurri\u00f3 a la zona para verificar el estado de salud de los tripulantes.<\/p>\n","protected":false},"excerpt":{"rendered":"<p>Una avioneta con dos tripulantes se precipit\u00f3 a tierra este lunes minutos antes de las&#8230;<\/p>\n","protected":false},"author":1,"featured_media":14655,"comment_status":"closed","ping_status":"closed","sticky":false,"template":"","format":"standard","meta":{"_monsterinsights_skip_tracking":false,"_monsterinsights_sitenote_active":false,"_monsterinsights_sitenote_note":"","_monsterinsights_sitenote_category":0,"footnotes":""},"categories":[6],"tags":[],"class_list":["post-14654","post","type-post","status-publish","format-standard","has-post-thumbnail","hentry","category-policial"],"featured_image_urls":{"full":["https:\/\/diariotiempo.com.uy\/noticias\/wp-content\/uploads\/2024\/05\/aviobneta.jpg",737,402,false],"thumbnail":["https:\/\/diariotiempo.com.uy\/noticias\/wp-content\/uploads\/2024\/05\/aviobneta-150x150.jpg",150,150,true],"medium":["https:\/\/diariotiempo.com.uy\/noticias\/wp-content\/uploads\/2024\/05\/aviobneta-300x164.jpg",300,164,true],"medium_large":["https:\/\/diariotiempo.com.uy\/noticias\/wp-content\/uploads\/2024\/05\/aviobneta.jpg",640,349,false],"large":["https:\/\/diariotiempo.com.uy\/noticias\/wp-content\/uploads\/2024\/05\/aviobneta.jpg",640,349,false],"rpg_gallery_admin_thumb":["https:\/\/diariotiempo.com.uy\/noticias\/wp-content\/uploads\/2024\/05\/aviobneta-150x150.jpg",150,150,true],"rpg_gallery_thumb":["https:\/\/diariotiempo.com.uy\/noticias\/wp-content\/uploads\/2024\/05\/aviobneta-150x150.jpg",150,150,true],"1536x1536":["https:\/\/diariotiempo.com.uy\/noticias\/wp-content\/uploads\/2024\/05\/aviobneta.jpg",737,402,false],"2048x2048":["https:\/\/diariotiempo.com.uy\/noticias\/wp-content\/uploads\/2024\/05\/aviobneta.jpg",737,402,false],"covernews-slider-full":["https:\/\/diariotiempo.com.uy\/noticias\/wp-content\/uploads\/2024\/05\/aviobneta.jpg",737,402,false],"covernews-slider-center":["https:\/\/diariotiempo.com.uy\/noticias\/wp-content\/uploads\/2024\/05\/aviobneta.jpg",737,402,false],"covernews-featured":["https:\/\/diariotiempo.com.uy\/noticias\/wp-content\/uploads\/2024\/05\/aviobneta.jpg",737,402,false],"covernews-medium":["https:\/\/diariotiempo.com.uy\/noticias\/wp-content\/uploads\/2024\/05\/aviobneta-540x340.jpg",540,340,true],"covernews-medium-square":["https:\/\/diariotiempo.com.uy\/noticias\/wp-content\/uploads\/2024\/05\/aviobneta-400x250.jpg",400,250,true]},"author_info":{"display_name":"diario","author_link":"https:\/\/diariotiempo.com.uy\/noticias\/author\/diario\/"},"category_info":"<a href=\"https:\/\/diariotiempo.com.uy\/noticias\/category\/policial\/\" rel=\"category tag\">POLICIAL<\/a>","tag_info":"POLICIAL","comment_count":"0","_links":{"self":[{"href":"https:\/\/diariotiempo.com.uy\/noticias\/wp-json\/wp\/v2\/posts\/14654","targetHints":{"allow":["GET"]}}],"collection":[{"href":"https:\/\/diariotiempo.com.uy\/noticias\/wp-json\/wp\/v2\/posts"}],"about":[{"href":"https:\/\/diariotiempo.com.uy\/noticias\/wp-json\/wp\/v2\/types\/post"}],"author":[{"embeddable":true,"href":"https:\/\/diariotiempo.com.uy\/noticias\/wp-json\/wp\/v2\/users\/1"}],"replies":[{"embeddable":true,"href":"https:\/\/diariotiempo.com.uy\/noticias\/wp-json\/wp\/v2\/comments?post=14654"}],"version-history":[{"count":2,"href":"https:\/\/diariotiempo.com.uy\/noticias\/wp-json\/wp\/v2\/posts\/14654\/revisions"}],"predecessor-version":[{"id":14658,"href":"https:\/\/diariotiempo.com.uy\/noticias\/wp-json\/wp\/v2\/posts\/14654\/revisions\/14658"}],"wp:featuredmedia":[{"embeddable":true,"href":"https:\/\/diariotiempo.com.uy\/noticias\/wp-json\/wp\/v2\/media\/14655"}],"wp:attachment":[{"href":"https:\/\/diariotiempo.com.uy\/noticias\/wp-json\/wp\/v2\/media?parent=14654"}],"wp:term":[{"taxonomy":"category","embeddable":true,"href":"https:\/\/diariotiempo.com.uy\/noticias\/wp-json\/wp\/v2\/categories?post=14654"},{"taxonomy":"post_tag","embeddable":true,"href":"https:\/\/diariotiempo.com.uy\/noticias\/wp-json\/wp\/v2\/tags?post=14654"}],"curies":[{"name":"wp","href":"https:\/\/api.w.org\/{rel}","templated":true}]}}