{"id":14662,"date":"2024-05-16T16:13:55","date_gmt":"2024-05-16T16:13:55","guid":{"rendered":"https:\/\/diariotiempo.com.uy\/noticias\/?p=14662"},"modified":"2024-05-16T16:14:10","modified_gmt":"2024-05-16T16:14:10","slug":"plan-invierno-incorporara-24-refugios-y-1-800-cupos-de-emergencia-este-ano","status":"publish","type":"post","link":"https:\/\/diariotiempo.com.uy\/noticias\/2024\/05\/16\/plan-invierno-incorporara-24-refugios-y-1-800-cupos-de-emergencia-este-ano\/","title":{"rendered":"Plan Invierno incorporar\u00e1 24 refugios y 1.800 cupos de emergencia este a\u00f1o"},"content":{"rendered":"\n<figure class=\"wp-block-image aligncenter size-full\"><img loading=\"lazy\" decoding=\"async\" width=\"833\" height=\"494\" src=\"https:\/\/diariotiempo.com.uy\/noticias\/wp-content\/uploads\/2024\/05\/COCINA.jpg\" alt=\"\" class=\"wp-image-14663\" srcset=\"https:\/\/diariotiempo.com.uy\/noticias\/wp-content\/uploads\/2024\/05\/COCINA.jpg 833w, https:\/\/diariotiempo.com.uy\/noticias\/wp-content\/uploads\/2024\/05\/COCINA-300x178.jpg 300w, https:\/\/diariotiempo.com.uy\/noticias\/wp-content\/uploads\/2024\/05\/COCINA-768x455.jpg 768w\" sizes=\"auto, (max-width: 833px) 100vw, 833px\" \/><\/figure>\n\n\n\n<p>A partir de este mi\u00e9rcoles 15, el Ministerio de Desarrollo Social (Mides) implementar\u00e1 el Plan Nacional de Invierno 2024, en el que se fortalecer\u00e1 la cobertura de los equipos en la v\u00eda p\u00fablica, asistencia m\u00e9dica y resguardo para personas en situaci\u00f3n de calle durante los meses m\u00e1s fr\u00edos del a\u00f1o. Para esta edici\u00f3n, se habilitaron 1.800 cupos de emergencia y se abrieron 24 hogares de 24 horas, que se suman a los existentes.<\/p>\n\n\n\n<p>El ministro de Desarrollo Social, Alejandro Sciarra, se\u00f1al\u00f3 este lunes 13 en rueda de prensa que los traslados de las personas en situaci\u00f3n de calle hacia los refugios se concretar\u00e1n con m\u00f3viles del Mides y apoyo del Ministerio del Interior.<\/p>\n\n\n\n<p>\u201cYa estos d\u00edas empezamos a mover la maquinaria visto las bajas temperaturas\u201d, expres\u00f3 Sciarra.<\/p>\n\n\n\n<p>Adem\u00e1s, detall\u00f3 que para esta edici\u00f3n fueron incorporados 1.800 cupos de emergencia y 24 hogares, en formato 24 horas, los cuales se incorporar\u00e1n a los que est\u00e1n en funcionamiento.<\/p>\n\n\n\n<p>El plan se ejecutar\u00e1 en forma articulada con los ministerios de con Defensa Nacional e Interior, la Administraci\u00f3n de los Servicios de Salud del Estado (ASSE), el Instituto del Ni\u00f1o y el Adolescente del Uruguay (INAU), el Sistema Nacional de Emergencias (Sinae), la Junta Nacional de Drogas (JND). Tambi\u00e9n se sumar\u00e1n organizaciones de la sociedad civil, el Instituto Uruguayo de Meteorolog\u00eda (Inumet) y las intendencias de todo el pa\u00eds, a trav\u00e9s de los Centros Coordinadores de Emergencias (Cecoed).<\/p>\n\n\n\n<p>\u201cEs muy grato ver no solo la mejora en la calidad de la convivencia con los vecinos, sino adem\u00e1s la calidad de vida de las personas y como empiezan a sentir como su hogar\u201d, consider\u00f3 el jerarca.<\/p>\n","protected":false},"excerpt":{"rendered":"<p>A partir de este mi\u00e9rcoles 15, el Ministerio de Desarrollo Social (Mides) implementar\u00e1 el Plan&#8230;<\/p>\n","protected":false},"author":1,"featured_media":14663,"comment_status":"closed","ping_status":"closed","sticky":false,"template":"","format":"standard","meta":{"_monsterinsights_skip_tracking":false,"_monsterinsights_sitenote_active":false,"_monsterinsights_sitenote_note":"","_monsterinsights_sitenote_category":0,"footnotes":""},"categories":[11],"tags":[],"class_list":["post-14662","post","type-post","status-publish","format-standard","has-post-thumbnail","hentry","category-noticia-destacada"],"featured_image_urls":{"full":["https:\/\/diariotiempo.com.uy\/noticias\/wp-content\/uploads\/2024\/05\/COCINA.jpg",833,494,false],"thumbnail":["https:\/\/diariotiempo.com.uy\/noticias\/wp-content\/uploads\/2024\/05\/COCINA-150x150.jpg",150,150,true],"medium":["https:\/\/diariotiempo.com.uy\/noticias\/wp-content\/uploads\/2024\/05\/COCINA-300x178.jpg",300,178,true],"medium_large":["https:\/\/diariotiempo.com.uy\/noticias\/wp-content\/uploads\/2024\/05\/COCINA-768x455.jpg",640,379,true],"large":["https:\/\/diariotiempo.com.uy\/noticias\/wp-content\/uploads\/2024\/05\/COCINA.jpg",640,380,false],"rpg_gallery_admin_thumb":["https:\/\/diariotiempo.com.uy\/noticias\/wp-content\/uploads\/2024\/05\/COCINA-150x150.jpg",150,150,true],"rpg_gallery_thumb":["https:\/\/diariotiempo.com.uy\/noticias\/wp-content\/uploads\/2024\/05\/COCINA-150x150.jpg",150,150,true],"1536x1536":["https:\/\/diariotiempo.com.uy\/noticias\/wp-content\/uploads\/2024\/05\/COCINA.jpg",833,494,false],"2048x2048":["https:\/\/diariotiempo.com.uy\/noticias\/wp-content\/uploads\/2024\/05\/COCINA.jpg",833,494,false],"covernews-slider-full":["https:\/\/diariotiempo.com.uy\/noticias\/wp-content\/uploads\/2024\/05\/COCINA.jpg",833,494,false],"covernews-slider-center":["https:\/\/diariotiempo.com.uy\/noticias\/wp-content\/uploads\/2024\/05\/COCINA-800x494.jpg",800,494,true],"covernews-featured":["https:\/\/diariotiempo.com.uy\/noticias\/wp-content\/uploads\/2024\/05\/COCINA.jpg",833,494,false],"covernews-medium":["https:\/\/diariotiempo.com.uy\/noticias\/wp-content\/uploads\/2024\/05\/COCINA-540x340.jpg",540,340,true],"covernews-medium-square":["https:\/\/diariotiempo.com.uy\/noticias\/wp-content\/uploads\/2024\/05\/COCINA-400x250.jpg",400,250,true]},"author_info":{"display_name":"diario","author_link":"https:\/\/diariotiempo.com.uy\/noticias\/author\/diario\/"},"category_info":"<a href=\"https:\/\/diariotiempo.com.uy\/noticias\/category\/noticia-destacada\/\" rel=\"category tag\">NOTICIA DESTACADA<\/a>","tag_info":"NOTICIA DESTACADA","comment_count":"0","_links":{"self":[{"href":"https:\/\/diariotiempo.com.uy\/noticias\/wp-json\/wp\/v2\/posts\/14662","targetHints":{"allow":["GET"]}}],"collection":[{"href":"https:\/\/diariotiempo.com.uy\/noticias\/wp-json\/wp\/v2\/posts"}],"about":[{"href":"https:\/\/diariotiempo.com.uy\/noticias\/wp-json\/wp\/v2\/types\/post"}],"author":[{"embeddable":true,"href":"https:\/\/diariotiempo.com.uy\/noticias\/wp-json\/wp\/v2\/users\/1"}],"replies":[{"embeddable":true,"href":"https:\/\/diariotiempo.com.uy\/noticias\/wp-json\/wp\/v2\/comments?post=14662"}],"version-history":[{"count":1,"href":"https:\/\/diariotiempo.com.uy\/noticias\/wp-json\/wp\/v2\/posts\/14662\/revisions"}],"predecessor-version":[{"id":14664,"href":"https:\/\/diariotiempo.com.uy\/noticias\/wp-json\/wp\/v2\/posts\/14662\/revisions\/14664"}],"wp:featuredmedia":[{"embeddable":true,"href":"https:\/\/diariotiempo.com.uy\/noticias\/wp-json\/wp\/v2\/media\/14663"}],"wp:attachment":[{"href":"https:\/\/diariotiempo.com.uy\/noticias\/wp-json\/wp\/v2\/media?parent=14662"}],"wp:term":[{"taxonomy":"category","embeddable":true,"href":"https:\/\/diariotiempo.com.uy\/noticias\/wp-json\/wp\/v2\/categories?post=14662"},{"taxonomy":"post_tag","embeddable":true,"href":"https:\/\/diariotiempo.com.uy\/noticias\/wp-json\/wp\/v2\/tags?post=14662"}],"curies":[{"name":"wp","href":"https:\/\/api.w.org\/{rel}","templated":true}]}}