{"id":14665,"date":"2024-05-17T14:39:30","date_gmt":"2024-05-17T14:39:30","guid":{"rendered":"https:\/\/diariotiempo.com.uy\/noticias\/?p=14665"},"modified":"2024-05-17T14:39:31","modified_gmt":"2024-05-17T14:39:31","slug":"canelones-presento-en-pando-nodo-deempresas-de-economia-circular","status":"publish","type":"post","link":"https:\/\/diariotiempo.com.uy\/noticias\/2024\/05\/17\/canelones-presento-en-pando-nodo-deempresas-de-economia-circular\/","title":{"rendered":"Canelones present\u00f3 en Pando Nodo deEmpresas de Econom\u00eda Circular"},"content":{"rendered":"\n<figure class=\"wp-block-gallery has-nested-images columns-default is-cropped wp-block-gallery-1 is-layout-flex wp-block-gallery-is-layout-flex\">\n<figure class=\"wp-block-image size-large\"><img loading=\"lazy\" decoding=\"async\" width=\"945\" height=\"532\" data-id=\"14666\" src=\"https:\/\/diariotiempo.com.uy\/noticias\/wp-content\/uploads\/2024\/05\/nodo-gente.jpg\" alt=\"\" class=\"wp-image-14666\" srcset=\"https:\/\/diariotiempo.com.uy\/noticias\/wp-content\/uploads\/2024\/05\/nodo-gente.jpg 945w, https:\/\/diariotiempo.com.uy\/noticias\/wp-content\/uploads\/2024\/05\/nodo-gente-300x169.jpg 300w, https:\/\/diariotiempo.com.uy\/noticias\/wp-content\/uploads\/2024\/05\/nodo-gente-768x432.jpg 768w\" sizes=\"auto, (max-width: 945px) 100vw, 945px\" \/><\/figure>\n\n\n\n<figure class=\"wp-block-image size-large\"><img loading=\"lazy\" decoding=\"async\" width=\"945\" height=\"532\" data-id=\"14667\" src=\"https:\/\/diariotiempo.com.uy\/noticias\/wp-content\/uploads\/2024\/05\/nodo.jpg\" alt=\"\" class=\"wp-image-14667\" srcset=\"https:\/\/diariotiempo.com.uy\/noticias\/wp-content\/uploads\/2024\/05\/nodo.jpg 945w, https:\/\/diariotiempo.com.uy\/noticias\/wp-content\/uploads\/2024\/05\/nodo-300x169.jpg 300w, https:\/\/diariotiempo.com.uy\/noticias\/wp-content\/uploads\/2024\/05\/nodo-768x432.jpg 768w\" sizes=\"auto, (max-width: 945px) 100vw, 945px\" \/><\/figure>\n<\/figure>\n\n\n\n<p>Se realiz\u00f3 el lanzamiento del \u00abNodo de Empresas de Econom\u00eda Circular de Canelones\u00bb en el marco del proyecto de Gesti\u00f3n Integral de Residuos y Econom\u00eda Circular (Girec), que gestiona el Congreso de Intendentes con el apoyo de Uni\u00f3n Europea en Uruguay y la Agencia Nacional de Desarrollo.<\/p>\n\n\n\n<p>De la actividad participaron el intendente de Canelones Marcelo Metediera, el alcalde de Pando Alcides P\u00e9rez, el decano de la Facultad de Ciencias Econ\u00f3micas y de Administraci\u00f3n de la Universidad de la Rep\u00fablica Jorge Xavier, la presidenta de la Agencia Nacional de Desarrollo Ec. Carmen S\u00e1nchez y el coordinador del proyecto &nbsp;Gesti\u00f3n Integral de Residuos y Econom\u00eda Circular, Fortalecimiento Institucional y Buenas Pr\u00e1cticas Soc. Enrique Gallicchio, entre otras autoridades.<\/p>\n\n\n\n<p>Durante el desarrollo de este lanzamiento el intendente de Canelones Marcelo Metediera, manifest\u00f3 la importancia de poner el &nbsp;foco en la gesti\u00f3n, el estado al lado de la gente, dando posibilidades y ayudando a generar oportunidades &nbsp;para el desarrollo.<\/p>\n\n\n\n<p>El decano de la Facultad de Ciencias Econ\u00f3micas y de Administraci\u00f3n de la Universidad de la Rep\u00fablica Jorge Xavier, resalt\u00f3 la necesidad de incluir la Econom\u00eda Circular en los planes de estudio.<\/p>\n\n\n\n<p>Por otra parte el Embajador de la Uni\u00f3n Europea en Uruguay Paolo Berizzi, mediante un mensaje grabado destac\u00f3 la importancia de las iniciativas de Econom\u00eda Circular para los pa\u00edses.<\/p>\n\n\n\n<p>Seguidamente el equipo t\u00e9cnico de la Intendencia de Canelones fue el responsable de presentar el proyecto \u201cNodo de Econom\u00eda Circular\u201d, una nueva forma de producir y valorar los recursos.<\/p>\n\n\n\n<p>Este proyecto busca promover la producci\u00f3n de bienes y servicios de manera sostenible mediante talleres, seminarios, asistencias t\u00e9cnicas, asesoramientos y diversas actividades.Destacando la propuesta de Canelones, el coordinador del proyecto &nbsp;Gesti\u00f3n Integral de Residuos y Econom\u00eda Circular, Enrique Gallicchio, destac\u00f3 la importancia del di\u00e1logo nacional para intercambiar en buenas pr\u00e1cticas.<\/p>\n\n\n\n<p>Tambi\u00e9n aprovech\u00f3 la oportunidad para explicar la importancia del proyecto Girec en lo referente a la gesti\u00f3n de residuos y el papel del Fondo de Desarrollo Territorial.<\/p>\n\n\n\n<p>El Nodo de Empresas de Econom\u00eda Circular de Canelones, es uno de los 24 proyectos que integran Fondo de Desarrollo Territorial, el cual a su vez es uno de los objetivos del proyecto &nbsp;Gesti\u00f3n Integral de Residuos y Econom\u00eda Circular, Fortalecimiento Institucional y Buenas Pr\u00e1cticas.<\/p>\n\n\n\n<p>El lanzamiento del Nodo de Empresas de Econom\u00eda Circular de Canelones tuvo lugar en horas de la ma\u00f1ana de \u00e9ste jueves 9 de mayo en el en el Polo de Econom\u00eda Circular de Pando.<\/p>\n","protected":false},"excerpt":{"rendered":"<p>Se realiz\u00f3 el lanzamiento del \u00abNodo de Empresas de Econom\u00eda Circular de Canelones\u00bb en el&#8230;<\/p>\n","protected":false},"author":1,"featured_media":14667,"comment_status":"closed","ping_status":"closed","sticky":false,"template":"","format":"standard","meta":{"_monsterinsights_skip_tracking":false,"_monsterinsights_sitenote_active":false,"_monsterinsights_sitenote_note":"","_monsterinsights_sitenote_category":0,"footnotes":""},"categories":[11],"tags":[],"class_list":["post-14665","post","type-post","status-publish","format-standard","has-post-thumbnail","hentry","category-noticia-destacada"],"featured_image_urls":{"full":["https:\/\/diariotiempo.com.uy\/noticias\/wp-content\/uploads\/2024\/05\/nodo.jpg",945,532,false],"thumbnail":["https:\/\/diariotiempo.com.uy\/noticias\/wp-content\/uploads\/2024\/05\/nodo-150x150.jpg",150,150,true],"medium":["https:\/\/diariotiempo.com.uy\/noticias\/wp-content\/uploads\/2024\/05\/nodo-300x169.jpg",300,169,true],"medium_large":["https:\/\/diariotiempo.com.uy\/noticias\/wp-content\/uploads\/2024\/05\/nodo-768x432.jpg",640,360,true],"large":["https:\/\/diariotiempo.com.uy\/noticias\/wp-content\/uploads\/2024\/05\/nodo.jpg",640,360,false],"rpg_gallery_admin_thumb":["https:\/\/diariotiempo.com.uy\/noticias\/wp-content\/uploads\/2024\/05\/nodo-150x150.jpg",150,150,true],"rpg_gallery_thumb":["https:\/\/diariotiempo.com.uy\/noticias\/wp-content\/uploads\/2024\/05\/nodo-150x150.jpg",150,150,true],"1536x1536":["https:\/\/diariotiempo.com.uy\/noticias\/wp-content\/uploads\/2024\/05\/nodo.jpg",945,532,false],"2048x2048":["https:\/\/diariotiempo.com.uy\/noticias\/wp-content\/uploads\/2024\/05\/nodo.jpg",945,532,false],"covernews-slider-full":["https:\/\/diariotiempo.com.uy\/noticias\/wp-content\/uploads\/2024\/05\/nodo.jpg",945,532,false],"covernews-slider-center":["https:\/\/diariotiempo.com.uy\/noticias\/wp-content\/uploads\/2024\/05\/nodo-800x500.jpg",800,500,true],"covernews-featured":["https:\/\/diariotiempo.com.uy\/noticias\/wp-content\/uploads\/2024\/05\/nodo.jpg",945,532,false],"covernews-medium":["https:\/\/diariotiempo.com.uy\/noticias\/wp-content\/uploads\/2024\/05\/nodo-540x340.jpg",540,340,true],"covernews-medium-square":["https:\/\/diariotiempo.com.uy\/noticias\/wp-content\/uploads\/2024\/05\/nodo-400x250.jpg",400,250,true]},"author_info":{"display_name":"diario","author_link":"https:\/\/diariotiempo.com.uy\/noticias\/author\/diario\/"},"category_info":"<a href=\"https:\/\/diariotiempo.com.uy\/noticias\/category\/noticia-destacada\/\" rel=\"category tag\">NOTICIA DESTACADA<\/a>","tag_info":"NOTICIA DESTACADA","comment_count":"0","_links":{"self":[{"href":"https:\/\/diariotiempo.com.uy\/noticias\/wp-json\/wp\/v2\/posts\/14665","targetHints":{"allow":["GET"]}}],"collection":[{"href":"https:\/\/diariotiempo.com.uy\/noticias\/wp-json\/wp\/v2\/posts"}],"about":[{"href":"https:\/\/diariotiempo.com.uy\/noticias\/wp-json\/wp\/v2\/types\/post"}],"author":[{"embeddable":true,"href":"https:\/\/diariotiempo.com.uy\/noticias\/wp-json\/wp\/v2\/users\/1"}],"replies":[{"embeddable":true,"href":"https:\/\/diariotiempo.com.uy\/noticias\/wp-json\/wp\/v2\/comments?post=14665"}],"version-history":[{"count":1,"href":"https:\/\/diariotiempo.com.uy\/noticias\/wp-json\/wp\/v2\/posts\/14665\/revisions"}],"predecessor-version":[{"id":14668,"href":"https:\/\/diariotiempo.com.uy\/noticias\/wp-json\/wp\/v2\/posts\/14665\/revisions\/14668"}],"wp:featuredmedia":[{"embeddable":true,"href":"https:\/\/diariotiempo.com.uy\/noticias\/wp-json\/wp\/v2\/media\/14667"}],"wp:attachment":[{"href":"https:\/\/diariotiempo.com.uy\/noticias\/wp-json\/wp\/v2\/media?parent=14665"}],"wp:term":[{"taxonomy":"category","embeddable":true,"href":"https:\/\/diariotiempo.com.uy\/noticias\/wp-json\/wp\/v2\/categories?post=14665"},{"taxonomy":"post_tag","embeddable":true,"href":"https:\/\/diariotiempo.com.uy\/noticias\/wp-json\/wp\/v2\/tags?post=14665"}],"curies":[{"name":"wp","href":"https:\/\/api.w.org\/{rel}","templated":true}]}}