{"id":14676,"date":"2024-05-17T14:43:11","date_gmt":"2024-05-17T14:43:11","guid":{"rendered":"https:\/\/diariotiempo.com.uy\/noticias\/?p=14676"},"modified":"2024-05-17T14:43:12","modified_gmt":"2024-05-17T14:43:12","slug":"hogares-sustentables-entrego-equipamientos-a-800-familias","status":"publish","type":"post","link":"https:\/\/diariotiempo.com.uy\/noticias\/2024\/05\/17\/hogares-sustentables-entrego-equipamientos-a-800-familias\/","title":{"rendered":"Hogares Sustentables, entreg\u00f3 equipamientos a 800 familias"},"content":{"rendered":"\n<figure class=\"wp-block-image size-full\"><img loading=\"lazy\" decoding=\"async\" width=\"900\" height=\"600\" src=\"https:\/\/diariotiempo.com.uy\/noticias\/wp-content\/uploads\/2024\/05\/salinas.jpg\" alt=\"\" class=\"wp-image-14677\" srcset=\"https:\/\/diariotiempo.com.uy\/noticias\/wp-content\/uploads\/2024\/05\/salinas.jpg 900w, https:\/\/diariotiempo.com.uy\/noticias\/wp-content\/uploads\/2024\/05\/salinas-300x200.jpg 300w, https:\/\/diariotiempo.com.uy\/noticias\/wp-content\/uploads\/2024\/05\/salinas-768x512.jpg 768w\" sizes=\"auto, (max-width: 900px) 100vw, 900px\" \/><figcaption class=\"wp-element-caption\">Entrega de contenedores. Municipio Salinas. 2024.05.11<\/figcaption><\/figure>\n\n\n\n<p>La Intendencia de Canelones, a trav\u00e9s de su programa Hogares Sustentables, entreg\u00f3 equipamientos a 800 familias de Salinas para promover la limpieza del territorio, fomentar el reciclaje y facilitar el compostaje de residuos org\u00e1nicos domiciliarios.<\/p>\n\n\n\n<p>El equipamiento proporcionado consta de un recipiente de 120 litros y una compostera con lombrices californianas para la generaci\u00f3n de fertilizantes naturales. El programa super\u00f3 las 70.000 familias que cuentan con contenedores para reciclaje en el departamento y espera alcanzar las 100.000 en el pr\u00f3ximo mes de junio.<\/p>\n\n\n\n<p>El Director General de Gesti\u00f3n Ambiental, Leonardo Herou, anunci\u00f3 importantes cambios en la disposici\u00f3n de residuos en Salinas. Se acord\u00f3 eliminar todos los contenedores p\u00fablicos y reemplazarlos por contenedores domiciliarios con clasificaci\u00f3n. Este plan tiene como objetivo reducir la cantidad de residuos y se espera que se implemente en todo el territorio de Canelones antes de que concluya el per\u00edodo de Gobierno.<\/p>\n\n\n\n<p>El Alcalde del Municipio de Salinas, Oscar Montero, inst\u00f3 a los beneficiarios y beneficiarias a utilizar adecuadamente los equipos y a mantenerlos de forma correcta. Adem\u00e1s, se\u00f1al\u00f3 la existencia de un sistema de denuncia en caso de da\u00f1os y recomend\u00f3 tener en cuenta los horarios de recolecci\u00f3n.<\/p>\n\n\n\n<p>Funcionamiento del programa<\/p>\n\n\n\n<p>La prioridad de Hogares Sustentables es mejorar la limpieza y el cuidado del barrio, as\u00ed como proporcionar a los residentes el equipamiento necesario para el reciclaje de residuos. Con una inversi\u00f3n de US$ 22.000.000 en infraestructura, se ha logrado llegar incluso a las zonas rurales del departamento en las que antes se practicaba la quema de basura. Este avance ha permitido a los vecinos y vecinas adoptar pr\u00e1cticas m\u00e1s sostenibles y contribuir al cuidado del medioambiente.<\/p>\n\n\n\n<p>En cada entrega, el equipo de la Direcci\u00f3n General de Gesti\u00f3n Ambiental lleva a cabo charlas informativas sobre el funcionamiento del sistema de recolecci\u00f3n. Posteriormente, se procede al registro de cada familia y se les hace entrega del equipamiento correspondiente. El programa tambi\u00e9n implica un seguimiento continuo del proceso, con visitas posteriores a los barrios para verificar el progreso de las familias involucradas.<\/p>\n\n\n\n<p>El equipamiento incluye un contenedor para residuos comunes, que son recolectados por el cami\u00f3n de basura, y otro contenedor para materiales reciclables, que constituyen aproximadamente el 30 % de los desechos generados en los hogares y son recolectados semanalmente por un cami\u00f3n el\u00e9ctrico. Adem\u00e1s, se proporciona una compostera con n\u00facleo de lombrices, destinada a compostar el 20 % de los residuos org\u00e1nicos.<\/p>\n\n\n\n<p>Participaci\u00f3n y consultas<\/p>\n\n\n\n<p>Aquellas personas que deseen realizar consultas sobre el funcionamiento de los contenedores u otros aspectos relacionados con la gesti\u00f3n ambiental, pueden comunicarse al tel\u00e9fono 1828 o enviar un mensaje de WhatsApp al 099389486.<\/p>\n","protected":false},"excerpt":{"rendered":"<p>La Intendencia de Canelones, a trav\u00e9s de su programa Hogares Sustentables, entreg\u00f3 equipamientos a 800&#8230;<\/p>\n","protected":false},"author":1,"featured_media":14677,"comment_status":"closed","ping_status":"closed","sticky":false,"template":"","format":"standard","meta":{"_monsterinsights_skip_tracking":false,"_monsterinsights_sitenote_active":false,"_monsterinsights_sitenote_note":"","_monsterinsights_sitenote_category":0,"footnotes":""},"categories":[85],"tags":[],"class_list":["post-14676","post","type-post","status-publish","format-standard","has-post-thumbnail","hentry","category-salinas"],"featured_image_urls":{"full":["https:\/\/diariotiempo.com.uy\/noticias\/wp-content\/uploads\/2024\/05\/salinas.jpg",900,600,false],"thumbnail":["https:\/\/diariotiempo.com.uy\/noticias\/wp-content\/uploads\/2024\/05\/salinas-150x150.jpg",150,150,true],"medium":["https:\/\/diariotiempo.com.uy\/noticias\/wp-content\/uploads\/2024\/05\/salinas-300x200.jpg",300,200,true],"medium_large":["https:\/\/diariotiempo.com.uy\/noticias\/wp-content\/uploads\/2024\/05\/salinas-768x512.jpg",640,427,true],"large":["https:\/\/diariotiempo.com.uy\/noticias\/wp-content\/uploads\/2024\/05\/salinas.jpg",640,427,false],"rpg_gallery_admin_thumb":["https:\/\/diariotiempo.com.uy\/noticias\/wp-content\/uploads\/2024\/05\/salinas-150x150.jpg",150,150,true],"rpg_gallery_thumb":["https:\/\/diariotiempo.com.uy\/noticias\/wp-content\/uploads\/2024\/05\/salinas-150x150.jpg",150,150,true],"1536x1536":["https:\/\/diariotiempo.com.uy\/noticias\/wp-content\/uploads\/2024\/05\/salinas.jpg",900,600,false],"2048x2048":["https:\/\/diariotiempo.com.uy\/noticias\/wp-content\/uploads\/2024\/05\/salinas.jpg",900,600,false],"covernews-slider-full":["https:\/\/diariotiempo.com.uy\/noticias\/wp-content\/uploads\/2024\/05\/salinas.jpg",900,600,false],"covernews-slider-center":["https:\/\/diariotiempo.com.uy\/noticias\/wp-content\/uploads\/2024\/05\/salinas-800x500.jpg",800,500,true],"covernews-featured":["https:\/\/diariotiempo.com.uy\/noticias\/wp-content\/uploads\/2024\/05\/salinas.jpg",900,600,false],"covernews-medium":["https:\/\/diariotiempo.com.uy\/noticias\/wp-content\/uploads\/2024\/05\/salinas-540x340.jpg",540,340,true],"covernews-medium-square":["https:\/\/diariotiempo.com.uy\/noticias\/wp-content\/uploads\/2024\/05\/salinas-400x250.jpg",400,250,true]},"author_info":{"display_name":"diario","author_link":"https:\/\/diariotiempo.com.uy\/noticias\/author\/diario\/"},"category_info":"<a href=\"https:\/\/diariotiempo.com.uy\/noticias\/category\/departamental\/salinas\/\" rel=\"category tag\">Salinas<\/a>","tag_info":"Salinas","comment_count":"0","_links":{"self":[{"href":"https:\/\/diariotiempo.com.uy\/noticias\/wp-json\/wp\/v2\/posts\/14676","targetHints":{"allow":["GET"]}}],"collection":[{"href":"https:\/\/diariotiempo.com.uy\/noticias\/wp-json\/wp\/v2\/posts"}],"about":[{"href":"https:\/\/diariotiempo.com.uy\/noticias\/wp-json\/wp\/v2\/types\/post"}],"author":[{"embeddable":true,"href":"https:\/\/diariotiempo.com.uy\/noticias\/wp-json\/wp\/v2\/users\/1"}],"replies":[{"embeddable":true,"href":"https:\/\/diariotiempo.com.uy\/noticias\/wp-json\/wp\/v2\/comments?post=14676"}],"version-history":[{"count":2,"href":"https:\/\/diariotiempo.com.uy\/noticias\/wp-json\/wp\/v2\/posts\/14676\/revisions"}],"predecessor-version":[{"id":14679,"href":"https:\/\/diariotiempo.com.uy\/noticias\/wp-json\/wp\/v2\/posts\/14676\/revisions\/14679"}],"wp:featuredmedia":[{"embeddable":true,"href":"https:\/\/diariotiempo.com.uy\/noticias\/wp-json\/wp\/v2\/media\/14677"}],"wp:attachment":[{"href":"https:\/\/diariotiempo.com.uy\/noticias\/wp-json\/wp\/v2\/media?parent=14676"}],"wp:term":[{"taxonomy":"category","embeddable":true,"href":"https:\/\/diariotiempo.com.uy\/noticias\/wp-json\/wp\/v2\/categories?post=14676"},{"taxonomy":"post_tag","embeddable":true,"href":"https:\/\/diariotiempo.com.uy\/noticias\/wp-json\/wp\/v2\/tags?post=14676"}],"curies":[{"name":"wp","href":"https:\/\/api.w.org\/{rel}","templated":true}]}}