{"id":14680,"date":"2024-05-17T14:44:07","date_gmt":"2024-05-17T14:44:07","guid":{"rendered":"https:\/\/diariotiempo.com.uy\/noticias\/?p=14680"},"modified":"2024-05-17T14:44:08","modified_gmt":"2024-05-17T14:44:08","slug":"congreso-nacional-de-ediles-reunio-a-representantes-de-todo-el-pais","status":"publish","type":"post","link":"https:\/\/diariotiempo.com.uy\/noticias\/2024\/05\/17\/congreso-nacional-de-ediles-reunio-a-representantes-de-todo-el-pais\/","title":{"rendered":"Congreso Nacional de Ediles reuni\u00f3 a representantes de todo el pa\u00eds"},"content":{"rendered":"\n<figure class=\"wp-block-image size-full\"><img loading=\"lazy\" decoding=\"async\" width=\"800\" height=\"432\" src=\"https:\/\/diariotiempo.com.uy\/noticias\/wp-content\/uploads\/2024\/05\/atlantida.jpg\" alt=\"\" class=\"wp-image-14681\" srcset=\"https:\/\/diariotiempo.com.uy\/noticias\/wp-content\/uploads\/2024\/05\/atlantida.jpg 800w, https:\/\/diariotiempo.com.uy\/noticias\/wp-content\/uploads\/2024\/05\/atlantida-300x162.jpg 300w, https:\/\/diariotiempo.com.uy\/noticias\/wp-content\/uploads\/2024\/05\/atlantida-768x415.jpg 768w\" sizes=\"auto, (max-width: 800px) 100vw, 800px\" \/><\/figure>\n\n\n\n<p>El Congreso Nacional de Ediles reuni\u00f3 a representantes de todo el pa\u00eds en Atl\u00e1ntida, donde sesionaron sus Comisiones Asesoras y Mesa Permanente, para continuar trabajando en diversas tem\u00e1ticas. El Intendente de Canelones, Marcelo Metediera, junto a otras autoridades departamentales, particip\u00f3 del encuentro reivindicando el rol del Legislativo Departamental.<\/p>\n\n\n\n<p>Metediera resalt\u00f3 la importancia de estos encuentros como instancias de reflexi\u00f3n colectiva y aprendizaje mutuo, en los que se pueden analizar las realidades de cada departamento y encontrar soluciones conjuntas a desaf\u00edos comunes, como el turismo y los problemas clim\u00e1ticos. Asimismo, expres\u00f3 su confianza en que el di\u00e1logo entre ediles de diferentes regiones contribuir\u00e1 al mejoramiento de la calidad de vida de los ciudadanos.<\/p>\n\n\n\n<p>El Presidente de la Junta Departamental de Canelones, Diego N\u00fa\u00f1ez, destac\u00f3 los avances en la descentralizaci\u00f3n, que busca que los decretos municipales sean similares en todos los departamentos para promover una gesti\u00f3n uniforme a nivel local.<\/p>\n\n\n\n<p>Tem\u00e1ticas abordadas<\/p>\n\n\n\n<p>Durante el encuentro, que tuvo lugar en el Espacio D\u00ednamo, los asistentes abordaron temas relacionados al turismo, la seguridad vial y la posible regulaci\u00f3n vinculada a la pr\u00e1ctica conocida como sangr\u00eda de yeguas.<\/p>\n\n\n\n<p>La Presidenta del Congreso Nacional de Ediles, Patricia Pel\u00faa, se refiri\u00f3 al ejemplo de Canelones, donde la sangr\u00eda est\u00e1 prohibida a partir de una normativa espec\u00edfica aprobada en la Junta Departamental, y enfatiz\u00f3 la necesidad de tomar definiciones a escala nacional.<\/p>\n\n\n\n<p>Por su parte, N\u00fa\u00f1ez inform\u00f3 que se est\u00e1 elaborando una agenda de turismo nacional, que surgir\u00e1 del congreso y servir\u00e1 como insumo para la definici\u00f3n de pol\u00edticas p\u00fablicas del propio Ministerio de Turismo.<\/p>\n","protected":false},"excerpt":{"rendered":"<p>El Congreso Nacional de Ediles reuni\u00f3 a representantes de todo el pa\u00eds en Atl\u00e1ntida, donde&#8230;<\/p>\n","protected":false},"author":1,"featured_media":14681,"comment_status":"closed","ping_status":"closed","sticky":false,"template":"","format":"standard","meta":{"_monsterinsights_skip_tracking":false,"_monsterinsights_sitenote_active":false,"_monsterinsights_sitenote_note":"","_monsterinsights_sitenote_category":0,"footnotes":""},"categories":[25],"tags":[],"class_list":["post-14680","post","type-post","status-publish","format-standard","has-post-thumbnail","hentry","category-atlantida"],"featured_image_urls":{"full":["https:\/\/diariotiempo.com.uy\/noticias\/wp-content\/uploads\/2024\/05\/atlantida.jpg",800,432,false],"thumbnail":["https:\/\/diariotiempo.com.uy\/noticias\/wp-content\/uploads\/2024\/05\/atlantida-150x150.jpg",150,150,true],"medium":["https:\/\/diariotiempo.com.uy\/noticias\/wp-content\/uploads\/2024\/05\/atlantida-300x162.jpg",300,162,true],"medium_large":["https:\/\/diariotiempo.com.uy\/noticias\/wp-content\/uploads\/2024\/05\/atlantida-768x415.jpg",640,346,true],"large":["https:\/\/diariotiempo.com.uy\/noticias\/wp-content\/uploads\/2024\/05\/atlantida.jpg",640,346,false],"rpg_gallery_admin_thumb":["https:\/\/diariotiempo.com.uy\/noticias\/wp-content\/uploads\/2024\/05\/atlantida-150x150.jpg",150,150,true],"rpg_gallery_thumb":["https:\/\/diariotiempo.com.uy\/noticias\/wp-content\/uploads\/2024\/05\/atlantida-150x150.jpg",150,150,true],"1536x1536":["https:\/\/diariotiempo.com.uy\/noticias\/wp-content\/uploads\/2024\/05\/atlantida.jpg",800,432,false],"2048x2048":["https:\/\/diariotiempo.com.uy\/noticias\/wp-content\/uploads\/2024\/05\/atlantida.jpg",800,432,false],"covernews-slider-full":["https:\/\/diariotiempo.com.uy\/noticias\/wp-content\/uploads\/2024\/05\/atlantida.jpg",800,432,false],"covernews-slider-center":["https:\/\/diariotiempo.com.uy\/noticias\/wp-content\/uploads\/2024\/05\/atlantida.jpg",800,432,false],"covernews-featured":["https:\/\/diariotiempo.com.uy\/noticias\/wp-content\/uploads\/2024\/05\/atlantida.jpg",800,432,false],"covernews-medium":["https:\/\/diariotiempo.com.uy\/noticias\/wp-content\/uploads\/2024\/05\/atlantida-540x340.jpg",540,340,true],"covernews-medium-square":["https:\/\/diariotiempo.com.uy\/noticias\/wp-content\/uploads\/2024\/05\/atlantida-400x250.jpg",400,250,true]},"author_info":{"display_name":"diario","author_link":"https:\/\/diariotiempo.com.uy\/noticias\/author\/diario\/"},"category_info":"<a href=\"https:\/\/diariotiempo.com.uy\/noticias\/category\/departamental\/atlantida\/\" rel=\"category tag\">Atl\u00e1ntida<\/a>","tag_info":"Atl\u00e1ntida","comment_count":"0","_links":{"self":[{"href":"https:\/\/diariotiempo.com.uy\/noticias\/wp-json\/wp\/v2\/posts\/14680","targetHints":{"allow":["GET"]}}],"collection":[{"href":"https:\/\/diariotiempo.com.uy\/noticias\/wp-json\/wp\/v2\/posts"}],"about":[{"href":"https:\/\/diariotiempo.com.uy\/noticias\/wp-json\/wp\/v2\/types\/post"}],"author":[{"embeddable":true,"href":"https:\/\/diariotiempo.com.uy\/noticias\/wp-json\/wp\/v2\/users\/1"}],"replies":[{"embeddable":true,"href":"https:\/\/diariotiempo.com.uy\/noticias\/wp-json\/wp\/v2\/comments?post=14680"}],"version-history":[{"count":1,"href":"https:\/\/diariotiempo.com.uy\/noticias\/wp-json\/wp\/v2\/posts\/14680\/revisions"}],"predecessor-version":[{"id":14682,"href":"https:\/\/diariotiempo.com.uy\/noticias\/wp-json\/wp\/v2\/posts\/14680\/revisions\/14682"}],"wp:featuredmedia":[{"embeddable":true,"href":"https:\/\/diariotiempo.com.uy\/noticias\/wp-json\/wp\/v2\/media\/14681"}],"wp:attachment":[{"href":"https:\/\/diariotiempo.com.uy\/noticias\/wp-json\/wp\/v2\/media?parent=14680"}],"wp:term":[{"taxonomy":"category","embeddable":true,"href":"https:\/\/diariotiempo.com.uy\/noticias\/wp-json\/wp\/v2\/categories?post=14680"},{"taxonomy":"post_tag","embeddable":true,"href":"https:\/\/diariotiempo.com.uy\/noticias\/wp-json\/wp\/v2\/tags?post=14680"}],"curies":[{"name":"wp","href":"https:\/\/api.w.org\/{rel}","templated":true}]}}