{"id":14686,"date":"2024-05-17T14:46:17","date_gmt":"2024-05-17T14:46:17","guid":{"rendered":"https:\/\/diariotiempo.com.uy\/noticias\/?p=14686"},"modified":"2024-05-17T14:46:18","modified_gmt":"2024-05-17T14:46:18","slug":"intendencia-inicio-el-proceso-de-recambio-de-semaforos-incorporando-camaras-y-sensores","status":"publish","type":"post","link":"https:\/\/diariotiempo.com.uy\/noticias\/2024\/05\/17\/intendencia-inicio-el-proceso-de-recambio-de-semaforos-incorporando-camaras-y-sensores\/","title":{"rendered":"Intendencia inici\u00f3 el proceso de recambio de sem\u00e1foros incorporando \u00a0c\u00e1maras y sensores"},"content":{"rendered":"\n<figure class=\"wp-block-image size-full\"><img loading=\"lazy\" decoding=\"async\" width=\"900\" height=\"675\" src=\"https:\/\/diariotiempo.com.uy\/noticias\/wp-content\/uploads\/2024\/05\/semaforo.jpg\" alt=\"\" class=\"wp-image-14687\" srcset=\"https:\/\/diariotiempo.com.uy\/noticias\/wp-content\/uploads\/2024\/05\/semaforo.jpg 900w, https:\/\/diariotiempo.com.uy\/noticias\/wp-content\/uploads\/2024\/05\/semaforo-300x225.jpg 300w, https:\/\/diariotiempo.com.uy\/noticias\/wp-content\/uploads\/2024\/05\/semaforo-768x576.jpg 768w\" sizes=\"auto, (max-width: 900px) 100vw, 900px\" \/><\/figure>\n\n\n\n<p>La &nbsp;Intendencia de Canelones, a trav\u00e9s de la &nbsp;Direcci\u00f3n General de Tr\u00e1nsito y Transporte, &nbsp;inici\u00f3 el proceso de recambio de sem\u00e1foros incorporando modernos dispositivos que podr\u00e1n funcionar &nbsp;con c\u00e1maras y sensores. El proceso, que se extender\u00e1 a todo el departamento, se inici\u00f3 esta semana en Ciudad de la Costa con la instalaci\u00f3n de nuevas unidades en la Rambla Costanera y Av. Central, para continuar sobre Av. Giannattasio.<\/p>\n\n\n\n<p>El Director General de Tr\u00e1nsito y Transporte de la Intendencia, Alejandro Alberro, explic\u00f3 que la instalaci\u00f3n de estos sem\u00e1foros no solamente permite un control desde la central de monitoreo sino que otorga agilidad al tr\u00e1nsito porque habilita el cruce necesario, el que tiene veh\u00edculos esperando, cuando el otro est\u00e9 vac\u00edo.<\/p>\n\n\n\n<p>La inversi\u00f3n prevista para este a\u00f1o en la modernizaci\u00f3n de los dispositivos es de $ 8.000.000. La incorporaci\u00f3n de tecnolog\u00eda inteligente en el tr\u00e1nsito forma parte del trabajo constante de las autoridades para mejorar la eficiencia de los servicios y la seguridad vial en el departamento.<\/p>\n","protected":false},"excerpt":{"rendered":"<p>La &nbsp;Intendencia de Canelones, a trav\u00e9s de la &nbsp;Direcci\u00f3n General de Tr\u00e1nsito y Transporte, &nbsp;inici\u00f3&#8230;<\/p>\n","protected":false},"author":1,"featured_media":14687,"comment_status":"closed","ping_status":"closed","sticky":false,"template":"","format":"standard","meta":{"_monsterinsights_skip_tracking":false,"_monsterinsights_sitenote_active":false,"_monsterinsights_sitenote_note":"","_monsterinsights_sitenote_category":0,"footnotes":""},"categories":[4],"tags":[],"class_list":["post-14686","post","type-post","status-publish","format-standard","has-post-thumbnail","hentry","category-departamental"],"featured_image_urls":{"full":["https:\/\/diariotiempo.com.uy\/noticias\/wp-content\/uploads\/2024\/05\/semaforo.jpg",900,675,false],"thumbnail":["https:\/\/diariotiempo.com.uy\/noticias\/wp-content\/uploads\/2024\/05\/semaforo-150x150.jpg",150,150,true],"medium":["https:\/\/diariotiempo.com.uy\/noticias\/wp-content\/uploads\/2024\/05\/semaforo-300x225.jpg",300,225,true],"medium_large":["https:\/\/diariotiempo.com.uy\/noticias\/wp-content\/uploads\/2024\/05\/semaforo-768x576.jpg",640,480,true],"large":["https:\/\/diariotiempo.com.uy\/noticias\/wp-content\/uploads\/2024\/05\/semaforo.jpg",640,480,false],"rpg_gallery_admin_thumb":["https:\/\/diariotiempo.com.uy\/noticias\/wp-content\/uploads\/2024\/05\/semaforo-150x150.jpg",150,150,true],"rpg_gallery_thumb":["https:\/\/diariotiempo.com.uy\/noticias\/wp-content\/uploads\/2024\/05\/semaforo-150x150.jpg",150,150,true],"1536x1536":["https:\/\/diariotiempo.com.uy\/noticias\/wp-content\/uploads\/2024\/05\/semaforo.jpg",900,675,false],"2048x2048":["https:\/\/diariotiempo.com.uy\/noticias\/wp-content\/uploads\/2024\/05\/semaforo.jpg",900,675,false],"covernews-slider-full":["https:\/\/diariotiempo.com.uy\/noticias\/wp-content\/uploads\/2024\/05\/semaforo.jpg",900,675,false],"covernews-slider-center":["https:\/\/diariotiempo.com.uy\/noticias\/wp-content\/uploads\/2024\/05\/semaforo-800x500.jpg",800,500,true],"covernews-featured":["https:\/\/diariotiempo.com.uy\/noticias\/wp-content\/uploads\/2024\/05\/semaforo.jpg",900,675,false],"covernews-medium":["https:\/\/diariotiempo.com.uy\/noticias\/wp-content\/uploads\/2024\/05\/semaforo-540x340.jpg",540,340,true],"covernews-medium-square":["https:\/\/diariotiempo.com.uy\/noticias\/wp-content\/uploads\/2024\/05\/semaforo-400x250.jpg",400,250,true]},"author_info":{"display_name":"diario","author_link":"https:\/\/diariotiempo.com.uy\/noticias\/author\/diario\/"},"category_info":"<a href=\"https:\/\/diariotiempo.com.uy\/noticias\/category\/departamental\/\" rel=\"category tag\">DEPARTAMENTAL<\/a>","tag_info":"DEPARTAMENTAL","comment_count":"0","_links":{"self":[{"href":"https:\/\/diariotiempo.com.uy\/noticias\/wp-json\/wp\/v2\/posts\/14686","targetHints":{"allow":["GET"]}}],"collection":[{"href":"https:\/\/diariotiempo.com.uy\/noticias\/wp-json\/wp\/v2\/posts"}],"about":[{"href":"https:\/\/diariotiempo.com.uy\/noticias\/wp-json\/wp\/v2\/types\/post"}],"author":[{"embeddable":true,"href":"https:\/\/diariotiempo.com.uy\/noticias\/wp-json\/wp\/v2\/users\/1"}],"replies":[{"embeddable":true,"href":"https:\/\/diariotiempo.com.uy\/noticias\/wp-json\/wp\/v2\/comments?post=14686"}],"version-history":[{"count":1,"href":"https:\/\/diariotiempo.com.uy\/noticias\/wp-json\/wp\/v2\/posts\/14686\/revisions"}],"predecessor-version":[{"id":14688,"href":"https:\/\/diariotiempo.com.uy\/noticias\/wp-json\/wp\/v2\/posts\/14686\/revisions\/14688"}],"wp:featuredmedia":[{"embeddable":true,"href":"https:\/\/diariotiempo.com.uy\/noticias\/wp-json\/wp\/v2\/media\/14687"}],"wp:attachment":[{"href":"https:\/\/diariotiempo.com.uy\/noticias\/wp-json\/wp\/v2\/media?parent=14686"}],"wp:term":[{"taxonomy":"category","embeddable":true,"href":"https:\/\/diariotiempo.com.uy\/noticias\/wp-json\/wp\/v2\/categories?post=14686"},{"taxonomy":"post_tag","embeddable":true,"href":"https:\/\/diariotiempo.com.uy\/noticias\/wp-json\/wp\/v2\/tags?post=14686"}],"curies":[{"name":"wp","href":"https:\/\/api.w.org\/{rel}","templated":true}]}}