{"id":14726,"date":"2024-05-22T15:47:11","date_gmt":"2024-05-22T15:47:11","guid":{"rendered":"https:\/\/diariotiempo.com.uy\/noticias\/?p=14726"},"modified":"2024-05-22T15:55:16","modified_gmt":"2024-05-22T15:55:16","slug":"director-de-inumet-realizo-advertencia-por-frios-para-el-fin-de-semana","status":"publish","type":"post","link":"https:\/\/diariotiempo.com.uy\/noticias\/2024\/05\/22\/director-de-inumet-realizo-advertencia-por-frios-para-el-fin-de-semana\/","title":{"rendered":"Director de INUMET realiz\u00f3 advertencia por frios para el fin de semana"},"content":{"rendered":"\n<figure class=\"wp-block-image aligncenter size-full\"><img loading=\"lazy\" decoding=\"async\" width=\"665\" height=\"663\" src=\"https:\/\/diariotiempo.com.uy\/noticias\/wp-content\/uploads\/2024\/05\/mapa.jpg\" alt=\"\" class=\"wp-image-14727\" srcset=\"https:\/\/diariotiempo.com.uy\/noticias\/wp-content\/uploads\/2024\/05\/mapa.jpg 665w, https:\/\/diariotiempo.com.uy\/noticias\/wp-content\/uploads\/2024\/05\/mapa-300x300.jpg 300w, https:\/\/diariotiempo.com.uy\/noticias\/wp-content\/uploads\/2024\/05\/mapa-150x150.jpg 150w\" sizes=\"auto, (max-width: 665px) 100vw, 665px\" \/><\/figure>\n\n\n\n<p>N\u00e9stor Santayana adelant\u00f3 la llegada de un pulso de aire fr\u00edo, informaci\u00f3n que coincide con lo previsto en Argentina<\/p>\n\n\n\n<p>En el inicio de la semana pasada, el meteor\u00f3logo N\u00e9stor Santayana, director del Instituto Uruguayo de Meteorolog\u00eda (Inumet), advirti\u00f3 por el comienzo del per\u00edodo m\u00e1s fr\u00edo desde que inici\u00f3 el a\u00f1o.  En concreto, anunci\u00f3 \u201canomal\u00edas negativas de temperatura que se extender\u00edan hasta ayer, 20 de mayo.<\/p>\n\n\n\n<p>En las \u00faltimas horas, Santayana divulg\u00f3 en redes sociales un nuevo anuncio acerca temperaturas rigurosas en nuestro pa\u00eds.<\/p>\n\n\n\n<p>\u201cM\u00e1s fr\u00edo llegar\u00e1 a Uruguay. Entre el viernes 24 y el martes 28 se espera que otro pulso de aire muy fr\u00edo afecte el pa\u00eds y la regi\u00f3n\u201d, escribi\u00f3 en redes sociales<\/p>\n\n\n\n<p>El profesional adjunt\u00f3 un mapa en el que se ve c\u00f3mo Uruguay queda incluido en una \u201czona g\u00e9lida\u201d que incluye la mayor parte del territorio argentino y tambi\u00e9n el sur de Brasil.<\/p>\n\n\n\n<p>Tambi\u00e9n difundi\u00f3 un gr\u00e1fico que se\u00f1ala temperaturas m\u00e1ximas que apenas alcanzar\u00edan los dos d\u00edgitos, y m\u00ednimas bajo cero.<\/p>\n\n\n\n<p>Para ese mismo per\u00edodo, Inumet adelanta m\u00e1ximas de 12 grados y m\u00ednimas de 4.  En cuanto a los modelos internacionales, coinciden con Santayana en temperaturas m\u00e1ximas bajas, que no superar\u00edan los 11 grados.<\/p>\n\n\n\n<p>Temperaturas m\u00e1ximas para el pr\u00f3ximo s\u00e1bado a las 08:00 horas seg\u00fan el modelo Icon, dise\u00f1ado por el Centro Meteorol\u00f3gico Alem\u00e1n.<\/p>\n\n\n\n<p>Se espera que el pulso fr\u00edo que se aproxima desde el sur y oeste provoque temperaturas muy bajas en la vecina provincia de Buenos Aires, donde podr\u00edan ocurrir nevadas.<\/p>\n","protected":false},"excerpt":{"rendered":"<p>N\u00e9stor Santayana adelant\u00f3 la llegada de un pulso de aire fr\u00edo, informaci\u00f3n que coincide con&#8230;<\/p>\n","protected":false},"author":1,"featured_media":14727,"comment_status":"closed","ping_status":"closed","sticky":false,"template":"","format":"standard","meta":{"_monsterinsights_skip_tracking":false,"_monsterinsights_sitenote_active":false,"_monsterinsights_sitenote_note":"","_monsterinsights_sitenote_category":0,"footnotes":""},"categories":[11],"tags":[],"class_list":["post-14726","post","type-post","status-publish","format-standard","has-post-thumbnail","hentry","category-noticia-destacada"],"featured_image_urls":{"full":["https:\/\/diariotiempo.com.uy\/noticias\/wp-content\/uploads\/2024\/05\/mapa.jpg",665,663,false],"thumbnail":["https:\/\/diariotiempo.com.uy\/noticias\/wp-content\/uploads\/2024\/05\/mapa-150x150.jpg",150,150,true],"medium":["https:\/\/diariotiempo.com.uy\/noticias\/wp-content\/uploads\/2024\/05\/mapa-300x300.jpg",300,300,true],"medium_large":["https:\/\/diariotiempo.com.uy\/noticias\/wp-content\/uploads\/2024\/05\/mapa.jpg",640,638,false],"large":["https:\/\/diariotiempo.com.uy\/noticias\/wp-content\/uploads\/2024\/05\/mapa.jpg",640,638,false],"rpg_gallery_admin_thumb":["https:\/\/diariotiempo.com.uy\/noticias\/wp-content\/uploads\/2024\/05\/mapa-150x150.jpg",150,150,true],"rpg_gallery_thumb":["https:\/\/diariotiempo.com.uy\/noticias\/wp-content\/uploads\/2024\/05\/mapa-150x150.jpg",150,150,true],"1536x1536":["https:\/\/diariotiempo.com.uy\/noticias\/wp-content\/uploads\/2024\/05\/mapa.jpg",665,663,false],"2048x2048":["https:\/\/diariotiempo.com.uy\/noticias\/wp-content\/uploads\/2024\/05\/mapa.jpg",665,663,false],"covernews-slider-full":["https:\/\/diariotiempo.com.uy\/noticias\/wp-content\/uploads\/2024\/05\/mapa.jpg",665,663,false],"covernews-slider-center":["https:\/\/diariotiempo.com.uy\/noticias\/wp-content\/uploads\/2024\/05\/mapa-665x500.jpg",665,500,true],"covernews-featured":["https:\/\/diariotiempo.com.uy\/noticias\/wp-content\/uploads\/2024\/05\/mapa.jpg",665,663,false],"covernews-medium":["https:\/\/diariotiempo.com.uy\/noticias\/wp-content\/uploads\/2024\/05\/mapa-540x340.jpg",540,340,true],"covernews-medium-square":["https:\/\/diariotiempo.com.uy\/noticias\/wp-content\/uploads\/2024\/05\/mapa-400x250.jpg",400,250,true]},"author_info":{"display_name":"diario","author_link":"https:\/\/diariotiempo.com.uy\/noticias\/author\/diario\/"},"category_info":"<a href=\"https:\/\/diariotiempo.com.uy\/noticias\/category\/noticia-destacada\/\" rel=\"category tag\">NOTICIA DESTACADA<\/a>","tag_info":"NOTICIA DESTACADA","comment_count":"0","_links":{"self":[{"href":"https:\/\/diariotiempo.com.uy\/noticias\/wp-json\/wp\/v2\/posts\/14726","targetHints":{"allow":["GET"]}}],"collection":[{"href":"https:\/\/diariotiempo.com.uy\/noticias\/wp-json\/wp\/v2\/posts"}],"about":[{"href":"https:\/\/diariotiempo.com.uy\/noticias\/wp-json\/wp\/v2\/types\/post"}],"author":[{"embeddable":true,"href":"https:\/\/diariotiempo.com.uy\/noticias\/wp-json\/wp\/v2\/users\/1"}],"replies":[{"embeddable":true,"href":"https:\/\/diariotiempo.com.uy\/noticias\/wp-json\/wp\/v2\/comments?post=14726"}],"version-history":[{"count":3,"href":"https:\/\/diariotiempo.com.uy\/noticias\/wp-json\/wp\/v2\/posts\/14726\/revisions"}],"predecessor-version":[{"id":14733,"href":"https:\/\/diariotiempo.com.uy\/noticias\/wp-json\/wp\/v2\/posts\/14726\/revisions\/14733"}],"wp:featuredmedia":[{"embeddable":true,"href":"https:\/\/diariotiempo.com.uy\/noticias\/wp-json\/wp\/v2\/media\/14727"}],"wp:attachment":[{"href":"https:\/\/diariotiempo.com.uy\/noticias\/wp-json\/wp\/v2\/media?parent=14726"}],"wp:term":[{"taxonomy":"category","embeddable":true,"href":"https:\/\/diariotiempo.com.uy\/noticias\/wp-json\/wp\/v2\/categories?post=14726"},{"taxonomy":"post_tag","embeddable":true,"href":"https:\/\/diariotiempo.com.uy\/noticias\/wp-json\/wp\/v2\/tags?post=14726"}],"curies":[{"name":"wp","href":"https:\/\/api.w.org\/{rel}","templated":true}]}}