{"id":14824,"date":"2024-05-31T15:16:53","date_gmt":"2024-05-31T15:16:53","guid":{"rendered":"https:\/\/diariotiempo.com.uy\/noticias\/?p=14824"},"modified":"2024-05-31T15:16:54","modified_gmt":"2024-05-31T15:16:54","slug":"con-un-gran-marco-de-publico-se-realizo-la-reaperturade-la-bibilioteca-publica-elio-zinola-en-casa-de-la-cultura","status":"publish","type":"post","link":"https:\/\/diariotiempo.com.uy\/noticias\/2024\/05\/31\/con-un-gran-marco-de-publico-se-realizo-la-reaperturade-la-bibilioteca-publica-elio-zinola-en-casa-de-la-cultura\/","title":{"rendered":"Con un gran marco de p\u00fablico se realiz\u00f3 la reaperturade la Bibilioteca p\u00fablica Elio Zinola en Casa de la Cultura"},"content":{"rendered":"\n<figure class=\"wp-block-gallery has-nested-images columns-default is-cropped wp-block-gallery-1 is-layout-flex wp-block-gallery-is-layout-flex\">\n<figure class=\"wp-block-image size-large\"><img loading=\"lazy\" decoding=\"async\" width=\"533\" height=\"786\" data-id=\"14826\" src=\"https:\/\/diariotiempo.com.uy\/noticias\/wp-content\/uploads\/2024\/05\/bibilioteca-mazzei.jpg\" alt=\"\" class=\"wp-image-14826\" srcset=\"https:\/\/diariotiempo.com.uy\/noticias\/wp-content\/uploads\/2024\/05\/bibilioteca-mazzei.jpg 533w, https:\/\/diariotiempo.com.uy\/noticias\/wp-content\/uploads\/2024\/05\/bibilioteca-mazzei-203x300.jpg 203w\" sizes=\"auto, (max-width: 533px) 100vw, 533px\" \/><\/figure>\n\n\n\n<figure class=\"wp-block-image size-large\"><img loading=\"lazy\" decoding=\"async\" width=\"510\" height=\"673\" data-id=\"14825\" src=\"https:\/\/diariotiempo.com.uy\/noticias\/wp-content\/uploads\/2024\/05\/biblioteca-bufanda.jpg\" alt=\"\" class=\"wp-image-14825\" srcset=\"https:\/\/diariotiempo.com.uy\/noticias\/wp-content\/uploads\/2024\/05\/biblioteca-bufanda.jpg 510w, https:\/\/diariotiempo.com.uy\/noticias\/wp-content\/uploads\/2024\/05\/biblioteca-bufanda-227x300.jpg 227w\" sizes=\"auto, (max-width: 510px) 100vw, 510px\" \/><\/figure>\n\n\n\n<figure class=\"wp-block-image size-large\"><img loading=\"lazy\" decoding=\"async\" width=\"518\" height=\"668\" data-id=\"14827\" src=\"https:\/\/diariotiempo.com.uy\/noticias\/wp-content\/uploads\/2024\/05\/bibliotece-mesa.jpg\" alt=\"\" class=\"wp-image-14827\" srcset=\"https:\/\/diariotiempo.com.uy\/noticias\/wp-content\/uploads\/2024\/05\/bibliotece-mesa.jpg 518w, https:\/\/diariotiempo.com.uy\/noticias\/wp-content\/uploads\/2024\/05\/bibliotece-mesa-233x300.jpg 233w\" sizes=\"auto, (max-width: 518px) 100vw, 518px\" \/><\/figure>\n\n\n\n<figure class=\"wp-block-image size-large\"><img loading=\"lazy\" decoding=\"async\" width=\"700\" height=\"932\" data-id=\"14828\" src=\"https:\/\/diariotiempo.com.uy\/noticias\/wp-content\/uploads\/2024\/05\/bilioteca-gente.jpg\" alt=\"\" class=\"wp-image-14828\" srcset=\"https:\/\/diariotiempo.com.uy\/noticias\/wp-content\/uploads\/2024\/05\/bilioteca-gente.jpg 700w, https:\/\/diariotiempo.com.uy\/noticias\/wp-content\/uploads\/2024\/05\/bilioteca-gente-225x300.jpg 225w\" sizes=\"auto, (max-width: 700px) 100vw, 700px\" \/><\/figure>\n<\/figure>\n\n\n\n<p>En la tarde del viernes 24 de mayo se realiz\u00f3 la reapertura de la biblioteca p\u00fablica Municipal don Elio A. Zinola.<\/p>\n\n\n\n<p>Con un gran marco de p\u00fablico, con presencia de personalidades de la ciudad, autoridades locales y departamentales qued\u00f3 habilitada la biblioteca para todas y todos los y las vecinas de nuestro comunidad.<\/p>\n\n\n\n<p>Esta reapertura fue gracias al esfuerzo de vecinos comprometidos, funcionarios del Municipio y de la Direcci\u00f3n de Cultura del Gobierno de Canelones.<\/p>\n","protected":false},"excerpt":{"rendered":"<p>En la tarde del viernes 24 de mayo se realiz\u00f3 la reapertura de la biblioteca&#8230;<\/p>\n","protected":false},"author":1,"featured_media":14828,"comment_status":"closed","ping_status":"closed","sticky":false,"template":"","format":"standard","meta":{"_monsterinsights_skip_tracking":false,"_monsterinsights_sitenote_active":false,"_monsterinsights_sitenote_note":"","_monsterinsights_sitenote_category":0,"footnotes":""},"categories":[11],"tags":[],"class_list":["post-14824","post","type-post","status-publish","format-standard","has-post-thumbnail","hentry","category-noticia-destacada"],"featured_image_urls":{"full":["https:\/\/diariotiempo.com.uy\/noticias\/wp-content\/uploads\/2024\/05\/bilioteca-gente.jpg",700,932,false],"thumbnail":["https:\/\/diariotiempo.com.uy\/noticias\/wp-content\/uploads\/2024\/05\/bilioteca-gente-150x150.jpg",150,150,true],"medium":["https:\/\/diariotiempo.com.uy\/noticias\/wp-content\/uploads\/2024\/05\/bilioteca-gente-225x300.jpg",225,300,true],"medium_large":["https:\/\/diariotiempo.com.uy\/noticias\/wp-content\/uploads\/2024\/05\/bilioteca-gente.jpg",640,852,false],"large":["https:\/\/diariotiempo.com.uy\/noticias\/wp-content\/uploads\/2024\/05\/bilioteca-gente.jpg",640,852,false],"rpg_gallery_admin_thumb":["https:\/\/diariotiempo.com.uy\/noticias\/wp-content\/uploads\/2024\/05\/bilioteca-gente-150x150.jpg",150,150,true],"rpg_gallery_thumb":["https:\/\/diariotiempo.com.uy\/noticias\/wp-content\/uploads\/2024\/05\/bilioteca-gente-150x150.jpg",150,150,true],"1536x1536":["https:\/\/diariotiempo.com.uy\/noticias\/wp-content\/uploads\/2024\/05\/bilioteca-gente.jpg",700,932,false],"2048x2048":["https:\/\/diariotiempo.com.uy\/noticias\/wp-content\/uploads\/2024\/05\/bilioteca-gente.jpg",700,932,false],"covernews-slider-full":["https:\/\/diariotiempo.com.uy\/noticias\/wp-content\/uploads\/2024\/05\/bilioteca-gente-700x715.jpg",700,715,true],"covernews-slider-center":["https:\/\/diariotiempo.com.uy\/noticias\/wp-content\/uploads\/2024\/05\/bilioteca-gente-700x500.jpg",700,500,true],"covernews-featured":["https:\/\/diariotiempo.com.uy\/noticias\/wp-content\/uploads\/2024\/05\/bilioteca-gente.jpg",700,932,false],"covernews-medium":["https:\/\/diariotiempo.com.uy\/noticias\/wp-content\/uploads\/2024\/05\/bilioteca-gente-540x340.jpg",540,340,true],"covernews-medium-square":["https:\/\/diariotiempo.com.uy\/noticias\/wp-content\/uploads\/2024\/05\/bilioteca-gente-400x250.jpg",400,250,true]},"author_info":{"display_name":"diario","author_link":"https:\/\/diariotiempo.com.uy\/noticias\/author\/diario\/"},"category_info":"<a href=\"https:\/\/diariotiempo.com.uy\/noticias\/category\/noticia-destacada\/\" rel=\"category tag\">NOTICIA DESTACADA<\/a>","tag_info":"NOTICIA DESTACADA","comment_count":"0","_links":{"self":[{"href":"https:\/\/diariotiempo.com.uy\/noticias\/wp-json\/wp\/v2\/posts\/14824","targetHints":{"allow":["GET"]}}],"collection":[{"href":"https:\/\/diariotiempo.com.uy\/noticias\/wp-json\/wp\/v2\/posts"}],"about":[{"href":"https:\/\/diariotiempo.com.uy\/noticias\/wp-json\/wp\/v2\/types\/post"}],"author":[{"embeddable":true,"href":"https:\/\/diariotiempo.com.uy\/noticias\/wp-json\/wp\/v2\/users\/1"}],"replies":[{"embeddable":true,"href":"https:\/\/diariotiempo.com.uy\/noticias\/wp-json\/wp\/v2\/comments?post=14824"}],"version-history":[{"count":1,"href":"https:\/\/diariotiempo.com.uy\/noticias\/wp-json\/wp\/v2\/posts\/14824\/revisions"}],"predecessor-version":[{"id":14829,"href":"https:\/\/diariotiempo.com.uy\/noticias\/wp-json\/wp\/v2\/posts\/14824\/revisions\/14829"}],"wp:featuredmedia":[{"embeddable":true,"href":"https:\/\/diariotiempo.com.uy\/noticias\/wp-json\/wp\/v2\/media\/14828"}],"wp:attachment":[{"href":"https:\/\/diariotiempo.com.uy\/noticias\/wp-json\/wp\/v2\/media?parent=14824"}],"wp:term":[{"taxonomy":"category","embeddable":true,"href":"https:\/\/diariotiempo.com.uy\/noticias\/wp-json\/wp\/v2\/categories?post=14824"},{"taxonomy":"post_tag","embeddable":true,"href":"https:\/\/diariotiempo.com.uy\/noticias\/wp-json\/wp\/v2\/tags?post=14824"}],"curies":[{"name":"wp","href":"https:\/\/api.w.org\/{rel}","templated":true}]}}