{"id":14830,"date":"2024-05-31T15:18:29","date_gmt":"2024-05-31T15:18:29","guid":{"rendered":"https:\/\/diariotiempo.com.uy\/noticias\/?p=14830"},"modified":"2024-05-31T15:18:30","modified_gmt":"2024-05-31T15:18:30","slug":"actividades-por-mayo-amarillo-en-el-roosevelt","status":"publish","type":"post","link":"https:\/\/diariotiempo.com.uy\/noticias\/2024\/05\/31\/actividades-por-mayo-amarillo-en-el-roosevelt\/","title":{"rendered":"Actividades por Mayo Amarillo en el Roosevelt"},"content":{"rendered":"\n<figure class=\"wp-block-image size-full\"><img loading=\"lazy\" decoding=\"async\" width=\"900\" height=\"601\" src=\"https:\/\/diariotiempo.com.uy\/noticias\/wp-content\/uploads\/2024\/05\/aa-4.jpg\" alt=\"\" class=\"wp-image-14831\" srcset=\"https:\/\/diariotiempo.com.uy\/noticias\/wp-content\/uploads\/2024\/05\/aa-4.jpg 900w, https:\/\/diariotiempo.com.uy\/noticias\/wp-content\/uploads\/2024\/05\/aa-4-300x200.jpg 300w, https:\/\/diariotiempo.com.uy\/noticias\/wp-content\/uploads\/2024\/05\/aa-4-768x513.jpg 768w\" sizes=\"auto, (max-width: 900px) 100vw, 900px\" \/><\/figure>\n\n\n\n<p>Bajo el lema La paz en el tr\u00e1nsito comienza contigo se realiz\u00f3 una nueva edici\u00f3n de la Feria de Seguridad Vial en el Parque Roosevelt en el marco de la campa\u00f1a de concientizaci\u00f3n denominada Mayo Amarillo. De la actividad, organizada por la Intendencia, a trav\u00e9s de la Direcci\u00f3n General de Tr\u00e1nsito y Transporte, participaron instituciones nacionales, departamentales y locales vinculadas a la tem\u00e1tica.<\/p>\n\n\n\n<p>El Intendente, Marcelo Metediera, quien recorri\u00f3 el predio ferial, reflexion\u00f3 sobre la importancia de anexar la educaci\u00f3n vial a la curricula para concientizar sobre el respeto a las reglas de tr\u00e1nsito desde temprana edad y afirm\u00f3 que la libreta por puntos implicar\u00e1 un cambio en la mentalidad de la poblaci\u00f3n a la hora de cumplir con las normativa vigente.<\/p>\n\n\n\n<p>El Director General de Tr\u00e1nsito y Transporte, Alejandro Alberro, sostuvo que los \u00edndices de siniestralidad en el pa\u00eds siguen siendo preocupantes. Seg\u00fan cifras de la Unidad Nacional de Seguridad Vial (UNASEV), en el a\u00f1o 2023 hubo 422 personas fallecidas por esta causa.<\/p>\n\n\n\n<p>El jerarca reivindic\u00f3 la fiscalizaci\u00f3n como herramienta necesaria para la reducci\u00f3n de siniestros, pero afirm\u00f3 que la educaci\u00f3n es la base del \u00e9xito en cuanto a prevenci\u00f3n, al tiempo que record\u00f3 que la Direcci\u00f3n cuenta con un \u00e1rea de educaci\u00f3n vial que trabaja activamente durante todo el a\u00f1o.<\/p>\n\n\n\n<p>La Feria de Seguridad Vial cont\u00f3 con la participaci\u00f3n de instituciones como la UNASEV, la Direcci\u00f3n Nacional de Polic\u00eda Caminera, Polic\u00eda Cient\u00edfica, Direcci\u00f3n Nacional de Bomberos, Autom\u00f3vil Club del Uruguay, Fundaci\u00f3n Gonzalo Rodr\u00edguez y Academias de Choferes de Canelones, entre otras. Los expositores llevaron adelante una serie de charlas, talleres y propuestas interactivas con el p\u00fablico.<\/p>\n\n\n\n<p>Mayo Amarillo<\/p>\n\n\n\n<p>en Canelones<\/p>\n\n\n\n<p>El movimiento Mayo Amarillo se origin\u00f3 en Brasil para promover distintas acciones que aporten a la discusi\u00f3n y concientizaci\u00f3n respecto a la cantidad de personas fallecidas y lesionadas por siniestros de tr\u00e1nsito.<\/p>\n\n\n\n<p>En el departamento de Canelones, especialmente durante este mes, se realizan actividades en las instituciones educativas y diferentes organizaciones de la sociedad civil en el entendido de que cada uno de nosotros es responsable de preservar la salud y la vida al convivir en el espacio p\u00fablico.<\/p>\n","protected":false},"excerpt":{"rendered":"<p>Bajo el lema La paz en el tr\u00e1nsito comienza contigo se realiz\u00f3 una nueva edici\u00f3n&#8230;<\/p>\n","protected":false},"author":1,"featured_media":14831,"comment_status":"closed","ping_status":"closed","sticky":false,"template":"","format":"standard","meta":{"_monsterinsights_skip_tracking":false,"_monsterinsights_sitenote_active":false,"_monsterinsights_sitenote_note":"","_monsterinsights_sitenote_category":0,"footnotes":""},"categories":[83],"tags":[],"class_list":["post-14830","post","type-post","status-publish","format-standard","has-post-thumbnail","hentry","category-ciudad-de-la-costa"],"featured_image_urls":{"full":["https:\/\/diariotiempo.com.uy\/noticias\/wp-content\/uploads\/2024\/05\/aa-4.jpg",900,601,false],"thumbnail":["https:\/\/diariotiempo.com.uy\/noticias\/wp-content\/uploads\/2024\/05\/aa-4-150x150.jpg",150,150,true],"medium":["https:\/\/diariotiempo.com.uy\/noticias\/wp-content\/uploads\/2024\/05\/aa-4-300x200.jpg",300,200,true],"medium_large":["https:\/\/diariotiempo.com.uy\/noticias\/wp-content\/uploads\/2024\/05\/aa-4-768x513.jpg",640,428,true],"large":["https:\/\/diariotiempo.com.uy\/noticias\/wp-content\/uploads\/2024\/05\/aa-4.jpg",640,427,false],"rpg_gallery_admin_thumb":["https:\/\/diariotiempo.com.uy\/noticias\/wp-content\/uploads\/2024\/05\/aa-4-150x150.jpg",150,150,true],"rpg_gallery_thumb":["https:\/\/diariotiempo.com.uy\/noticias\/wp-content\/uploads\/2024\/05\/aa-4-150x150.jpg",150,150,true],"1536x1536":["https:\/\/diariotiempo.com.uy\/noticias\/wp-content\/uploads\/2024\/05\/aa-4.jpg",900,601,false],"2048x2048":["https:\/\/diariotiempo.com.uy\/noticias\/wp-content\/uploads\/2024\/05\/aa-4.jpg",900,601,false],"covernews-slider-full":["https:\/\/diariotiempo.com.uy\/noticias\/wp-content\/uploads\/2024\/05\/aa-4.jpg",900,601,false],"covernews-slider-center":["https:\/\/diariotiempo.com.uy\/noticias\/wp-content\/uploads\/2024\/05\/aa-4-800x500.jpg",800,500,true],"covernews-featured":["https:\/\/diariotiempo.com.uy\/noticias\/wp-content\/uploads\/2024\/05\/aa-4.jpg",900,601,false],"covernews-medium":["https:\/\/diariotiempo.com.uy\/noticias\/wp-content\/uploads\/2024\/05\/aa-4-540x340.jpg",540,340,true],"covernews-medium-square":["https:\/\/diariotiempo.com.uy\/noticias\/wp-content\/uploads\/2024\/05\/aa-4-400x250.jpg",400,250,true]},"author_info":{"display_name":"diario","author_link":"https:\/\/diariotiempo.com.uy\/noticias\/author\/diario\/"},"category_info":"<a href=\"https:\/\/diariotiempo.com.uy\/noticias\/category\/departamental\/ciudad-de-la-costa\/\" rel=\"category tag\">Ciudad de la Costa<\/a>","tag_info":"Ciudad de la Costa","comment_count":"0","_links":{"self":[{"href":"https:\/\/diariotiempo.com.uy\/noticias\/wp-json\/wp\/v2\/posts\/14830","targetHints":{"allow":["GET"]}}],"collection":[{"href":"https:\/\/diariotiempo.com.uy\/noticias\/wp-json\/wp\/v2\/posts"}],"about":[{"href":"https:\/\/diariotiempo.com.uy\/noticias\/wp-json\/wp\/v2\/types\/post"}],"author":[{"embeddable":true,"href":"https:\/\/diariotiempo.com.uy\/noticias\/wp-json\/wp\/v2\/users\/1"}],"replies":[{"embeddable":true,"href":"https:\/\/diariotiempo.com.uy\/noticias\/wp-json\/wp\/v2\/comments?post=14830"}],"version-history":[{"count":1,"href":"https:\/\/diariotiempo.com.uy\/noticias\/wp-json\/wp\/v2\/posts\/14830\/revisions"}],"predecessor-version":[{"id":14832,"href":"https:\/\/diariotiempo.com.uy\/noticias\/wp-json\/wp\/v2\/posts\/14830\/revisions\/14832"}],"wp:featuredmedia":[{"embeddable":true,"href":"https:\/\/diariotiempo.com.uy\/noticias\/wp-json\/wp\/v2\/media\/14831"}],"wp:attachment":[{"href":"https:\/\/diariotiempo.com.uy\/noticias\/wp-json\/wp\/v2\/media?parent=14830"}],"wp:term":[{"taxonomy":"category","embeddable":true,"href":"https:\/\/diariotiempo.com.uy\/noticias\/wp-json\/wp\/v2\/categories?post=14830"},{"taxonomy":"post_tag","embeddable":true,"href":"https:\/\/diariotiempo.com.uy\/noticias\/wp-json\/wp\/v2\/tags?post=14830"}],"curies":[{"name":"wp","href":"https:\/\/api.w.org\/{rel}","templated":true}]}}