{"id":14839,"date":"2024-05-31T15:22:06","date_gmt":"2024-05-31T15:22:06","guid":{"rendered":"https:\/\/diariotiempo.com.uy\/noticias\/?p=14839"},"modified":"2024-05-31T15:22:07","modified_gmt":"2024-05-31T15:22:07","slug":"la-pandense-florencia-revetria-brillo-en-los-panamericanos-de-brasil","status":"publish","type":"post","link":"https:\/\/diariotiempo.com.uy\/noticias\/2024\/05\/31\/la-pandense-florencia-revetria-brillo-en-los-panamericanos-de-brasil\/","title":{"rendered":"La pandense Florencia Revetria, \u00a0brill\u00f3 en los Panamericanos de Brasil"},"content":{"rendered":"\n<figure class=\"wp-block-gallery has-nested-images columns-default is-cropped wp-block-gallery-1 is-layout-flex wp-block-gallery-is-layout-flex\">\n<figure class=\"wp-block-image size-large\"><img loading=\"lazy\" decoding=\"async\" width=\"900\" height=\"895\" data-id=\"14840\" src=\"https:\/\/diariotiempo.com.uy\/noticias\/wp-content\/uploads\/2024\/05\/flor.jpg\" alt=\"\" class=\"wp-image-14840\" srcset=\"https:\/\/diariotiempo.com.uy\/noticias\/wp-content\/uploads\/2024\/05\/flor.jpg 900w, https:\/\/diariotiempo.com.uy\/noticias\/wp-content\/uploads\/2024\/05\/flor-300x298.jpg 300w, https:\/\/diariotiempo.com.uy\/noticias\/wp-content\/uploads\/2024\/05\/flor-150x150.jpg 150w, https:\/\/diariotiempo.com.uy\/noticias\/wp-content\/uploads\/2024\/05\/flor-768x764.jpg 768w\" sizes=\"auto, (max-width: 900px) 100vw, 900px\" \/><\/figure>\n\n\n\n<figure class=\"wp-block-image size-large\"><img loading=\"lazy\" decoding=\"async\" width=\"791\" height=\"1024\" data-id=\"14841\" src=\"https:\/\/diariotiempo.com.uy\/noticias\/wp-content\/uploads\/2024\/05\/florencia-791x1024.jpg\" alt=\"\" class=\"wp-image-14841\" srcset=\"https:\/\/diariotiempo.com.uy\/noticias\/wp-content\/uploads\/2024\/05\/florencia-791x1024.jpg 791w, https:\/\/diariotiempo.com.uy\/noticias\/wp-content\/uploads\/2024\/05\/florencia-232x300.jpg 232w, https:\/\/diariotiempo.com.uy\/noticias\/wp-content\/uploads\/2024\/05\/florencia-768x994.jpg 768w, https:\/\/diariotiempo.com.uy\/noticias\/wp-content\/uploads\/2024\/05\/florencia.jpg 900w\" sizes=\"auto, (max-width: 791px) 100vw, 791px\" \/><\/figure>\n<\/figure>\n\n\n\n<p>El ciclismo uruguayo tuvo este jueves su primera medalla en el Campeonato Panamericano de Ruta Brasil 2024 de la mano de Florencia Revetria, quien logr\u00f3 el bronce en la prueba de ruta de junior femenina.<\/p>\n\n\n\n<p>La joven pedalista uruguaya demostr\u00f3 una fortaleza impresionante en el sprint final, logrando obtener el tercer puesto y la medalla de bronce.<\/p>\n\n\n\n<p>Con humildad, trabajo y sacrificio se colg\u00f3 la medalla de Bronce entre ciclistas con m\u00e1s apoyo y procesos deportivos de donde forman los y las &nbsp;mejores ciclistas de Am\u00e9rica como Colombia y Chile.<\/p>\n\n\n\n<p>Florencia es oriunda &nbsp;de Pando, estudia en el Liceo y &nbsp;compite desde muy chiquita en Codecam, (Consejo de Categor\u00edas Menores) arrancando a los 6 y 7 a\u00f1os, &nbsp;con &nbsp;su hermano, compa\u00f1ero de entrenamientos y carreras. Su padre tambi\u00e9n fue ciclista. Florrencia, recien pasando los 16 pero con m\u00e1s de 10 a\u00f1os de experiencia, &nbsp;hace un par de a\u00f1os que gana y &nbsp;se entrevera en el podio con las Elite.&nbsp;<\/p>\n","protected":false},"excerpt":{"rendered":"<p>El ciclismo uruguayo tuvo este jueves su primera medalla en el Campeonato Panamericano de Ruta&#8230;<\/p>\n","protected":false},"author":1,"featured_media":14840,"comment_status":"closed","ping_status":"closed","sticky":false,"template":"","format":"standard","meta":{"_monsterinsights_skip_tracking":false,"_monsterinsights_sitenote_active":false,"_monsterinsights_sitenote_note":"","_monsterinsights_sitenote_category":0,"footnotes":""},"categories":[8],"tags":[],"class_list":["post-14839","post","type-post","status-publish","format-standard","has-post-thumbnail","hentry","category-deporte"],"featured_image_urls":{"full":["https:\/\/diariotiempo.com.uy\/noticias\/wp-content\/uploads\/2024\/05\/flor.jpg",900,895,false],"thumbnail":["https:\/\/diariotiempo.com.uy\/noticias\/wp-content\/uploads\/2024\/05\/flor-150x150.jpg",150,150,true],"medium":["https:\/\/diariotiempo.com.uy\/noticias\/wp-content\/uploads\/2024\/05\/flor-300x298.jpg",300,298,true],"medium_large":["https:\/\/diariotiempo.com.uy\/noticias\/wp-content\/uploads\/2024\/05\/flor-768x764.jpg",640,637,true],"large":["https:\/\/diariotiempo.com.uy\/noticias\/wp-content\/uploads\/2024\/05\/flor.jpg",640,636,false],"rpg_gallery_admin_thumb":["https:\/\/diariotiempo.com.uy\/noticias\/wp-content\/uploads\/2024\/05\/flor-150x150.jpg",150,150,true],"rpg_gallery_thumb":["https:\/\/diariotiempo.com.uy\/noticias\/wp-content\/uploads\/2024\/05\/flor-150x150.jpg",150,150,true],"1536x1536":["https:\/\/diariotiempo.com.uy\/noticias\/wp-content\/uploads\/2024\/05\/flor.jpg",900,895,false],"2048x2048":["https:\/\/diariotiempo.com.uy\/noticias\/wp-content\/uploads\/2024\/05\/flor.jpg",900,895,false],"covernews-slider-full":["https:\/\/diariotiempo.com.uy\/noticias\/wp-content\/uploads\/2024\/05\/flor-900x715.jpg",900,715,true],"covernews-slider-center":["https:\/\/diariotiempo.com.uy\/noticias\/wp-content\/uploads\/2024\/05\/flor-800x500.jpg",800,500,true],"covernews-featured":["https:\/\/diariotiempo.com.uy\/noticias\/wp-content\/uploads\/2024\/05\/flor.jpg",900,895,false],"covernews-medium":["https:\/\/diariotiempo.com.uy\/noticias\/wp-content\/uploads\/2024\/05\/flor-540x340.jpg",540,340,true],"covernews-medium-square":["https:\/\/diariotiempo.com.uy\/noticias\/wp-content\/uploads\/2024\/05\/flor-400x250.jpg",400,250,true]},"author_info":{"display_name":"diario","author_link":"https:\/\/diariotiempo.com.uy\/noticias\/author\/diario\/"},"category_info":"<a href=\"https:\/\/diariotiempo.com.uy\/noticias\/category\/deporte\/\" rel=\"category tag\">DEPORTE<\/a>","tag_info":"DEPORTE","comment_count":"0","_links":{"self":[{"href":"https:\/\/diariotiempo.com.uy\/noticias\/wp-json\/wp\/v2\/posts\/14839","targetHints":{"allow":["GET"]}}],"collection":[{"href":"https:\/\/diariotiempo.com.uy\/noticias\/wp-json\/wp\/v2\/posts"}],"about":[{"href":"https:\/\/diariotiempo.com.uy\/noticias\/wp-json\/wp\/v2\/types\/post"}],"author":[{"embeddable":true,"href":"https:\/\/diariotiempo.com.uy\/noticias\/wp-json\/wp\/v2\/users\/1"}],"replies":[{"embeddable":true,"href":"https:\/\/diariotiempo.com.uy\/noticias\/wp-json\/wp\/v2\/comments?post=14839"}],"version-history":[{"count":1,"href":"https:\/\/diariotiempo.com.uy\/noticias\/wp-json\/wp\/v2\/posts\/14839\/revisions"}],"predecessor-version":[{"id":14842,"href":"https:\/\/diariotiempo.com.uy\/noticias\/wp-json\/wp\/v2\/posts\/14839\/revisions\/14842"}],"wp:featuredmedia":[{"embeddable":true,"href":"https:\/\/diariotiempo.com.uy\/noticias\/wp-json\/wp\/v2\/media\/14840"}],"wp:attachment":[{"href":"https:\/\/diariotiempo.com.uy\/noticias\/wp-json\/wp\/v2\/media?parent=14839"}],"wp:term":[{"taxonomy":"category","embeddable":true,"href":"https:\/\/diariotiempo.com.uy\/noticias\/wp-json\/wp\/v2\/categories?post=14839"},{"taxonomy":"post_tag","embeddable":true,"href":"https:\/\/diariotiempo.com.uy\/noticias\/wp-json\/wp\/v2\/tags?post=14839"}],"curies":[{"name":"wp","href":"https:\/\/api.w.org\/{rel}","templated":true}]}}