{"id":14881,"date":"2024-06-07T15:42:02","date_gmt":"2024-06-07T15:42:02","guid":{"rendered":"https:\/\/diariotiempo.com.uy\/noticias\/?p=14881"},"modified":"2024-06-07T15:42:03","modified_gmt":"2024-06-07T15:42:03","slug":"intendencia-municipio-de-sauce-y-comision-patriotica-presentaron-programa-de-actividades","status":"publish","type":"post","link":"https:\/\/diariotiempo.com.uy\/noticias\/2024\/06\/07\/intendencia-municipio-de-sauce-y-comision-patriotica-presentaron-programa-de-actividades\/","title":{"rendered":"\u00a0Intendencia, Municipio de Sauce y Comisi\u00f3n Patri\u00f3tica presentaron programa de actividades"},"content":{"rendered":"\n<figure class=\"wp-block-gallery has-nested-images columns-default is-cropped wp-block-gallery-1 is-layout-flex wp-block-gallery-is-layout-flex\">\n<figure class=\"wp-block-image size-large\"><img loading=\"lazy\" decoding=\"async\" width=\"900\" height=\"600\" data-id=\"14882\" src=\"https:\/\/diariotiempo.com.uy\/noticias\/wp-content\/uploads\/2024\/06\/1.jpg\" alt=\"\" class=\"wp-image-14882\" srcset=\"https:\/\/diariotiempo.com.uy\/noticias\/wp-content\/uploads\/2024\/06\/1.jpg 900w, https:\/\/diariotiempo.com.uy\/noticias\/wp-content\/uploads\/2024\/06\/1-300x200.jpg 300w, https:\/\/diariotiempo.com.uy\/noticias\/wp-content\/uploads\/2024\/06\/1-768x512.jpg 768w\" sizes=\"auto, (max-width: 900px) 100vw, 900px\" \/><\/figure>\n\n\n\n<figure class=\"wp-block-image size-large\"><img loading=\"lazy\" decoding=\"async\" width=\"900\" height=\"600\" data-id=\"14883\" src=\"https:\/\/diariotiempo.com.uy\/noticias\/wp-content\/uploads\/2024\/06\/sauce-genteee.jpg\" alt=\"\" class=\"wp-image-14883\" srcset=\"https:\/\/diariotiempo.com.uy\/noticias\/wp-content\/uploads\/2024\/06\/sauce-genteee.jpg 900w, https:\/\/diariotiempo.com.uy\/noticias\/wp-content\/uploads\/2024\/06\/sauce-genteee-300x200.jpg 300w, https:\/\/diariotiempo.com.uy\/noticias\/wp-content\/uploads\/2024\/06\/sauce-genteee-768x512.jpg 768w\" sizes=\"auto, (max-width: 900px) 100vw, 900px\" \/><\/figure>\n<\/figure>\n\n\n\n<p>La Intendencia de Canelones, el Municipio de Sauce y la Comisi\u00f3n Patri\u00f3tica presentaron el programa de actividades en conmemoraci\u00f3n del 260\u00b0 aniversario del natalicio del General Jos\u00e9 Gervasio Artigas que, en esta edici\u00f3n, incluye la realizaci\u00f3n de m\u00e1s de 70 eventos durante el mes de junio.<\/p>\n\n\n\n<p>Del lanzamiento, que se realiz\u00f3 en el Centro Cultural Casa de Artigas, participaron el Intendente de Canelones, Marcelo Metediera, la Alcaldesa Interina de Sauce, Reina Rey, concejales, miembros de la Comisi\u00f3n Patri\u00f3tica y de Eventos de la localidad, autoridades nacionales, departamentales y locales, as\u00ed como representantes de diversas instituciones sociales, culturales, educativas y deportivas de Sauce.<\/p>\n\n\n\n<p>El Intendente de Canelones resalt\u00f3 la importancia de la fiesta al destacar el rol que cumplen estas celebraciones en el departamento, profundamente relacionadas con las identidades locales. Consider\u00f3 que el natalicio es una buena raz\u00f3n para organizar actividades desde el 2 de junio hasta el 24, permitiendo que los vecinos y vecinas se apropien de la celebraci\u00f3n.<\/p>\n\n\n\n<p>Metediera, oriundo de Sauce, enfatiz\u00f3 que este a\u00f1o, al conmemorarse el 260\u00b0 aniversario del natalicio de Artigas la celebraci\u00f3n es especial para toda la comunidad. \u00abPara m\u00ed, va a ser una fiesta muy especial, habi\u00e9ndola transitado en distintas etapas de mi vida: escolar, liceal, adolescente, en el trabajo familiar, despu\u00e9s en una cooperativa de transporte, como concejal y ahora como Intendente\u00bb, concluy\u00f3.<\/p>\n\n\n\n<p>La Alcaldesa Rey anunci\u00f3 ellanzamiento del programa de actividades que se desarrollar\u00e1n en el marco de los festejos del 19 de junio en Sauce, con un total, a lo largo del mes, de m\u00e1s de 70 actividades. Se refiri\u00f3 al desfile de caballer\u00eda militar y al cierre con la actuaci\u00f3n de Buitres como eventos destacados. \u00abHace mucho tiempo que se realiza y es como la fiesta del a\u00f1o en Sauce, todo el mundo espera el 19 de junio\u00bb, expres\u00f3.<\/p>\n\n\n\n<p>En representaci\u00f3n de la Comisi\u00f3n Patri\u00f3tica de Sauce, Gilberto Cabrera, destac\u00f3 el rol de la comisi\u00f3n en los festejos, mencionando que reciben solicitudes de organizaciones sociales, colectivos e instituciones. Adem\u00e1s, subray\u00f3 la importancia de la log\u00edstica para evitar la superposici\u00f3n de eventos y permitir que la ciudadan\u00eda pueda participar plenamente.<\/p>\n\n\n\n<p>Programa de actividades<\/p>\n\n\n\n<p>El programa de actividades de este a\u00f1o, organizado con la colaboraci\u00f3n activa de la comunidad, incluye propuestas culturales, deportivas, sociales, ecol\u00f3gicas y educativas. Entre estas actividades se destacan exposiciones, pruebas de riendas, fogones, pe\u00f1as folcl\u00f3ricas, el Peric\u00f3n Nacional, talleres, encuentros y conferencias.<\/p>\n\n\n\n<p>La actividad central se llevar\u00e1 a cabo el 19 de junio, fecha del nacimiento del pr\u00f3cer, en la plaza de Sauce, con la presencia de autoridades nacionales, departamentales y locales. Durante la ma\u00f1ana, se desarrollar\u00e1 el Acto de Promesa y Jura de la Bandera de las instituciones educativas y el tradicional acto protocolar. Por la tarde, el p\u00fablico presente podr\u00e1 apreciar el desfile de instituciones educativas, sociales, militares, policiales y de caballer\u00eda gaucha. Como cierre de la jornada se ofrecer\u00e1n espect\u00e1culos para ni\u00f1os, la actuaci\u00f3n de Buitres y, como cierre, la proyecci\u00f3n de mapping.<\/p>\n","protected":false},"excerpt":{"rendered":"<p>La Intendencia de Canelones, el Municipio de Sauce y la Comisi\u00f3n Patri\u00f3tica presentaron el programa&#8230;<\/p>\n","protected":false},"author":1,"featured_media":14883,"comment_status":"closed","ping_status":"closed","sticky":false,"template":"","format":"standard","meta":{"_monsterinsights_skip_tracking":false,"_monsterinsights_sitenote_active":false,"_monsterinsights_sitenote_note":"","_monsterinsights_sitenote_category":0,"footnotes":""},"categories":[11],"tags":[],"class_list":["post-14881","post","type-post","status-publish","format-standard","has-post-thumbnail","hentry","category-noticia-destacada"],"featured_image_urls":{"full":["https:\/\/diariotiempo.com.uy\/noticias\/wp-content\/uploads\/2024\/06\/sauce-genteee.jpg",900,600,false],"thumbnail":["https:\/\/diariotiempo.com.uy\/noticias\/wp-content\/uploads\/2024\/06\/sauce-genteee-150x150.jpg",150,150,true],"medium":["https:\/\/diariotiempo.com.uy\/noticias\/wp-content\/uploads\/2024\/06\/sauce-genteee-300x200.jpg",300,200,true],"medium_large":["https:\/\/diariotiempo.com.uy\/noticias\/wp-content\/uploads\/2024\/06\/sauce-genteee-768x512.jpg",640,427,true],"large":["https:\/\/diariotiempo.com.uy\/noticias\/wp-content\/uploads\/2024\/06\/sauce-genteee.jpg",640,427,false],"rpg_gallery_admin_thumb":["https:\/\/diariotiempo.com.uy\/noticias\/wp-content\/uploads\/2024\/06\/sauce-genteee-150x150.jpg",150,150,true],"rpg_gallery_thumb":["https:\/\/diariotiempo.com.uy\/noticias\/wp-content\/uploads\/2024\/06\/sauce-genteee-150x150.jpg",150,150,true],"1536x1536":["https:\/\/diariotiempo.com.uy\/noticias\/wp-content\/uploads\/2024\/06\/sauce-genteee.jpg",900,600,false],"2048x2048":["https:\/\/diariotiempo.com.uy\/noticias\/wp-content\/uploads\/2024\/06\/sauce-genteee.jpg",900,600,false],"covernews-slider-full":["https:\/\/diariotiempo.com.uy\/noticias\/wp-content\/uploads\/2024\/06\/sauce-genteee.jpg",900,600,false],"covernews-slider-center":["https:\/\/diariotiempo.com.uy\/noticias\/wp-content\/uploads\/2024\/06\/sauce-genteee-800x500.jpg",800,500,true],"covernews-featured":["https:\/\/diariotiempo.com.uy\/noticias\/wp-content\/uploads\/2024\/06\/sauce-genteee.jpg",900,600,false],"covernews-medium":["https:\/\/diariotiempo.com.uy\/noticias\/wp-content\/uploads\/2024\/06\/sauce-genteee-540x340.jpg",540,340,true],"covernews-medium-square":["https:\/\/diariotiempo.com.uy\/noticias\/wp-content\/uploads\/2024\/06\/sauce-genteee-400x250.jpg",400,250,true]},"author_info":{"display_name":"diario","author_link":"https:\/\/diariotiempo.com.uy\/noticias\/author\/diario\/"},"category_info":"<a href=\"https:\/\/diariotiempo.com.uy\/noticias\/category\/noticia-destacada\/\" rel=\"category tag\">NOTICIA DESTACADA<\/a>","tag_info":"NOTICIA DESTACADA","comment_count":"0","_links":{"self":[{"href":"https:\/\/diariotiempo.com.uy\/noticias\/wp-json\/wp\/v2\/posts\/14881","targetHints":{"allow":["GET"]}}],"collection":[{"href":"https:\/\/diariotiempo.com.uy\/noticias\/wp-json\/wp\/v2\/posts"}],"about":[{"href":"https:\/\/diariotiempo.com.uy\/noticias\/wp-json\/wp\/v2\/types\/post"}],"author":[{"embeddable":true,"href":"https:\/\/diariotiempo.com.uy\/noticias\/wp-json\/wp\/v2\/users\/1"}],"replies":[{"embeddable":true,"href":"https:\/\/diariotiempo.com.uy\/noticias\/wp-json\/wp\/v2\/comments?post=14881"}],"version-history":[{"count":1,"href":"https:\/\/diariotiempo.com.uy\/noticias\/wp-json\/wp\/v2\/posts\/14881\/revisions"}],"predecessor-version":[{"id":14884,"href":"https:\/\/diariotiempo.com.uy\/noticias\/wp-json\/wp\/v2\/posts\/14881\/revisions\/14884"}],"wp:featuredmedia":[{"embeddable":true,"href":"https:\/\/diariotiempo.com.uy\/noticias\/wp-json\/wp\/v2\/media\/14883"}],"wp:attachment":[{"href":"https:\/\/diariotiempo.com.uy\/noticias\/wp-json\/wp\/v2\/media?parent=14881"}],"wp:term":[{"taxonomy":"category","embeddable":true,"href":"https:\/\/diariotiempo.com.uy\/noticias\/wp-json\/wp\/v2\/categories?post=14881"},{"taxonomy":"post_tag","embeddable":true,"href":"https:\/\/diariotiempo.com.uy\/noticias\/wp-json\/wp\/v2\/tags?post=14881"}],"curies":[{"name":"wp","href":"https:\/\/api.w.org\/{rel}","templated":true}]}}