{"id":14893,"date":"2024-06-07T15:47:43","date_gmt":"2024-06-07T15:47:43","guid":{"rendered":"https:\/\/diariotiempo.com.uy\/noticias\/?p=14893"},"modified":"2024-06-07T15:47:44","modified_gmt":"2024-06-07T15:47:44","slug":"se-realizo-el-lanzamiento-de-la-correcaminata-5k-y-10k-de-nacrevi","status":"publish","type":"post","link":"https:\/\/diariotiempo.com.uy\/noticias\/2024\/06\/07\/se-realizo-el-lanzamiento-de-la-correcaminata-5k-y-10k-de-nacrevi\/","title":{"rendered":"Se realiz\u00f3 el lanzamiento de la Correcaminata 5k y 10k de NACREVI\u00a0"},"content":{"rendered":"\n<figure class=\"wp-block-gallery has-nested-images columns-2 is-cropped wp-block-gallery-1 is-layout-flex wp-block-gallery-is-layout-flex\">\n<figure class=\"wp-block-image size-large\"><img loading=\"lazy\" decoding=\"async\" width=\"526\" height=\"404\" data-id=\"14894\" src=\"https:\/\/diariotiempo.com.uy\/noticias\/wp-content\/uploads\/2024\/06\/nacrevi-mesa.jpg\" alt=\"\" class=\"wp-image-14894\" srcset=\"https:\/\/diariotiempo.com.uy\/noticias\/wp-content\/uploads\/2024\/06\/nacrevi-mesa.jpg 526w, https:\/\/diariotiempo.com.uy\/noticias\/wp-content\/uploads\/2024\/06\/nacrevi-mesa-300x230.jpg 300w\" sizes=\"auto, (max-width: 526px) 100vw, 526px\" \/><\/figure>\n\n\n\n<figure class=\"wp-block-image size-large\"><img loading=\"lazy\" decoding=\"async\" width=\"766\" height=\"1024\" data-id=\"14896\" src=\"https:\/\/diariotiempo.com.uy\/noticias\/wp-content\/uploads\/2024\/06\/nacrevi-remera-766x1024.jpg\" alt=\"\" class=\"wp-image-14896\" srcset=\"https:\/\/diariotiempo.com.uy\/noticias\/wp-content\/uploads\/2024\/06\/nacrevi-remera-766x1024.jpg 766w, https:\/\/diariotiempo.com.uy\/noticias\/wp-content\/uploads\/2024\/06\/nacrevi-remera-224x300.jpg 224w, https:\/\/diariotiempo.com.uy\/noticias\/wp-content\/uploads\/2024\/06\/nacrevi-remera-768x1027.jpg 768w, https:\/\/diariotiempo.com.uy\/noticias\/wp-content\/uploads\/2024\/06\/nacrevi-remera.jpg 900w\" sizes=\"auto, (max-width: 766px) 100vw, 766px\" \/><\/figure>\n\n\n\n<figure class=\"wp-block-image size-large\"><img loading=\"lazy\" decoding=\"async\" width=\"900\" height=\"673\" data-id=\"14895\" src=\"https:\/\/diariotiempo.com.uy\/noticias\/wp-content\/uploads\/2024\/06\/nacrevi-alumnos-dos.jpg\" alt=\"\" class=\"wp-image-14895\" srcset=\"https:\/\/diariotiempo.com.uy\/noticias\/wp-content\/uploads\/2024\/06\/nacrevi-alumnos-dos.jpg 900w, https:\/\/diariotiempo.com.uy\/noticias\/wp-content\/uploads\/2024\/06\/nacrevi-alumnos-dos-300x224.jpg 300w, https:\/\/diariotiempo.com.uy\/noticias\/wp-content\/uploads\/2024\/06\/nacrevi-alumnos-dos-768x574.jpg 768w\" sizes=\"auto, (max-width: 900px) 100vw, 900px\" \/><\/figure>\n<\/figure>\n\n\n\n<p>El d\u00eda mi\u00e9rcoles se realiz\u00f3 el lanzamiento de la Correcaminata 5k y 10k de NACREVI Pando, se present\u00f3 el Kits de inscripci\u00f3n, as\u00ed tambi\u00e9n de los premios, medallas, trofeos y se explic\u00f3 los sorteos que se realizaran con el n\u00famero de corredor.<\/p>\n\n\n\n<p>Desde NACREVI explican que \u00abSe trabajo much\u00edsimo para que todo fuera un maravilloso evento. Nuestros j\u00f3venes elaboraron junto a su tallerista la comida que se ofreci\u00f3 para deleitarse con caf\u00e9, te y o jugo.<\/p>\n\n\n\n<p>Se trabajo much\u00edsimo en la decoraci\u00f3n y armado para que todo se luciera magn\u00edficamente\u00bb.<\/p>\n\n\n\n<p>La Correcaminata se realizar\u00e1 el Domingo 16 de Junio &nbsp;en el Parque Artigas de Pando a partir de las 10:00hr Habr\u00e1 premios para todas las categor\u00edas, sorteos con el n\u00famero de corredor, juegos para toda la familia, musica en vivo, garantizando alegr\u00eda y mucha diversi\u00f3n.<\/p>\n\n\n\n<p>Inscripciones al 092 428 854, costo con remera $600 y sin remera $400<\/p>\n","protected":false},"excerpt":{"rendered":"<p>El d\u00eda mi\u00e9rcoles se realiz\u00f3 el lanzamiento de la Correcaminata 5k y 10k de NACREVI&#8230;<\/p>\n","protected":false},"author":1,"featured_media":14895,"comment_status":"closed","ping_status":"closed","sticky":false,"template":"","format":"standard","meta":{"_monsterinsights_skip_tracking":false,"_monsterinsights_sitenote_active":false,"_monsterinsights_sitenote_note":"","_monsterinsights_sitenote_category":0,"footnotes":""},"categories":[8],"tags":[],"class_list":["post-14893","post","type-post","status-publish","format-standard","has-post-thumbnail","hentry","category-deporte"],"featured_image_urls":{"full":["https:\/\/diariotiempo.com.uy\/noticias\/wp-content\/uploads\/2024\/06\/nacrevi-alumnos-dos.jpg",900,673,false],"thumbnail":["https:\/\/diariotiempo.com.uy\/noticias\/wp-content\/uploads\/2024\/06\/nacrevi-alumnos-dos-150x150.jpg",150,150,true],"medium":["https:\/\/diariotiempo.com.uy\/noticias\/wp-content\/uploads\/2024\/06\/nacrevi-alumnos-dos-300x224.jpg",300,224,true],"medium_large":["https:\/\/diariotiempo.com.uy\/noticias\/wp-content\/uploads\/2024\/06\/nacrevi-alumnos-dos-768x574.jpg",640,478,true],"large":["https:\/\/diariotiempo.com.uy\/noticias\/wp-content\/uploads\/2024\/06\/nacrevi-alumnos-dos.jpg",640,479,false],"rpg_gallery_admin_thumb":["https:\/\/diariotiempo.com.uy\/noticias\/wp-content\/uploads\/2024\/06\/nacrevi-alumnos-dos-150x150.jpg",150,150,true],"rpg_gallery_thumb":["https:\/\/diariotiempo.com.uy\/noticias\/wp-content\/uploads\/2024\/06\/nacrevi-alumnos-dos-150x150.jpg",150,150,true],"1536x1536":["https:\/\/diariotiempo.com.uy\/noticias\/wp-content\/uploads\/2024\/06\/nacrevi-alumnos-dos.jpg",900,673,false],"2048x2048":["https:\/\/diariotiempo.com.uy\/noticias\/wp-content\/uploads\/2024\/06\/nacrevi-alumnos-dos.jpg",900,673,false],"covernews-slider-full":["https:\/\/diariotiempo.com.uy\/noticias\/wp-content\/uploads\/2024\/06\/nacrevi-alumnos-dos.jpg",900,673,false],"covernews-slider-center":["https:\/\/diariotiempo.com.uy\/noticias\/wp-content\/uploads\/2024\/06\/nacrevi-alumnos-dos-800x500.jpg",800,500,true],"covernews-featured":["https:\/\/diariotiempo.com.uy\/noticias\/wp-content\/uploads\/2024\/06\/nacrevi-alumnos-dos.jpg",900,673,false],"covernews-medium":["https:\/\/diariotiempo.com.uy\/noticias\/wp-content\/uploads\/2024\/06\/nacrevi-alumnos-dos-540x340.jpg",540,340,true],"covernews-medium-square":["https:\/\/diariotiempo.com.uy\/noticias\/wp-content\/uploads\/2024\/06\/nacrevi-alumnos-dos-400x250.jpg",400,250,true]},"author_info":{"display_name":"diario","author_link":"https:\/\/diariotiempo.com.uy\/noticias\/author\/diario\/"},"category_info":"<a href=\"https:\/\/diariotiempo.com.uy\/noticias\/category\/deporte\/\" rel=\"category tag\">DEPORTE<\/a>","tag_info":"DEPORTE","comment_count":"0","_links":{"self":[{"href":"https:\/\/diariotiempo.com.uy\/noticias\/wp-json\/wp\/v2\/posts\/14893","targetHints":{"allow":["GET"]}}],"collection":[{"href":"https:\/\/diariotiempo.com.uy\/noticias\/wp-json\/wp\/v2\/posts"}],"about":[{"href":"https:\/\/diariotiempo.com.uy\/noticias\/wp-json\/wp\/v2\/types\/post"}],"author":[{"embeddable":true,"href":"https:\/\/diariotiempo.com.uy\/noticias\/wp-json\/wp\/v2\/users\/1"}],"replies":[{"embeddable":true,"href":"https:\/\/diariotiempo.com.uy\/noticias\/wp-json\/wp\/v2\/comments?post=14893"}],"version-history":[{"count":1,"href":"https:\/\/diariotiempo.com.uy\/noticias\/wp-json\/wp\/v2\/posts\/14893\/revisions"}],"predecessor-version":[{"id":14897,"href":"https:\/\/diariotiempo.com.uy\/noticias\/wp-json\/wp\/v2\/posts\/14893\/revisions\/14897"}],"wp:featuredmedia":[{"embeddable":true,"href":"https:\/\/diariotiempo.com.uy\/noticias\/wp-json\/wp\/v2\/media\/14895"}],"wp:attachment":[{"href":"https:\/\/diariotiempo.com.uy\/noticias\/wp-json\/wp\/v2\/media?parent=14893"}],"wp:term":[{"taxonomy":"category","embeddable":true,"href":"https:\/\/diariotiempo.com.uy\/noticias\/wp-json\/wp\/v2\/categories?post=14893"},{"taxonomy":"post_tag","embeddable":true,"href":"https:\/\/diariotiempo.com.uy\/noticias\/wp-json\/wp\/v2\/tags?post=14893"}],"curies":[{"name":"wp","href":"https:\/\/api.w.org\/{rel}","templated":true}]}}