{"id":14913,"date":"2024-06-07T15:56:02","date_gmt":"2024-06-07T15:56:02","guid":{"rendered":"https:\/\/diariotiempo.com.uy\/noticias\/?p=14913"},"modified":"2024-06-07T15:56:02","modified_gmt":"2024-06-07T15:56:02","slug":"la-escuela-agraria-de-san-ramon-relata-su-vida-a-80-anos-de-su-creacion","status":"publish","type":"post","link":"https:\/\/diariotiempo.com.uy\/noticias\/2024\/06\/07\/la-escuela-agraria-de-san-ramon-relata-su-vida-a-80-anos-de-su-creacion\/","title":{"rendered":"La Escuela Agraria de San Ram\u00f3n relata su vida a 80 a\u00f1os de su creaci\u00f3n"},"content":{"rendered":"\n<figure class=\"wp-block-image aligncenter size-full\"><img loading=\"lazy\" decoding=\"async\" width=\"893\" height=\"536\" src=\"https:\/\/diariotiempo.com.uy\/noticias\/wp-content\/uploads\/2024\/06\/SAN-RAMON.jpg\" alt=\"\" class=\"wp-image-14914\" srcset=\"https:\/\/diariotiempo.com.uy\/noticias\/wp-content\/uploads\/2024\/06\/SAN-RAMON.jpg 893w, https:\/\/diariotiempo.com.uy\/noticias\/wp-content\/uploads\/2024\/06\/SAN-RAMON-300x180.jpg 300w, https:\/\/diariotiempo.com.uy\/noticias\/wp-content\/uploads\/2024\/06\/SAN-RAMON-768x461.jpg 768w\" sizes=\"auto, (max-width: 893px) 100vw, 893px\" \/><\/figure>\n\n\n\n<p>Lleva el nombre de Carmen Pi\u00f1eyro de Tapi\u00e9 desde el a\u00f1o 1981 en honor a la madre de su fundador, Juan Pedro Tapi\u00e9. Nacido en San Ram\u00f3n, Canelones, e hijo de Carmen Pi\u00f1eyro y Juan Mar\u00eda Tapi\u00e9, don\u00f3 el terreno al director de UTU de aquel entonces, Dr. Jos\u00e9 Arias, para la construcci\u00f3n de una escuela. <\/p>\n\n\n\n<p>Comenz\u00f3 a funcionar el 6 de junio de 1944 como Escuela de Orientaci\u00f3n Granjera y contaba entre sus producciones con las de hort\u00edcultura, apicultura y cunicultura. Ven\u00edan estudiantes de todo el pa\u00eds, y la modalidad de Internado en principio fue solamente para varones. Juan Pedro Tapi\u00e9 (1879 \u2013 1946) naci\u00f3 en el seno de una familia humilde y lleg\u00f3 a ser due\u00f1o de London Par\u00eds, una de las firmas comerciales m\u00e1s grandes del pa\u00eds. Desde all\u00ed colaboraba de m\u00faltiples formas con las instituciones de su localidad natal.<\/p>\n\n\n\n<p>La fisonom\u00eda de la ciudad de San Ram\u00f3n est\u00e1 marcada con las particularidades de las obras construidas con los bienes de Juan Tapi\u00e9 y la Fundaci\u00f3n \u201cTapi\u00e9 Pi\u00f1eyro\u201d, de la cual era parte. Por esta raz\u00f3n, varias instituciones fueron declaradas recientemente patrimonio nacional y la Escuela Agraria de San Ram\u00f3n fue una de ellas. Actualmente la escuela cuenta con 110 alumnos de varios departamentos: Durazno, Montevideo, Florida, San Jos\u00e9 y de Canelones; y su producci\u00f3n se focaliza en la lecher\u00eda.<\/p>\n\n\n\n<p>El pr\u00f3ximo 6 de junio se realizar\u00e1 un gran festejo en honor de sus 80 a\u00f1os de existencia.<\/p>\n","protected":false},"excerpt":{"rendered":"<p>Lleva el nombre de Carmen Pi\u00f1eyro de Tapi\u00e9 desde el a\u00f1o 1981 en honor a&#8230;<\/p>\n","protected":false},"author":1,"featured_media":14914,"comment_status":"closed","ping_status":"closed","sticky":false,"template":"","format":"standard","meta":{"_monsterinsights_skip_tracking":false,"_monsterinsights_sitenote_active":false,"_monsterinsights_sitenote_note":"","_monsterinsights_sitenote_category":0,"footnotes":""},"categories":[111],"tags":[],"class_list":["post-14913","post","type-post","status-publish","format-standard","has-post-thumbnail","hentry","category-san-ramon"],"featured_image_urls":{"full":["https:\/\/diariotiempo.com.uy\/noticias\/wp-content\/uploads\/2024\/06\/SAN-RAMON.jpg",893,536,false],"thumbnail":["https:\/\/diariotiempo.com.uy\/noticias\/wp-content\/uploads\/2024\/06\/SAN-RAMON-150x150.jpg",150,150,true],"medium":["https:\/\/diariotiempo.com.uy\/noticias\/wp-content\/uploads\/2024\/06\/SAN-RAMON-300x180.jpg",300,180,true],"medium_large":["https:\/\/diariotiempo.com.uy\/noticias\/wp-content\/uploads\/2024\/06\/SAN-RAMON-768x461.jpg",640,384,true],"large":["https:\/\/diariotiempo.com.uy\/noticias\/wp-content\/uploads\/2024\/06\/SAN-RAMON.jpg",640,384,false],"rpg_gallery_admin_thumb":["https:\/\/diariotiempo.com.uy\/noticias\/wp-content\/uploads\/2024\/06\/SAN-RAMON-150x150.jpg",150,150,true],"rpg_gallery_thumb":["https:\/\/diariotiempo.com.uy\/noticias\/wp-content\/uploads\/2024\/06\/SAN-RAMON-150x150.jpg",150,150,true],"1536x1536":["https:\/\/diariotiempo.com.uy\/noticias\/wp-content\/uploads\/2024\/06\/SAN-RAMON.jpg",893,536,false],"2048x2048":["https:\/\/diariotiempo.com.uy\/noticias\/wp-content\/uploads\/2024\/06\/SAN-RAMON.jpg",893,536,false],"covernews-slider-full":["https:\/\/diariotiempo.com.uy\/noticias\/wp-content\/uploads\/2024\/06\/SAN-RAMON.jpg",893,536,false],"covernews-slider-center":["https:\/\/diariotiempo.com.uy\/noticias\/wp-content\/uploads\/2024\/06\/SAN-RAMON-800x500.jpg",800,500,true],"covernews-featured":["https:\/\/diariotiempo.com.uy\/noticias\/wp-content\/uploads\/2024\/06\/SAN-RAMON.jpg",893,536,false],"covernews-medium":["https:\/\/diariotiempo.com.uy\/noticias\/wp-content\/uploads\/2024\/06\/SAN-RAMON-540x340.jpg",540,340,true],"covernews-medium-square":["https:\/\/diariotiempo.com.uy\/noticias\/wp-content\/uploads\/2024\/06\/SAN-RAMON-400x250.jpg",400,250,true]},"author_info":{"display_name":"diario","author_link":"https:\/\/diariotiempo.com.uy\/noticias\/author\/diario\/"},"category_info":"<a href=\"https:\/\/diariotiempo.com.uy\/noticias\/category\/departamental\/san-ramon\/\" rel=\"category tag\">San Ram\u00f3n<\/a>","tag_info":"San Ram\u00f3n","comment_count":"0","_links":{"self":[{"href":"https:\/\/diariotiempo.com.uy\/noticias\/wp-json\/wp\/v2\/posts\/14913","targetHints":{"allow":["GET"]}}],"collection":[{"href":"https:\/\/diariotiempo.com.uy\/noticias\/wp-json\/wp\/v2\/posts"}],"about":[{"href":"https:\/\/diariotiempo.com.uy\/noticias\/wp-json\/wp\/v2\/types\/post"}],"author":[{"embeddable":true,"href":"https:\/\/diariotiempo.com.uy\/noticias\/wp-json\/wp\/v2\/users\/1"}],"replies":[{"embeddable":true,"href":"https:\/\/diariotiempo.com.uy\/noticias\/wp-json\/wp\/v2\/comments?post=14913"}],"version-history":[{"count":1,"href":"https:\/\/diariotiempo.com.uy\/noticias\/wp-json\/wp\/v2\/posts\/14913\/revisions"}],"predecessor-version":[{"id":14915,"href":"https:\/\/diariotiempo.com.uy\/noticias\/wp-json\/wp\/v2\/posts\/14913\/revisions\/14915"}],"wp:featuredmedia":[{"embeddable":true,"href":"https:\/\/diariotiempo.com.uy\/noticias\/wp-json\/wp\/v2\/media\/14914"}],"wp:attachment":[{"href":"https:\/\/diariotiempo.com.uy\/noticias\/wp-json\/wp\/v2\/media?parent=14913"}],"wp:term":[{"taxonomy":"category","embeddable":true,"href":"https:\/\/diariotiempo.com.uy\/noticias\/wp-json\/wp\/v2\/categories?post=14913"},{"taxonomy":"post_tag","embeddable":true,"href":"https:\/\/diariotiempo.com.uy\/noticias\/wp-json\/wp\/v2\/tags?post=14913"}],"curies":[{"name":"wp","href":"https:\/\/api.w.org\/{rel}","templated":true}]}}