{"id":15028,"date":"2024-06-18T15:38:50","date_gmt":"2024-06-18T15:38:50","guid":{"rendered":"https:\/\/diariotiempo.com.uy\/noticias\/?p=15028"},"modified":"2024-06-18T15:38:51","modified_gmt":"2024-06-18T15:38:51","slug":"la-corte-electoral-brindo-toda-la-informacion-de-las-proximas-elecciones-internas","status":"publish","type":"post","link":"https:\/\/diariotiempo.com.uy\/noticias\/2024\/06\/18\/la-corte-electoral-brindo-toda-la-informacion-de-las-proximas-elecciones-internas\/","title":{"rendered":"La Corte Electoral brind\u00f3 toda la informaci\u00f3n\u00a0de las pr\u00f3ximas Elecciones Internas"},"content":{"rendered":"\n<figure class=\"wp-block-image aligncenter size-full\"><img loading=\"lazy\" decoding=\"async\" width=\"900\" height=\"506\" src=\"https:\/\/diariotiempo.com.uy\/noticias\/wp-content\/uploads\/2024\/06\/a-1.jpg\" alt=\"\" class=\"wp-image-15029\" srcset=\"https:\/\/diariotiempo.com.uy\/noticias\/wp-content\/uploads\/2024\/06\/a-1.jpg 900w, https:\/\/diariotiempo.com.uy\/noticias\/wp-content\/uploads\/2024\/06\/a-1-300x169.jpg 300w, https:\/\/diariotiempo.com.uy\/noticias\/wp-content\/uploads\/2024\/06\/a-1-768x432.jpg 768w\" sizes=\"auto, (max-width: 900px) 100vw, 900px\" \/><\/figure>\n\n\n\n<p>La Corte Electoral brind\u00f3 toda la informaci\u00f3n de inter\u00e9s general acerca de las pr\u00f3ximas Elecciones Internas de los partidos pol\u00edticos.<\/p>\n\n\n\n<p>Fecha de la elecci\u00f3n: 30 de junio de 2024.<\/p>\n\n\n\n<p>Horario de votaci\u00f3n: 8:00 a 19:30 horas<\/p>\n\n\n\n<p>El voto no es de car\u00e1cter obligatorio.<\/p>\n\n\n\n<p><strong>\u2022 Qu\u00e9 se elije<\/strong><\/p>\n\n\n\n<p>En las elecciones internas se eligen los candidatos presidenciales \u00fanicos por partido y los integrantes de los \u00f3rganos deliberativos nacionales y departamentales.<\/p>\n\n\n\n<p><strong>Habr\u00e1 dos clases de hojas de votaci\u00f3n:<\/strong><\/p>\n\n\n\n<p>A) Una contendr\u00e1 el precandidato a la Presidencia de la Rep\u00fablica y la lista de candidatos, titulares y suplentes, a integrar el \u00d3rgano Deliberativo Nacional.<\/p>\n\n\n\n<p>B) La otra incluir\u00e1 la lista de candidatos, titulares y suplentes, a integrar el \u00d3rgano Deliberativo Departamental.<\/p>\n\n\n\n<p><strong>\u2022 Habilitados para votar<\/strong><\/p>\n\n\n\n<p>Estar\u00e1n habilitadas para votar todas las personas cuyas inscripciones c\u00edvicas hayan sido aceptadas al 1\u00b0 de abril de 2024, y tengan dieciocho a\u00f1os de edad a la fecha de las elecciones internas.<\/p>\n\n\n\n<p>Por esta raz\u00f3n habr\u00e1n personas que, si bien tramitaron su credencial (el periodo inscripcional cerr\u00f3 el 15 de abril), no figurar\u00e1n habilitadas en esta oportunidad.<\/p>\n\n\n\n<p>En cuanto a los traslados: aquellos que hayan realizado el tr\u00e1mite en fechas cercanas o pasado el 1\u00ba de abril, figurar\u00e1n habilitados con la antigua credencial.<\/p>\n\n\n\n<p>Las nuevas inscripciones y los traslados quedar\u00e1n vigentes para las pr\u00f3ximas elecciones nacionales.<\/p>\n\n\n\n<p><strong>\u00a0\u2022 D\u00f3nde votar<\/strong><\/p>\n\n\n\n<p>Podr\u00e1 conocer el n\u00famero de circuito que le corresponde y direcci\u00f3n del mismo en el buscador disponible en el siguiente buscador de padr\u00f3n.<\/p>\n\n\n\n<p>La b\u00fasqueda se puede realizar por serie y n\u00famero de credencial o por nombre y fecha de nacimiento.<\/p>\n\n\n\n<p>El buscador indicar\u00e1 si la persona est\u00e1 o no habilitada para votar. En el caso de estar habilitado, figurar\u00e1n su nombre y apellido, credencial c\u00edvica, n\u00famero y direcci\u00f3n del circuito y si este es accesible.<\/p>\n\n\n\n<p><strong>Circuitos urbanos y suburbanos<\/strong><\/p>\n\n\n\n<p>Los electores siempre deber\u00e1n pertenecer al circuito.<\/p>\n\n\n\n<p><strong>Circuitos rurales<\/strong><\/p>\n\n\n\n<p>En estos circuitos podr\u00e1n votar aquellos electores que no pertenezcan al circuito, siempre que su inscripci\u00f3n c\u00edvica corresponda a una circunscripci\u00f3n rural del departamento y exhiban su credencial c\u00edvica.<\/p>\n\n\n\n<p><strong>Circuitos accesibles<\/strong><\/p>\n\n\n\n<p>Quienes se encuentre en situaci\u00f3n de discapacidad motriz permanente o transitoria, y les correspondiera votar en un local o comisi\u00f3n receptora de votos que no cuente con condiciones de accesibilidad, podr\u00e1n sufragar ante un circuito declarado accesible que se encuentre dentro de la serie que les corresponde, siempre y cuando exhiban su credencial c\u00edvica.<\/p>\n\n\n\n<p>En este caso se tomar\u00e1 el voto en car\u00e1cter de observado simple y el votante deber\u00e1 firmar la hoja de identificaci\u00f3n y observaci\u00f3n a modo de declaraci\u00f3n jurada.<\/p>\n\n\n\n<p>Podr\u00e1 chequear cu\u00e1les circuitos son accesibles en los planes circuitales.<\/p>\n\n\n\n<p>Voto de personas con traslado de credencial no concluido al 1\u00ba de abril de 2024<\/p>\n\n\n\n<p>Las personas que se encuentran en estas circunstancias deber\u00e1n votar en el circuito correspondiente a la credencial que ten\u00eda antes de solicitar dicho traslado.<\/p>\n\n\n\n<p>La presentaci\u00f3n del certificado expedido por la Oficina Inscriptora solo acredita que el traslado est\u00e1 en tr\u00e1mite y no lo habilita a presentarse en el circuito correspondiente a la serie a la cual traslad\u00f3 su credencial.<\/p>\n\n\n\n<p>No se tomar\u00e1n votos observados por encontrarse fuera del departamento.<\/p>\n\n\n\n<p><strong>\u2022 C\u00f3mo votar<\/strong><\/p>\n\n\n\n<p>El sufragio se realizar\u00e1 &nbsp;por orden de llegada en los circuitos electorales donde funcionar\u00e1n comisiones receptoras de votos compuestas por tres miembros: presidente, secretario y vocal. Tambi\u00e9n habr\u00e1 un funcionario facilitador, al que el votante podr\u00e1 acercarse en caso de necesitar asistencia.<\/p>\n\n\n\n<p>La credencial c\u00edvica es el \u00fanico documento v\u00e1lido para votar. Quienes no cuenten con el documento f\u00edsico podr\u00e1n renovarlo.<\/p>\n\n\n\n<p><strong>Renovaci\u00f3n de credencial<\/strong><\/p>\n\n\n\n<p>\u2022 No hace falta presentar la denuncia para realizar la renovaci\u00f3n por p\u00e9rdida o robo.<\/p>\n\n\n\n<p>\u2022 Se requiere uno de los siguientes documentos: la antigua credencial, la c\u00e9dula o cualquier documento p\u00fablico o privado que contenga foto y en el que figuren su nombre y apellidos completos<\/p>\n\n\n\n<p>\u2022El tr\u00e1mite tiene un costo de $200, que deber\u00e1 pagar en efectivo al momento de realizar el tr\u00e1mite.<\/p>\n\n\n\n<p>\u2022 Puede realizar el tr\u00e1mite en cualquiera de nuestras oficinas electorales departamentales, sin importar d\u00f3nde se encuentre inscripto.<\/p>\n\n\n\n<p>\u2022 No hay plazo para realizar este tr\u00e1mite, puede realizarse en cualquier momento (aunque el per\u00edodo inscripcional est\u00e9 cerrado).<\/p>\n\n\n\n<p>\u2022 &nbsp; &nbsp;El tr\u00e1mite es sin agenda.<\/p>\n\n\n\n<p><strong>Votantes que no presenten la credencial<\/strong><\/p>\n\n\n\n<p>Deben concurrir al circuito que les pertenece e indicar su nombre y apellido y la serie y n\u00famero de su credencial si la recuerda.<\/p>\n\n\n\n<p>Las personas que voten en estas circunstancias necesariamente deber\u00e1n figurar en el padr\u00f3n o en el cuaderno de hojas electorales.<\/p>\n\n\n\n<p>Los electores no videntes o f\u00edsicamente imposibilitados podr\u00e1n hacerse acompa\u00f1ar al cuarto secreto por una persona de su confianza o un miembro de la comisi\u00f3n receptora de votos, si as\u00ed lo desea.<\/p>\n\n\n\n<p><strong>Hojas de votaci\u00f3n en los circuitos<\/strong><\/p>\n\n\n\n<p>La disponibilidad de hojas de votaci\u00f3n en los cuartos secretos ser\u00e1 competencia de los partidos pol\u00edticos; son sus delegados los encargados de abastecer de hojas a los circuitos durante la jornada electoral.<\/p>\n\n\n\n<p>En el caso de que el votante no encontrara la o las hojas de su preferencia podr\u00e1 retirarse sin votar y volver en otro momento.<\/p>\n\n\n\n<p>Siendo esta una elecci\u00f3n donde el volumen de hojas de votaci\u00f3n es muy alto, se recomienda al elector que, dentro de sus posibilidades, concurra a votar con la hoja de su preferencia.<\/p>\n\n\n\n<p>En esta oportunidad el voto ser\u00e1 secreto pero no obligatorio, por lo que no se extender\u00e1n constancias de voto.<\/p>\n","protected":false},"excerpt":{"rendered":"<p>La Corte Electoral brind\u00f3 toda la informaci\u00f3n de inter\u00e9s general acerca de las pr\u00f3ximas Elecciones&#8230;<\/p>\n","protected":false},"author":1,"featured_media":15029,"comment_status":"closed","ping_status":"closed","sticky":false,"template":"","format":"standard","meta":{"_monsterinsights_skip_tracking":false,"_monsterinsights_sitenote_active":false,"_monsterinsights_sitenote_note":"","_monsterinsights_sitenote_category":0,"footnotes":""},"categories":[11],"tags":[],"class_list":["post-15028","post","type-post","status-publish","format-standard","has-post-thumbnail","hentry","category-noticia-destacada"],"featured_image_urls":{"full":["https:\/\/diariotiempo.com.uy\/noticias\/wp-content\/uploads\/2024\/06\/a-1.jpg",900,506,false],"thumbnail":["https:\/\/diariotiempo.com.uy\/noticias\/wp-content\/uploads\/2024\/06\/a-1-150x150.jpg",150,150,true],"medium":["https:\/\/diariotiempo.com.uy\/noticias\/wp-content\/uploads\/2024\/06\/a-1-300x169.jpg",300,169,true],"medium_large":["https:\/\/diariotiempo.com.uy\/noticias\/wp-content\/uploads\/2024\/06\/a-1-768x432.jpg",640,360,true],"large":["https:\/\/diariotiempo.com.uy\/noticias\/wp-content\/uploads\/2024\/06\/a-1.jpg",640,360,false],"rpg_gallery_admin_thumb":["https:\/\/diariotiempo.com.uy\/noticias\/wp-content\/uploads\/2024\/06\/a-1-150x150.jpg",150,150,true],"rpg_gallery_thumb":["https:\/\/diariotiempo.com.uy\/noticias\/wp-content\/uploads\/2024\/06\/a-1-150x150.jpg",150,150,true],"1536x1536":["https:\/\/diariotiempo.com.uy\/noticias\/wp-content\/uploads\/2024\/06\/a-1.jpg",900,506,false],"2048x2048":["https:\/\/diariotiempo.com.uy\/noticias\/wp-content\/uploads\/2024\/06\/a-1.jpg",900,506,false],"covernews-slider-full":["https:\/\/diariotiempo.com.uy\/noticias\/wp-content\/uploads\/2024\/06\/a-1.jpg",900,506,false],"covernews-slider-center":["https:\/\/diariotiempo.com.uy\/noticias\/wp-content\/uploads\/2024\/06\/a-1-800x500.jpg",800,500,true],"covernews-featured":["https:\/\/diariotiempo.com.uy\/noticias\/wp-content\/uploads\/2024\/06\/a-1.jpg",900,506,false],"covernews-medium":["https:\/\/diariotiempo.com.uy\/noticias\/wp-content\/uploads\/2024\/06\/a-1-540x340.jpg",540,340,true],"covernews-medium-square":["https:\/\/diariotiempo.com.uy\/noticias\/wp-content\/uploads\/2024\/06\/a-1-400x250.jpg",400,250,true]},"author_info":{"display_name":"diario","author_link":"https:\/\/diariotiempo.com.uy\/noticias\/author\/diario\/"},"category_info":"<a href=\"https:\/\/diariotiempo.com.uy\/noticias\/category\/noticia-destacada\/\" rel=\"category tag\">NOTICIA DESTACADA<\/a>","tag_info":"NOTICIA DESTACADA","comment_count":"0","_links":{"self":[{"href":"https:\/\/diariotiempo.com.uy\/noticias\/wp-json\/wp\/v2\/posts\/15028","targetHints":{"allow":["GET"]}}],"collection":[{"href":"https:\/\/diariotiempo.com.uy\/noticias\/wp-json\/wp\/v2\/posts"}],"about":[{"href":"https:\/\/diariotiempo.com.uy\/noticias\/wp-json\/wp\/v2\/types\/post"}],"author":[{"embeddable":true,"href":"https:\/\/diariotiempo.com.uy\/noticias\/wp-json\/wp\/v2\/users\/1"}],"replies":[{"embeddable":true,"href":"https:\/\/diariotiempo.com.uy\/noticias\/wp-json\/wp\/v2\/comments?post=15028"}],"version-history":[{"count":1,"href":"https:\/\/diariotiempo.com.uy\/noticias\/wp-json\/wp\/v2\/posts\/15028\/revisions"}],"predecessor-version":[{"id":15030,"href":"https:\/\/diariotiempo.com.uy\/noticias\/wp-json\/wp\/v2\/posts\/15028\/revisions\/15030"}],"wp:featuredmedia":[{"embeddable":true,"href":"https:\/\/diariotiempo.com.uy\/noticias\/wp-json\/wp\/v2\/media\/15029"}],"wp:attachment":[{"href":"https:\/\/diariotiempo.com.uy\/noticias\/wp-json\/wp\/v2\/media?parent=15028"}],"wp:term":[{"taxonomy":"category","embeddable":true,"href":"https:\/\/diariotiempo.com.uy\/noticias\/wp-json\/wp\/v2\/categories?post=15028"},{"taxonomy":"post_tag","embeddable":true,"href":"https:\/\/diariotiempo.com.uy\/noticias\/wp-json\/wp\/v2\/tags?post=15028"}],"curies":[{"name":"wp","href":"https:\/\/api.w.org\/{rel}","templated":true}]}}