{"id":15033,"date":"2024-06-18T15:41:08","date_gmt":"2024-06-18T15:41:08","guid":{"rendered":"https:\/\/diariotiempo.com.uy\/noticias\/?p=15033"},"modified":"2024-06-18T15:41:09","modified_gmt":"2024-06-18T15:41:09","slug":"el-proyecto-guardianes-del-patrimonio-natural-edicion-2024-fue-presentado-en-la-expo-uruguay-sostenible","status":"publish","type":"post","link":"https:\/\/diariotiempo.com.uy\/noticias\/2024\/06\/18\/el-proyecto-guardianes-del-patrimonio-natural-edicion-2024-fue-presentado-en-la-expo-uruguay-sostenible\/","title":{"rendered":"El proyecto \u201cGuardianes del Patrimonio Natural\u201d edici\u00f3n 2024 fue presentado en la Expo Uruguay Sostenible"},"content":{"rendered":"\n<figure class=\"wp-block-image aligncenter size-full\"><img loading=\"lazy\" decoding=\"async\" width=\"755\" height=\"390\" src=\"https:\/\/diariotiempo.com.uy\/noticias\/wp-content\/uploads\/2024\/06\/GUARDIANES.jpg\" alt=\"\" class=\"wp-image-15034\" srcset=\"https:\/\/diariotiempo.com.uy\/noticias\/wp-content\/uploads\/2024\/06\/GUARDIANES.jpg 755w, https:\/\/diariotiempo.com.uy\/noticias\/wp-content\/uploads\/2024\/06\/GUARDIANES-300x155.jpg 300w\" sizes=\"auto, (max-width: 755px) 100vw, 755px\" \/><\/figure>\n\n\n\n<p>&nbsp;La iniciativa, que este a\u00f1o se enfoca en los Humedales de Santa Luc\u00eda<\/p>\n\n\n\n<p>El proyecto \u201cGuardianes del Patrimonio Natural\u201d edici\u00f3n 2024 fue presentado en la Expo Uruguay Sostenible organizada por el Ministerio de Ambiente. La iniciativa, que este a\u00f1o se enfoca en los Humedales de Santa Luc\u00eda, tiene como cometido difundir el conocimiento acerca del patrimonio natural y la educaci\u00f3n ambiental entre ni\u00f1os y ni\u00f1as.<\/p>\n\n\n\n<p>La propuesta es impulsada por el Plan Educativo Cultural de la Administraci\u00f3n Nacional de Educaci\u00f3n P\u00fablica (ANEP) desde 2023, a trav\u00e9s de su Comisi\u00f3n de Educaci\u00f3n en Patrimonio, junto al Sistema Nacional de \u00c1reas Protegidas (SNAP) del Ministerio de Ambiente.<\/p>\n\n\n\n<p>Este a\u00f1o el proyecto fue presentado en un stand interactivo en la Expo Uruguay Sostenible desarrollada en el Antel Arena. All\u00ed se brind\u00f3 informaci\u00f3n de la iniciativa y los visitantes tuvieron la oportunidad de jugar una trivia donde se les pregunt\u00f3 sobre educaci\u00f3n ambiental y patrimonio natural, y recibieron premios.<\/p>\n\n\n\n<p>Cada a\u00f1o se selecciona un \u00e1rea protegida diferente del pa\u00eds y se trabaja con escuelas cercanas a ella. Luego, durante todo el a\u00f1o se capacita a estudiantes y maestras. El d\u00eda previo al fin de semana del Patrimonio se realiza una muestra en la cual los escolares gu\u00edan a los visitantes por el \u00e1rea protegida. El a\u00f1o pasado la actividad reuni\u00f3 a trescientos ni\u00f1os, adultos y docentes.<\/p>\n\n\n\n<p>Por otra parte, durante la Expo se realiz\u00f3 el lanzamiento de la edici\u00f3n 2024 de \u201cGuardianes del Patrimonio Natural\u201d en la sala Espinillo, con la presencia de la presidenta de la ANEP, Virginia C\u00e1ceres, el coordinador del Plan Educativo Cultural, Horacio Bernardo, y la directora de la Divisi\u00f3n del Sistema Nacional de \u00c1reas Protegidas del Ministerio de Ambiente, Luc\u00eda Bartesaghi. Tambi\u00e9n acompa\u00f1aron el encuentro las integrantes del equipo de trabajo Laura Osta (ANEP), Gabriela Gon\u00e7alves y Norby Pi\u00f1eiro (ambas representantes del Ministerio de Ambiente).<\/p>\n\n\n\n<p>Adem\u00e1s, el proyecto se present\u00f3 a instancias de la Red Nacional de Educaci\u00f3nAmbiental (Renea).<\/p>\n\n\n\n<p>Bernardo manifest\u00f3 que el cometido de la propuesta consiste en \u201cContinuar potenciando la educaci\u00f3n patrimonial en el marco de las recomendaciones que la Comisi\u00f3n de Educaci\u00f3n en Patrimonio realiz\u00f3 a la ANEP en 2022, y potenciar el conocimiento y el v\u00ednculo afectivo. Se apunta a que los ni\u00f1os se transformen en agentes reproductores de conocimiento\u201d.<\/p>\n\n\n\n<p>El a\u00f1o pasado el \u00e1rea protegida elegida fue las Grutas del Palacio, declarada por la Unesco como Geoparque.<\/p>\n\n\n\n<p>En la actualidad, Uruguay cuenta con 18 \u00e1reas protegidas.<\/p>\n","protected":false},"excerpt":{"rendered":"<p>&nbsp;La iniciativa, que este a\u00f1o se enfoca en los Humedales de Santa Luc\u00eda El proyecto&#8230;<\/p>\n","protected":false},"author":1,"featured_media":15034,"comment_status":"closed","ping_status":"closed","sticky":false,"template":"","format":"standard","meta":{"_monsterinsights_skip_tracking":false,"_monsterinsights_sitenote_active":false,"_monsterinsights_sitenote_note":"","_monsterinsights_sitenote_category":0,"footnotes":""},"categories":[79],"tags":[],"class_list":["post-15033","post","type-post","status-publish","format-standard","has-post-thumbnail","hentry","category-nacionales"],"featured_image_urls":{"full":["https:\/\/diariotiempo.com.uy\/noticias\/wp-content\/uploads\/2024\/06\/GUARDIANES.jpg",755,390,false],"thumbnail":["https:\/\/diariotiempo.com.uy\/noticias\/wp-content\/uploads\/2024\/06\/GUARDIANES-150x150.jpg",150,150,true],"medium":["https:\/\/diariotiempo.com.uy\/noticias\/wp-content\/uploads\/2024\/06\/GUARDIANES-300x155.jpg",300,155,true],"medium_large":["https:\/\/diariotiempo.com.uy\/noticias\/wp-content\/uploads\/2024\/06\/GUARDIANES.jpg",640,331,false],"large":["https:\/\/diariotiempo.com.uy\/noticias\/wp-content\/uploads\/2024\/06\/GUARDIANES.jpg",640,331,false],"rpg_gallery_admin_thumb":["https:\/\/diariotiempo.com.uy\/noticias\/wp-content\/uploads\/2024\/06\/GUARDIANES-150x150.jpg",150,150,true],"rpg_gallery_thumb":["https:\/\/diariotiempo.com.uy\/noticias\/wp-content\/uploads\/2024\/06\/GUARDIANES-150x150.jpg",150,150,true],"1536x1536":["https:\/\/diariotiempo.com.uy\/noticias\/wp-content\/uploads\/2024\/06\/GUARDIANES.jpg",755,390,false],"2048x2048":["https:\/\/diariotiempo.com.uy\/noticias\/wp-content\/uploads\/2024\/06\/GUARDIANES.jpg",755,390,false],"covernews-slider-full":["https:\/\/diariotiempo.com.uy\/noticias\/wp-content\/uploads\/2024\/06\/GUARDIANES.jpg",755,390,false],"covernews-slider-center":["https:\/\/diariotiempo.com.uy\/noticias\/wp-content\/uploads\/2024\/06\/GUARDIANES.jpg",755,390,false],"covernews-featured":["https:\/\/diariotiempo.com.uy\/noticias\/wp-content\/uploads\/2024\/06\/GUARDIANES.jpg",755,390,false],"covernews-medium":["https:\/\/diariotiempo.com.uy\/noticias\/wp-content\/uploads\/2024\/06\/GUARDIANES-540x340.jpg",540,340,true],"covernews-medium-square":["https:\/\/diariotiempo.com.uy\/noticias\/wp-content\/uploads\/2024\/06\/GUARDIANES-400x250.jpg",400,250,true]},"author_info":{"display_name":"diario","author_link":"https:\/\/diariotiempo.com.uy\/noticias\/author\/diario\/"},"category_info":"<a href=\"https:\/\/diariotiempo.com.uy\/noticias\/category\/nacionales\/\" rel=\"category tag\">NACIONALES<\/a>","tag_info":"NACIONALES","comment_count":"0","_links":{"self":[{"href":"https:\/\/diariotiempo.com.uy\/noticias\/wp-json\/wp\/v2\/posts\/15033","targetHints":{"allow":["GET"]}}],"collection":[{"href":"https:\/\/diariotiempo.com.uy\/noticias\/wp-json\/wp\/v2\/posts"}],"about":[{"href":"https:\/\/diariotiempo.com.uy\/noticias\/wp-json\/wp\/v2\/types\/post"}],"author":[{"embeddable":true,"href":"https:\/\/diariotiempo.com.uy\/noticias\/wp-json\/wp\/v2\/users\/1"}],"replies":[{"embeddable":true,"href":"https:\/\/diariotiempo.com.uy\/noticias\/wp-json\/wp\/v2\/comments?post=15033"}],"version-history":[{"count":1,"href":"https:\/\/diariotiempo.com.uy\/noticias\/wp-json\/wp\/v2\/posts\/15033\/revisions"}],"predecessor-version":[{"id":15035,"href":"https:\/\/diariotiempo.com.uy\/noticias\/wp-json\/wp\/v2\/posts\/15033\/revisions\/15035"}],"wp:featuredmedia":[{"embeddable":true,"href":"https:\/\/diariotiempo.com.uy\/noticias\/wp-json\/wp\/v2\/media\/15034"}],"wp:attachment":[{"href":"https:\/\/diariotiempo.com.uy\/noticias\/wp-json\/wp\/v2\/media?parent=15033"}],"wp:term":[{"taxonomy":"category","embeddable":true,"href":"https:\/\/diariotiempo.com.uy\/noticias\/wp-json\/wp\/v2\/categories?post=15033"},{"taxonomy":"post_tag","embeddable":true,"href":"https:\/\/diariotiempo.com.uy\/noticias\/wp-json\/wp\/v2\/tags?post=15033"}],"curies":[{"name":"wp","href":"https:\/\/api.w.org\/{rel}","templated":true}]}}