{"id":15046,"date":"2024-06-21T14:38:11","date_gmt":"2024-06-21T14:38:11","guid":{"rendered":"https:\/\/diariotiempo.com.uy\/noticias\/?p=15046"},"modified":"2024-06-21T14:38:11","modified_gmt":"2024-06-21T14:38:11","slug":"desde-tempranas-horas-la-ciudad-de-sauce-comenzo-los-festejos-del-260-aniversario-del-natalicio-de-artigas","status":"publish","type":"post","link":"https:\/\/diariotiempo.com.uy\/noticias\/2024\/06\/21\/desde-tempranas-horas-la-ciudad-de-sauce-comenzo-los-festejos-del-260-aniversario-del-natalicio-de-artigas\/","title":{"rendered":"Desde tempranas horas la ciudad de Sauce comenz\u00f3 los festejos del 260\u00b0 aniversario del natalicio de Artigas"},"content":{"rendered":"\n<figure class=\"wp-block-gallery has-nested-images columns-2 is-cropped wp-block-gallery-1 is-layout-flex wp-block-gallery-is-layout-flex\">\n<figure class=\"wp-block-image size-large\"><img loading=\"lazy\" decoding=\"async\" width=\"900\" height=\"599\" data-id=\"15047\" src=\"https:\/\/diariotiempo.com.uy\/noticias\/wp-content\/uploads\/2024\/06\/sauce-artigas-desfile.jpg\" alt=\"\" class=\"wp-image-15047\" srcset=\"https:\/\/diariotiempo.com.uy\/noticias\/wp-content\/uploads\/2024\/06\/sauce-artigas-desfile.jpg 900w, https:\/\/diariotiempo.com.uy\/noticias\/wp-content\/uploads\/2024\/06\/sauce-artigas-desfile-300x200.jpg 300w, https:\/\/diariotiempo.com.uy\/noticias\/wp-content\/uploads\/2024\/06\/sauce-artigas-desfile-768x511.jpg 768w\" sizes=\"auto, (max-width: 900px) 100vw, 900px\" \/><\/figure>\n\n\n\n<figure class=\"wp-block-image size-large\"><img loading=\"lazy\" decoding=\"async\" width=\"900\" height=\"599\" data-id=\"15048\" src=\"https:\/\/diariotiempo.com.uy\/noticias\/wp-content\/uploads\/2024\/06\/sauce-artigas-lacalle.jpg\" alt=\"\" class=\"wp-image-15048\" srcset=\"https:\/\/diariotiempo.com.uy\/noticias\/wp-content\/uploads\/2024\/06\/sauce-artigas-lacalle.jpg 900w, https:\/\/diariotiempo.com.uy\/noticias\/wp-content\/uploads\/2024\/06\/sauce-artigas-lacalle-300x200.jpg 300w, https:\/\/diariotiempo.com.uy\/noticias\/wp-content\/uploads\/2024\/06\/sauce-artigas-lacalle-768x511.jpg 768w\" sizes=\"auto, (max-width: 900px) 100vw, 900px\" \/><\/figure>\n\n\n\n<figure class=\"wp-block-image size-large\"><img loading=\"lazy\" decoding=\"async\" width=\"900\" height=\"600\" data-id=\"15049\" src=\"https:\/\/diariotiempo.com.uy\/noticias\/wp-content\/uploads\/2024\/06\/sauce-artigas-plaza.jpeg\" alt=\"\" class=\"wp-image-15049\" srcset=\"https:\/\/diariotiempo.com.uy\/noticias\/wp-content\/uploads\/2024\/06\/sauce-artigas-plaza.jpeg 900w, https:\/\/diariotiempo.com.uy\/noticias\/wp-content\/uploads\/2024\/06\/sauce-artigas-plaza-300x200.jpeg 300w, https:\/\/diariotiempo.com.uy\/noticias\/wp-content\/uploads\/2024\/06\/sauce-artigas-plaza-768x512.jpeg 768w\" sizes=\"auto, (max-width: 900px) 100vw, 900px\" \/><\/figure>\n<\/figure>\n\n\n\n<p>Como es tradicional, en la ciudad de Sauce se llevan adelante los festejos en conmemoraci\u00f3n del 260\u00b0 aniversario del natalicio del General Jos\u00e9 Gervasio Artigas. Las actividades comenzaron a primera hora de la ma\u00f1ana, continuar\u00e1n en la tarde con el desfile c\u00edvico-militar y cerrar\u00e1n a la noche con el show de Buitres y la proyecci\u00f3n de un mapping.<\/p>\n\n\n\n<p>Desde el amanecer la &nbsp;Plaza Artigas de Sauce, &nbsp;fue escenario de los primeros actos protocolares de la jornada patri\u00f3tica con el izado de banderas, toque de campanas, salva de ca\u00f1ones y entonaci\u00f3n del Himno Nacional.<\/p>\n\n\n\n<p>El acto cont\u00f3 con la presencia del Intendente de Canelones, Marcelo Metediera, del Alcalde Rubens Ottonello, representantes del Comisi\u00f3n Patri\u00f3tica y de Eventos Especiales de Sauce, el Jefe de Polic\u00eda de Canelones, Victor Trezza, junto a otras autoridades nacionales, departamentales y locales, as\u00ed como representantes de la sociedad civil.<\/p>\n\n\n\n<p>Tal como estaba previsto,a las 10:30 horas, se realiz\u00f3 la colocaci\u00f3n de ofrendas florales a los pies del monumento a Jos\u00e9 Gervasio Artigas a cargo de organizaciones sociales y deportivas, &nbsp;representativas de la comunidad de Sauce, acompa\u00f1adas de las principales autoridades departamentales y locales.<\/p>\n\n\n\n<p>Posteriormente se llev\u00f3 a cabo el tradicional acto de las instituciones educativas de la zona en el que los alumnos de primer a\u00f1o de primaria y secundaria realizaron la Promesa y Jura de fidelidad a &nbsp;la Bandera Nacional.<\/p>\n\n\n\n<p>El acto cont\u00f3 con la oratoria de la Profesora Flavia Pereyra, del Liceo de Sauce 2, quien desarroll\u00f3 el concepto de Patria y los s\u00edmbolos que la representan. En tanto en representaci\u00f3n de la escuela N\u00b0 14, Domingo Piccardo hizo uso de &nbsp;la palabra la estudiante de Cuarto A\u00f1o Catalina Francone quien se refiri\u00f3 a &nbsp;la figura de Jos\u00e9 Gervasio Artigas. La instancia culmin\u00f3 con la entonaci\u00f3n de A Don Jos\u00e9 con Letra de Ruben Lena.<\/p>\n\n\n\n<p>Acto central y desfile c\u00edvico militar<\/p>\n\n\n\n<p>A partir de las 13:30 horas, se llevar\u00e1 a cabo el acto protocolar encabezado por Presidente de la Rep\u00fablica, Luis Lacalle Pou, el Intendente de Canelones, Marcelo Metediera, el Alcalde del Municipio de Sauce, Rubens Ottonello, el Presidente de la Comisi\u00f3n Patri\u00f3tica y de Eventos de Sauce, Eduardo Mosegui y dem\u00e1s autoridades nacionales, departamentales y locales.<\/p>\n\n\n\n<p>A las 14.15 hs. est\u00e1 previsto el inicio del tradicional desfile de instituciones educativas, organizaciones sociales y deportivas, as\u00ed como de representaciones militares, policiales, de caballer\u00eda gaucha y sociedades nativistas.<\/p>\n\n\n\n<p>Durante toda la jornada ofrece una variada propuesta gastron\u00f3mica y se realiza la tradicional feria comercial y artesanal.<\/p>\n\n\n\n<p>A partir de las 18:30, &nbsp;habr\u00e1 espect\u00e1culos art\u00edsticos que cerraron con la actuaci\u00f3n de la banda Buitres. Los festejos culminaron con la &nbsp;proyecci\u00f3n de mapping sobre la fachada de la iglesia local cerrando una jornada patri\u00f3tica de conmemoraci\u00f3n y de encuentro para toda la comunidad.<\/p>\n\n\n\n<p>Llama Votiva y Chasque de Artigas<\/p>\n\n\n\n<p>Los festejos centrales en Sauce se iniciaron oficialmente anoche con la llegada de la llama Votiva, que parti\u00f3 desde Plaza Independencia en Montevideo, y el arribo del Chasque Artiguista, proveniente del Obelisco de Las Piedras.<\/p>\n\n\n\n<p>Los atletas portadores de la llama y el chasque fueron recibidos en Sauce por el Intendente, el Alcalde, Concejales y Concejalas, miembros de la Comisi\u00f3n Patri\u00f3tica y de Eventos Especiales, representantes de instituciones educativas, organizaciones sociales y deportivas, as\u00ed como vecinos y vecinas de la zona.<\/p>\n\n\n\n<p>Las actividades conmemorativas por el natalicio continuar\u00e1n durante todo el mes &nbsp;con una variedad de propuestas art\u00edsticas, culturales, deportivas y &nbsp;sociales, como exposiciones, talleres, y conferencias organizadas con una activa participaci\u00f3n de la comunidad.<\/p>\n","protected":false},"excerpt":{"rendered":"<p>Como es tradicional, en la ciudad de Sauce se llevan adelante los festejos en conmemoraci\u00f3n&#8230;<\/p>\n","protected":false},"author":1,"featured_media":15048,"comment_status":"closed","ping_status":"closed","sticky":false,"template":"","format":"standard","meta":{"_monsterinsights_skip_tracking":false,"_monsterinsights_sitenote_active":false,"_monsterinsights_sitenote_note":"","_monsterinsights_sitenote_category":0,"footnotes":""},"categories":[11],"tags":[],"class_list":["post-15046","post","type-post","status-publish","format-standard","has-post-thumbnail","hentry","category-noticia-destacada"],"featured_image_urls":{"full":["https:\/\/diariotiempo.com.uy\/noticias\/wp-content\/uploads\/2024\/06\/sauce-artigas-lacalle.jpg",900,599,false],"thumbnail":["https:\/\/diariotiempo.com.uy\/noticias\/wp-content\/uploads\/2024\/06\/sauce-artigas-lacalle-150x150.jpg",150,150,true],"medium":["https:\/\/diariotiempo.com.uy\/noticias\/wp-content\/uploads\/2024\/06\/sauce-artigas-lacalle-300x200.jpg",300,200,true],"medium_large":["https:\/\/diariotiempo.com.uy\/noticias\/wp-content\/uploads\/2024\/06\/sauce-artigas-lacalle-768x511.jpg",640,426,true],"large":["https:\/\/diariotiempo.com.uy\/noticias\/wp-content\/uploads\/2024\/06\/sauce-artigas-lacalle.jpg",640,426,false],"rpg_gallery_admin_thumb":["https:\/\/diariotiempo.com.uy\/noticias\/wp-content\/uploads\/2024\/06\/sauce-artigas-lacalle-150x150.jpg",150,150,true],"rpg_gallery_thumb":["https:\/\/diariotiempo.com.uy\/noticias\/wp-content\/uploads\/2024\/06\/sauce-artigas-lacalle-150x150.jpg",150,150,true],"1536x1536":["https:\/\/diariotiempo.com.uy\/noticias\/wp-content\/uploads\/2024\/06\/sauce-artigas-lacalle.jpg",900,599,false],"2048x2048":["https:\/\/diariotiempo.com.uy\/noticias\/wp-content\/uploads\/2024\/06\/sauce-artigas-lacalle.jpg",900,599,false],"covernews-slider-full":["https:\/\/diariotiempo.com.uy\/noticias\/wp-content\/uploads\/2024\/06\/sauce-artigas-lacalle.jpg",900,599,false],"covernews-slider-center":["https:\/\/diariotiempo.com.uy\/noticias\/wp-content\/uploads\/2024\/06\/sauce-artigas-lacalle-800x500.jpg",800,500,true],"covernews-featured":["https:\/\/diariotiempo.com.uy\/noticias\/wp-content\/uploads\/2024\/06\/sauce-artigas-lacalle.jpg",900,599,false],"covernews-medium":["https:\/\/diariotiempo.com.uy\/noticias\/wp-content\/uploads\/2024\/06\/sauce-artigas-lacalle-540x340.jpg",540,340,true],"covernews-medium-square":["https:\/\/diariotiempo.com.uy\/noticias\/wp-content\/uploads\/2024\/06\/sauce-artigas-lacalle-400x250.jpg",400,250,true]},"author_info":{"display_name":"diario","author_link":"https:\/\/diariotiempo.com.uy\/noticias\/author\/diario\/"},"category_info":"<a href=\"https:\/\/diariotiempo.com.uy\/noticias\/category\/noticia-destacada\/\" rel=\"category tag\">NOTICIA DESTACADA<\/a>","tag_info":"NOTICIA DESTACADA","comment_count":"0","_links":{"self":[{"href":"https:\/\/diariotiempo.com.uy\/noticias\/wp-json\/wp\/v2\/posts\/15046","targetHints":{"allow":["GET"]}}],"collection":[{"href":"https:\/\/diariotiempo.com.uy\/noticias\/wp-json\/wp\/v2\/posts"}],"about":[{"href":"https:\/\/diariotiempo.com.uy\/noticias\/wp-json\/wp\/v2\/types\/post"}],"author":[{"embeddable":true,"href":"https:\/\/diariotiempo.com.uy\/noticias\/wp-json\/wp\/v2\/users\/1"}],"replies":[{"embeddable":true,"href":"https:\/\/diariotiempo.com.uy\/noticias\/wp-json\/wp\/v2\/comments?post=15046"}],"version-history":[{"count":1,"href":"https:\/\/diariotiempo.com.uy\/noticias\/wp-json\/wp\/v2\/posts\/15046\/revisions"}],"predecessor-version":[{"id":15050,"href":"https:\/\/diariotiempo.com.uy\/noticias\/wp-json\/wp\/v2\/posts\/15046\/revisions\/15050"}],"wp:featuredmedia":[{"embeddable":true,"href":"https:\/\/diariotiempo.com.uy\/noticias\/wp-json\/wp\/v2\/media\/15048"}],"wp:attachment":[{"href":"https:\/\/diariotiempo.com.uy\/noticias\/wp-json\/wp\/v2\/media?parent=15046"}],"wp:term":[{"taxonomy":"category","embeddable":true,"href":"https:\/\/diariotiempo.com.uy\/noticias\/wp-json\/wp\/v2\/categories?post=15046"},{"taxonomy":"post_tag","embeddable":true,"href":"https:\/\/diariotiempo.com.uy\/noticias\/wp-json\/wp\/v2\/tags?post=15046"}],"curies":[{"name":"wp","href":"https:\/\/api.w.org\/{rel}","templated":true}]}}