{"id":1519,"date":"2021-08-24T16:22:33","date_gmt":"2021-08-24T16:22:33","guid":{"rendered":"https:\/\/diariotiempo.com.uy\/noticias\/?p=1519"},"modified":"2021-08-24T16:24:29","modified_gmt":"2021-08-24T16:24:29","slug":"scj-suspende-reorganizacion-de-comunidades-geograficas-para-habilitar-negociaciones-con-el-gobierno","status":"publish","type":"post","link":"https:\/\/diariotiempo.com.uy\/noticias\/2021\/08\/24\/scj-suspende-reorganizacion-de-comunidades-geograficas-para-habilitar-negociaciones-con-el-gobierno\/","title":{"rendered":"SCJ suspende reorganizaci\u00f3n de comunidades geogr\u00e1ficas para habilitar negociaciones con el gobierno"},"content":{"rendered":"\n<div class=\"wp-block-image\"><figure class=\"aligncenter size-full\"><img loading=\"lazy\" decoding=\"async\" width=\"792\" height=\"475\" src=\"https:\/\/diariotiempo.com.uy\/noticias\/wp-content\/uploads\/2021\/08\/3-5.jpg\" alt=\"\" class=\"wp-image-1521\" srcset=\"https:\/\/diariotiempo.com.uy\/noticias\/wp-content\/uploads\/2021\/08\/3-5.jpg 792w, https:\/\/diariotiempo.com.uy\/noticias\/wp-content\/uploads\/2021\/08\/3-5-300x180.jpg 300w, https:\/\/diariotiempo.com.uy\/noticias\/wp-content\/uploads\/2021\/08\/3-5-768x461.jpg 768w\" sizes=\"auto, (max-width: 792px) 100vw, 792px\" \/><\/figure><\/div>\n\n\n\n<p>La Suprema Corte de Justicia (SCJ) resolvi\u00f3 suspender la entrada en vigencia de la Acordada n\u00ba 8119 de reorganizaci\u00f3n de comunidades geogr\u00e1ficas (divulgada mediante Circular n\u00ba 92\/2021 del 19\/ago\/2021) que ten\u00eda la finalidad de optimizar \u201clos recursos humanos, materiales y presupuestales existentes\u201d.<\/p>\n\n\n\n<p>La decisi\u00f3n se funda en la existencia de \u00abposturas publicitadas por diferentes actores institucionales\u00bb que dan m\u00e9rito al inter\u00e9s del Poder Judicial de \u00ababrir un \u00e1mbito de negociaci\u00f3n con el Poder Legislativo y con el Poder Ejecutivo a fin de obtener los recursos indispensables para un adecuado funcionamiento de las distintas sedes judiciales\u00bb.<\/p>\n\n\n\n<p>Acordada N\u00ba 8120<\/p>\n\n\n\n<p>En Montevideo, a los veintitr\u00e9s d\u00edas del mes de agosto del a\u00f1o dos mil veintiuno, estando en audiencia la Suprema Corte de Justicia, integrada por los se\u00f1ores Ministros doctores Tabar\u00e9 Sosa Aguirre -Presidente-, Elena Mart\u00ednez Rosso, Bernadette Minvielle S\u00e1nchez y Luis Tosi Boeri, con la asistencia de su Secretaria Letrada doctora Gabriela Figueroa Dacasto, DIJO: <\/p>\n\n\n\n<p>I) Que por Acordada N\u00ba 8119, comunicada por Circular N\u00ba 92\/2021, de 19 de agosto del corriente a\u00f1o, se dispuso la reorganizaci\u00f3n de comunidades geogr\u00e1ficas de los Juzgados de Paz del Interior que se mencionan en la acordada referida; <\/p>\n\n\n\n<p>II) Que la motivaci\u00f3n de la misma fue el d\u00e9ficit presupuestal generado a este Poder del Estado desde el a\u00f1o 2005, que dificulta hacer frente a los gastos de funcionamiento de las sedes judiciales de todo el pa\u00eds (alquileres, limpieza, suministros, etc.) y que ha requerido una continua pol\u00edtica de abatimiento de costos. <\/p>\n\n\n\n<p>III) Que en particular, para las sedes mencionadas en la acordada de referencia, se ha considerado la baja carga de trabajo jurisdiccional que poseen, as\u00ed como el traspaso de sus funciones de Registro de Estado Civil al Ministerio de Educaci\u00f3n y Cultura a partir del 1\u00ba de enero de 2022, tomando asimismo en consideraci\u00f3n sus costos operativos que en la actualidad ascienden a $ 12.368.571 anuales, excluidos los gastos asociados a remuneraciones. <\/p>\n\n\n\n<p>IV) Que la Suprema Corte de Justicia se ve en la necesidad de aplicar los escasos recursos con los que cuenta en sedes con mayor demanda de servicios de justicia como lo son, por ejemplo, los Juzgados Letrados Especializados en Violencia Basada en G\u00e9nero (Ley N\u00ba19580). <\/p>\n\n\n\n<p>V) Que en efecto, en el \u00faltimo proyecto de presupuesto, se solicit\u00f3 la instalaci\u00f3n de ocho nuevos Juzgados con la mencionada competencia en el interior del pa\u00eds (tambi\u00e9n seis en la capital); pero s\u00f3lo se habilitaron por el art. 542 de la Ley N\u00ba 19924 tres Juzgados en el interior, sin cubrirse los costos de locales, gastos de funcionamiento ni retribuciones para los cargos funcionales necesarios. No obstante ello, se dispuso su vigencia con fecha 1\u00ba de julio de 2021. <\/p>\n\n\n\n<p>VI) Que al ser imposible la instalaci\u00f3n de los antes mencionados juzgados en el actual marco presupuestal, se envi\u00f3 al Parlamento proyecto de ley a fin de prorrogar la misma para el 1\u00ba de julio de 2022, sin haber obtenido respuesta hasta el presente. <\/p>\n\n\n\n<p>VII) Que, dadas las posturas publicitadas por diferentes actores institucionales, es de inter\u00e9s del Poder Judicial abrir un \u00e1mbito de negociaci\u00f3n con el Poder Legislativo y con el Poder Ejecutivo a fin de obtener los recursos indispensables para un adecuado funcionamiento de las distintas sedes judiciales. <\/p>\n\n\n\n<p>ATENTO:  a lo expuesto y de conformidad con lo que prev\u00e9n los art\u00edculos 239 ord. 2\u00ba de la Constituci\u00f3n de la Rep\u00fablica y 55 num. 6\u00ba de la Ley N\u00ba 15750;<\/p>\n\n\n\n<p>LA SUPREMA CORTE DE JUSTICIA RESUELVE:<br><br>1\u00ba.- Susp\u00e9ndese la entrada en vigencia de la Acordada n\u00ba 8119 de 12 de agosto de 2021. 2\u00ba.- Comun\u00edquese, publ\u00edquese en el Portal Corporativo y en el sitio web.<\/p>\n","protected":false},"excerpt":{"rendered":"<p>La Suprema Corte de Justicia (SCJ) resolvi\u00f3 suspender la entrada en vigencia de la Acordada&#8230;<\/p>\n","protected":false},"author":1,"featured_media":1521,"comment_status":"open","ping_status":"open","sticky":false,"template":"","format":"standard","meta":{"_monsterinsights_skip_tracking":false,"_monsterinsights_sitenote_active":false,"_monsterinsights_sitenote_note":"","_monsterinsights_sitenote_category":0,"footnotes":""},"categories":[79],"tags":[],"class_list":["post-1519","post","type-post","status-publish","format-standard","has-post-thumbnail","hentry","category-nacionales"],"featured_image_urls":{"full":["https:\/\/diariotiempo.com.uy\/noticias\/wp-content\/uploads\/2021\/08\/3-5.jpg",792,475,false],"thumbnail":["https:\/\/diariotiempo.com.uy\/noticias\/wp-content\/uploads\/2021\/08\/3-5-150x150.jpg",150,150,true],"medium":["https:\/\/diariotiempo.com.uy\/noticias\/wp-content\/uploads\/2021\/08\/3-5-300x180.jpg",300,180,true],"medium_large":["https:\/\/diariotiempo.com.uy\/noticias\/wp-content\/uploads\/2021\/08\/3-5-768x461.jpg",640,384,true],"large":["https:\/\/diariotiempo.com.uy\/noticias\/wp-content\/uploads\/2021\/08\/3-5.jpg",640,384,false],"rpg_gallery_admin_thumb":["https:\/\/diariotiempo.com.uy\/noticias\/wp-content\/uploads\/2021\/08\/3-5.jpg",150,90,false],"rpg_gallery_thumb":["https:\/\/diariotiempo.com.uy\/noticias\/wp-content\/uploads\/2021\/08\/3-5.jpg",150,90,false],"1536x1536":["https:\/\/diariotiempo.com.uy\/noticias\/wp-content\/uploads\/2021\/08\/3-5.jpg",792,475,false],"2048x2048":["https:\/\/diariotiempo.com.uy\/noticias\/wp-content\/uploads\/2021\/08\/3-5.jpg",792,475,false],"covernews-slider-full":["https:\/\/diariotiempo.com.uy\/noticias\/wp-content\/uploads\/2021\/08\/3-5.jpg",792,475,false],"covernews-slider-center":["https:\/\/diariotiempo.com.uy\/noticias\/wp-content\/uploads\/2021\/08\/3-5.jpg",792,475,false],"covernews-featured":["https:\/\/diariotiempo.com.uy\/noticias\/wp-content\/uploads\/2021\/08\/3-5.jpg",792,475,false],"covernews-medium":["https:\/\/diariotiempo.com.uy\/noticias\/wp-content\/uploads\/2021\/08\/3-5-540x340.jpg",540,340,true],"covernews-medium-square":["https:\/\/diariotiempo.com.uy\/noticias\/wp-content\/uploads\/2021\/08\/3-5-400x250.jpg",400,250,true]},"author_info":{"display_name":"diario","author_link":"https:\/\/diariotiempo.com.uy\/noticias\/author\/diario\/"},"category_info":"<a href=\"https:\/\/diariotiempo.com.uy\/noticias\/category\/nacionales\/\" rel=\"category tag\">NACIONALES<\/a>","tag_info":"NACIONALES","comment_count":"0","_links":{"self":[{"href":"https:\/\/diariotiempo.com.uy\/noticias\/wp-json\/wp\/v2\/posts\/1519","targetHints":{"allow":["GET"]}}],"collection":[{"href":"https:\/\/diariotiempo.com.uy\/noticias\/wp-json\/wp\/v2\/posts"}],"about":[{"href":"https:\/\/diariotiempo.com.uy\/noticias\/wp-json\/wp\/v2\/types\/post"}],"author":[{"embeddable":true,"href":"https:\/\/diariotiempo.com.uy\/noticias\/wp-json\/wp\/v2\/users\/1"}],"replies":[{"embeddable":true,"href":"https:\/\/diariotiempo.com.uy\/noticias\/wp-json\/wp\/v2\/comments?post=1519"}],"version-history":[{"count":2,"href":"https:\/\/diariotiempo.com.uy\/noticias\/wp-json\/wp\/v2\/posts\/1519\/revisions"}],"predecessor-version":[{"id":1523,"href":"https:\/\/diariotiempo.com.uy\/noticias\/wp-json\/wp\/v2\/posts\/1519\/revisions\/1523"}],"wp:featuredmedia":[{"embeddable":true,"href":"https:\/\/diariotiempo.com.uy\/noticias\/wp-json\/wp\/v2\/media\/1521"}],"wp:attachment":[{"href":"https:\/\/diariotiempo.com.uy\/noticias\/wp-json\/wp\/v2\/media?parent=1519"}],"wp:term":[{"taxonomy":"category","embeddable":true,"href":"https:\/\/diariotiempo.com.uy\/noticias\/wp-json\/wp\/v2\/categories?post=1519"},{"taxonomy":"post_tag","embeddable":true,"href":"https:\/\/diariotiempo.com.uy\/noticias\/wp-json\/wp\/v2\/tags?post=1519"}],"curies":[{"name":"wp","href":"https:\/\/api.w.org\/{rel}","templated":true}]}}