{"id":15226,"date":"2024-07-17T13:57:43","date_gmt":"2024-07-17T13:57:43","guid":{"rendered":"https:\/\/diariotiempo.com.uy\/noticias\/?p=15226"},"modified":"2024-07-17T13:57:44","modified_gmt":"2024-07-17T13:57:44","slug":"en-el-marco-de-los-festejos-por-los-50-anos-de-antel-en-conjunto-con-anep-organiza-el-concurso-al-futuro-lo-hacemos-todos","status":"publish","type":"post","link":"https:\/\/diariotiempo.com.uy\/noticias\/2024\/07\/17\/en-el-marco-de-los-festejos-por-los-50-anos-de-antel-en-conjunto-con-anep-organiza-el-concurso-al-futuro-lo-hacemos-todos\/","title":{"rendered":"En el marco de los festejos por los 50 a\u00f1os de Antel, en conjunto \u00a0con ANEP organiza el concurso \u201cAl futuro lo hacemos todos\u201d"},"content":{"rendered":"\n<figure class=\"wp-block-gallery has-nested-images columns-default is-cropped wp-block-gallery-1 is-layout-flex wp-block-gallery-is-layout-flex\">\n<figure class=\"wp-block-image size-large\"><img loading=\"lazy\" decoding=\"async\" width=\"1022\" height=\"680\" data-id=\"15227\" src=\"https:\/\/diariotiempo.com.uy\/noticias\/wp-content\/uploads\/2024\/07\/A.jpg\" alt=\"\" class=\"wp-image-15227\" srcset=\"https:\/\/diariotiempo.com.uy\/noticias\/wp-content\/uploads\/2024\/07\/A.jpg 1022w, https:\/\/diariotiempo.com.uy\/noticias\/wp-content\/uploads\/2024\/07\/A-300x200.jpg 300w, https:\/\/diariotiempo.com.uy\/noticias\/wp-content\/uploads\/2024\/07\/A-768x511.jpg 768w\" sizes=\"auto, (max-width: 1022px) 100vw, 1022px\" \/><\/figure>\n\n\n\n<figure class=\"wp-block-image size-large\"><img loading=\"lazy\" decoding=\"async\" width=\"900\" height=\"599\" data-id=\"15228\" src=\"https:\/\/diariotiempo.com.uy\/noticias\/wp-content\/uploads\/2024\/07\/AA.jpg\" alt=\"\" class=\"wp-image-15228\" srcset=\"https:\/\/diariotiempo.com.uy\/noticias\/wp-content\/uploads\/2024\/07\/AA.jpg 900w, https:\/\/diariotiempo.com.uy\/noticias\/wp-content\/uploads\/2024\/07\/AA-300x200.jpg 300w, https:\/\/diariotiempo.com.uy\/noticias\/wp-content\/uploads\/2024\/07\/AA-768x511.jpg 768w\" sizes=\"auto, (max-width: 900px) 100vw, 900px\" \/><\/figure>\n<\/figure>\n\n\n\n<p>En el marco de los festejos por los 50 a\u00f1os de Antel, la empresa en conjunto con la Administraci\u00f3n Nacional de Educaci\u00f3n P\u00fablica (Anep) organiza el concurso \u201cAl futuro lo hacemos todos\u201d.<\/p>\n\n\n\n<p>El lanzamiento se realiz\u00f3 el lunes 15 de julio en el Complejo Torre de las Telecomunicaciones, con la presencia de la presidenta de Antel, Annabela Subur\u00fa; la presidenta de la Anep, Virginia C\u00e1ceres; consejeros del Codicen; la presidenta del Consejo de Secundaria, Jenifer Cherro, y el presidente de UTU, Juan Pereyra.<\/p>\n\n\n\n<p>La convocatoria est\u00e1 dirigida a j\u00f3venes de liceos p\u00fablicos y UTU de todo el pa\u00eds para que imaginen el futuro de las telecomunicaciones, realizando un video de hasta tres minutos.<\/p>\n\n\n\n<p>Celebrar con la sociedad<\/p>\n\n\n\n<p>Subur\u00fa destac\u00f3 que esta iniciativa surgi\u00f3 a ra\u00edz de la celebraci\u00f3n de los 50 a\u00f1os que la empresa cumplir\u00e1 el pr\u00f3ximo 25 de julio y \u201clo queremos celebrar con todos: con nuestros funcionarios, con nuestros clientes y tambi\u00e9n con la sociedad\u201d.<\/p>\n\n\n\n<p>\u201cQui\u00e9n mejor representante de la sociedad que nuestros estudiantes, que est\u00e1n en todo el pa\u00eds, tanto de Secundaria como de UTU. La idea es que conjuguen la tecnolog\u00eda con la creatividad y la innovaci\u00f3n de estas mentes frescas, sin l\u00edmites a su imaginaci\u00f3n\u201d, se\u00f1al\u00f3.<\/p>\n\n\n\n<p>Subray\u00f3 que \u201cAntel es una dama de 50 a\u00f1os, que est\u00e1 en la mejor edad, con experiencia y ganas de seguir adelante, de seguir apoyando a la educaci\u00f3n, la salud, el pa\u00eds productivo, a las personas con sus afectos y emociones, estamos en todos lados y queremos seguir as\u00ed\u201d.<\/p>\n\n\n\n<p>Agradeci\u00f3 a la Anep por impulsar conjuntamente este concurso, as\u00ed como a las marcas que acompa\u00f1an con premios muy atractivos.<\/p>\n\n\n\n<p>Sinergia entre ambas<\/p>\n\n\n\n<p>instituciones<\/p>\n\n\n\n<p>C\u00e1ceres explic\u00f3 que la convocatoria forma parte de la pol\u00edtica general de la<\/p>\n\n\n\n<p>educaci\u00f3n p\u00fablica en esta administraci\u00f3n; \u201cde fomentar el trabajo en equipo, la imaginaci\u00f3n y el trabajo interdisciplinario por proyectos, y este concurso apunta a eso. Por ello, nos pareci\u00f3 importante sumarnos\u201d.<\/p>\n\n\n\n<p>Asimismo, agreg\u00f3 que a lo largo de los \u00faltimos a\u00f1os, Antel y Anep \u201chan tenido un v\u00ednculo muy interesante y muy fluido\u201d. Como parte de esa sinergia, record\u00f3 que la empresa fue \u201cuna aliada fundamental para la educaci\u00f3n durante la pandemia\u201d y, a su vez, Anep le permiti\u00f3 la instalaci\u00f3n de radiobases en predios de escuelas rurales.<\/p>\n\n\n\n<p>Calific\u00f3 esta cooperaci\u00f3n como \u201cun trabajo silencioso, pero muy articulado, que tiene como objetivo seguir generando condiciones para que todos los habitantes del pa\u00eds tengan la posibilidad de acceder a servicios de Internet y mejoren su calidad de vida\u201d.<\/p>\n\n\n\n<p>Imaginar el futuro<\/p>\n\n\n\n<p>El objetivo del concurso es acercar a los j\u00f3venes a la investigaci\u00f3n en tecnolog\u00eda e innovaci\u00f3n, impulsar nuevas herramientas de difusi\u00f3n del<\/p>\n\n\n\n<p>conocimiento y fomentar la creatividad y el trabajo en equipo.<\/p>\n\n\n\n<p>Podr\u00e1n participar estudiantes de s\u00e9ptimo a noveno grado de Educaci\u00f3n B\u00e1sica Integrada de todos los liceos p\u00fablicos y UTU, que ser\u00e1n acompa\u00f1ados durante el proceso por un profesor tutor.<\/p>\n\n\n\n<p>En una primera instancia, cada departamento contar\u00e1 con un jurado conformado por el inspector regional, un director de liceo\/escuela departamental y un docente del \u00e1rea tecnol\u00f3gica. Se seleccionar\u00e1n dos videos finalistas por cada departamento, uno realizado por un grupo de Educaci\u00f3n Secundaria y el otro por uno de UTU.<\/p>\n\n\n\n<p>De estos \u00faltimos, Anep y Antel seleccionar\u00e1n dos videos ganadores a nivel<\/p>\n\n\n\n<p>nacional, uno por cada subsistema educativo.<\/p>\n\n\n\n<p>Los ganadores se har\u00e1n acreedores de los siguientes premios: un paseo de fin de a\u00f1o para toda la clase con el profesor tutor al Parque de Minas, con traslado ida y vuelta. Para cada alumno de la clase del video ganador, un auricular bluetooth para m\u00f3viles y para el profesor tutor, un dispositivo m\u00f3vil 5G.<\/p>\n\n\n\n<p>El plazo para subir el video a YouTube y completar el formulario vence el 18 de<\/p>\n\n\n\n<p>agosto.<\/p>\n\n\n\n<p>Las bases completas est\u00e1n disponibles en: <a href=\"https:\/\/www.anep.edu.uy\/concursonacional-al-futuro-lo-hacemos-todos\">https:\/\/www.anep.edu.uy\/concursonacional-al-futuro-lo-hacemos-todos<\/a><\/p>\n","protected":false},"excerpt":{"rendered":"<p>En el marco de los festejos por los 50 a\u00f1os de Antel, la empresa en&#8230;<\/p>\n","protected":false},"author":1,"featured_media":15228,"comment_status":"closed","ping_status":"closed","sticky":false,"template":"","format":"standard","meta":{"_monsterinsights_skip_tracking":false,"_monsterinsights_sitenote_active":false,"_monsterinsights_sitenote_note":"","_monsterinsights_sitenote_category":0,"footnotes":""},"categories":[79],"tags":[],"class_list":["post-15226","post","type-post","status-publish","format-standard","has-post-thumbnail","hentry","category-nacionales"],"featured_image_urls":{"full":["https:\/\/diariotiempo.com.uy\/noticias\/wp-content\/uploads\/2024\/07\/AA.jpg",900,599,false],"thumbnail":["https:\/\/diariotiempo.com.uy\/noticias\/wp-content\/uploads\/2024\/07\/AA-150x150.jpg",150,150,true],"medium":["https:\/\/diariotiempo.com.uy\/noticias\/wp-content\/uploads\/2024\/07\/AA-300x200.jpg",300,200,true],"medium_large":["https:\/\/diariotiempo.com.uy\/noticias\/wp-content\/uploads\/2024\/07\/AA-768x511.jpg",640,426,true],"large":["https:\/\/diariotiempo.com.uy\/noticias\/wp-content\/uploads\/2024\/07\/AA.jpg",640,426,false],"rpg_gallery_admin_thumb":["https:\/\/diariotiempo.com.uy\/noticias\/wp-content\/uploads\/2024\/07\/AA-150x150.jpg",150,150,true],"rpg_gallery_thumb":["https:\/\/diariotiempo.com.uy\/noticias\/wp-content\/uploads\/2024\/07\/AA-150x150.jpg",150,150,true],"1536x1536":["https:\/\/diariotiempo.com.uy\/noticias\/wp-content\/uploads\/2024\/07\/AA.jpg",900,599,false],"2048x2048":["https:\/\/diariotiempo.com.uy\/noticias\/wp-content\/uploads\/2024\/07\/AA.jpg",900,599,false],"covernews-slider-full":["https:\/\/diariotiempo.com.uy\/noticias\/wp-content\/uploads\/2024\/07\/AA.jpg",900,599,false],"covernews-slider-center":["https:\/\/diariotiempo.com.uy\/noticias\/wp-content\/uploads\/2024\/07\/AA-800x500.jpg",800,500,true],"covernews-featured":["https:\/\/diariotiempo.com.uy\/noticias\/wp-content\/uploads\/2024\/07\/AA.jpg",900,599,false],"covernews-medium":["https:\/\/diariotiempo.com.uy\/noticias\/wp-content\/uploads\/2024\/07\/AA-540x340.jpg",540,340,true],"covernews-medium-square":["https:\/\/diariotiempo.com.uy\/noticias\/wp-content\/uploads\/2024\/07\/AA-400x250.jpg",400,250,true]},"author_info":{"display_name":"diario","author_link":"https:\/\/diariotiempo.com.uy\/noticias\/author\/diario\/"},"category_info":"<a href=\"https:\/\/diariotiempo.com.uy\/noticias\/category\/nacionales\/\" rel=\"category tag\">NACIONALES<\/a>","tag_info":"NACIONALES","comment_count":"0","_links":{"self":[{"href":"https:\/\/diariotiempo.com.uy\/noticias\/wp-json\/wp\/v2\/posts\/15226","targetHints":{"allow":["GET"]}}],"collection":[{"href":"https:\/\/diariotiempo.com.uy\/noticias\/wp-json\/wp\/v2\/posts"}],"about":[{"href":"https:\/\/diariotiempo.com.uy\/noticias\/wp-json\/wp\/v2\/types\/post"}],"author":[{"embeddable":true,"href":"https:\/\/diariotiempo.com.uy\/noticias\/wp-json\/wp\/v2\/users\/1"}],"replies":[{"embeddable":true,"href":"https:\/\/diariotiempo.com.uy\/noticias\/wp-json\/wp\/v2\/comments?post=15226"}],"version-history":[{"count":1,"href":"https:\/\/diariotiempo.com.uy\/noticias\/wp-json\/wp\/v2\/posts\/15226\/revisions"}],"predecessor-version":[{"id":15229,"href":"https:\/\/diariotiempo.com.uy\/noticias\/wp-json\/wp\/v2\/posts\/15226\/revisions\/15229"}],"wp:featuredmedia":[{"embeddable":true,"href":"https:\/\/diariotiempo.com.uy\/noticias\/wp-json\/wp\/v2\/media\/15228"}],"wp:attachment":[{"href":"https:\/\/diariotiempo.com.uy\/noticias\/wp-json\/wp\/v2\/media?parent=15226"}],"wp:term":[{"taxonomy":"category","embeddable":true,"href":"https:\/\/diariotiempo.com.uy\/noticias\/wp-json\/wp\/v2\/categories?post=15226"},{"taxonomy":"post_tag","embeddable":true,"href":"https:\/\/diariotiempo.com.uy\/noticias\/wp-json\/wp\/v2\/tags?post=15226"}],"curies":[{"name":"wp","href":"https:\/\/api.w.org\/{rel}","templated":true}]}}