{"id":15233,"date":"2024-07-17T13:59:49","date_gmt":"2024-07-17T13:59:49","guid":{"rendered":"https:\/\/diariotiempo.com.uy\/noticias\/?p=15233"},"modified":"2024-07-17T13:59:50","modified_gmt":"2024-07-17T13:59:50","slug":"con-apoyo-de-auf-se-realizo-el-2o-campeonato-uruguayo-de-futbol-sala-para-personas-con-sindrome-de-down","status":"publish","type":"post","link":"https:\/\/diariotiempo.com.uy\/noticias\/2024\/07\/17\/con-apoyo-de-auf-se-realizo-el-2o-campeonato-uruguayo-de-futbol-sala-para-personas-con-sindrome-de-down\/","title":{"rendered":"Con apoyo de AUF se realiz\u00f3 el 2\u00ba Campeonato Uruguayo de F\u00fatbol Sala para personas con s\u00edndrome de Down"},"content":{"rendered":"\n<figure class=\"wp-block-image size-full\"><img loading=\"lazy\" decoding=\"async\" width=\"900\" height=\"600\" src=\"https:\/\/diariotiempo.com.uy\/noticias\/wp-content\/uploads\/2024\/07\/INCLUSIVO.jpg\" alt=\"\" class=\"wp-image-15234\" srcset=\"https:\/\/diariotiempo.com.uy\/noticias\/wp-content\/uploads\/2024\/07\/INCLUSIVO.jpg 900w, https:\/\/diariotiempo.com.uy\/noticias\/wp-content\/uploads\/2024\/07\/INCLUSIVO-300x200.jpg 300w, https:\/\/diariotiempo.com.uy\/noticias\/wp-content\/uploads\/2024\/07\/INCLUSIVO-768x512.jpg 768w\" sizes=\"auto, (max-width: 900px) 100vw, 900px\" \/><\/figure>\n\n\n\n<p>El pasado 13 de julio se llev\u00f3 a cabo en el Palacio Pe\u00f1arol el segundo Campeonato Uruguayo de F\u00fatbol Sala para personas con s\u00edndrome de Down.<\/p>\n\n\n\n<p>Mediante la pr\u00e1ctica del deporte, la Comisi\u00f3n de F\u00fatbol Inclusivo de la Asociaci\u00f3n Uruguaya de F\u00fatbol, tiene como principales objetivos el apoyo e inclusi\u00f3n para las personas con discapacidad.<\/p>\n\n\n\n<p>Esta segunda edici\u00f3n, de la cual participaron Pe\u00f1arol, Sportivo Rod\u00f3 (Salto), Mvd City Torque, Wanderers (Durazno) y Plaza Colonia, se consagr\u00f3 Campe\u00f3n el equipo aurinegro. Participaron de este evento en representaci\u00f3n de AUF, Ana Laura Agosto, Vicepresidenta de la Comisi\u00f3n de F\u00fatbol Inclusivo AUF y Mar\u00eda Julia Dom\u00ednguez, integrante de la Comisi\u00f3n.<\/p>\n\n\n\n<p>La AUF, en ejercicio de su compromiso social, trabaja d\u00eda a d\u00eda en la promoci\u00f3n de actividades que fomenten la integraci\u00f3n y mejoren la calidad de vida de las personas con discapacidad, como uno de sus pilares fundamentales.<\/p>\n","protected":false},"excerpt":{"rendered":"<p>El pasado 13 de julio se llev\u00f3 a cabo en el Palacio Pe\u00f1arol el segundo&#8230;<\/p>\n","protected":false},"author":1,"featured_media":15234,"comment_status":"closed","ping_status":"closed","sticky":false,"template":"","format":"standard","meta":{"_monsterinsights_skip_tracking":false,"_monsterinsights_sitenote_active":false,"_monsterinsights_sitenote_note":"","_monsterinsights_sitenote_category":0,"footnotes":""},"categories":[8],"tags":[],"class_list":["post-15233","post","type-post","status-publish","format-standard","has-post-thumbnail","hentry","category-deporte"],"featured_image_urls":{"full":["https:\/\/diariotiempo.com.uy\/noticias\/wp-content\/uploads\/2024\/07\/INCLUSIVO.jpg",900,600,false],"thumbnail":["https:\/\/diariotiempo.com.uy\/noticias\/wp-content\/uploads\/2024\/07\/INCLUSIVO-150x150.jpg",150,150,true],"medium":["https:\/\/diariotiempo.com.uy\/noticias\/wp-content\/uploads\/2024\/07\/INCLUSIVO-300x200.jpg",300,200,true],"medium_large":["https:\/\/diariotiempo.com.uy\/noticias\/wp-content\/uploads\/2024\/07\/INCLUSIVO-768x512.jpg",640,427,true],"large":["https:\/\/diariotiempo.com.uy\/noticias\/wp-content\/uploads\/2024\/07\/INCLUSIVO.jpg",640,427,false],"rpg_gallery_admin_thumb":["https:\/\/diariotiempo.com.uy\/noticias\/wp-content\/uploads\/2024\/07\/INCLUSIVO-150x150.jpg",150,150,true],"rpg_gallery_thumb":["https:\/\/diariotiempo.com.uy\/noticias\/wp-content\/uploads\/2024\/07\/INCLUSIVO-150x150.jpg",150,150,true],"1536x1536":["https:\/\/diariotiempo.com.uy\/noticias\/wp-content\/uploads\/2024\/07\/INCLUSIVO.jpg",900,600,false],"2048x2048":["https:\/\/diariotiempo.com.uy\/noticias\/wp-content\/uploads\/2024\/07\/INCLUSIVO.jpg",900,600,false],"covernews-slider-full":["https:\/\/diariotiempo.com.uy\/noticias\/wp-content\/uploads\/2024\/07\/INCLUSIVO.jpg",900,600,false],"covernews-slider-center":["https:\/\/diariotiempo.com.uy\/noticias\/wp-content\/uploads\/2024\/07\/INCLUSIVO-800x500.jpg",800,500,true],"covernews-featured":["https:\/\/diariotiempo.com.uy\/noticias\/wp-content\/uploads\/2024\/07\/INCLUSIVO.jpg",900,600,false],"covernews-medium":["https:\/\/diariotiempo.com.uy\/noticias\/wp-content\/uploads\/2024\/07\/INCLUSIVO-540x340.jpg",540,340,true],"covernews-medium-square":["https:\/\/diariotiempo.com.uy\/noticias\/wp-content\/uploads\/2024\/07\/INCLUSIVO-400x250.jpg",400,250,true]},"author_info":{"display_name":"diario","author_link":"https:\/\/diariotiempo.com.uy\/noticias\/author\/diario\/"},"category_info":"<a href=\"https:\/\/diariotiempo.com.uy\/noticias\/category\/deporte\/\" rel=\"category tag\">DEPORTE<\/a>","tag_info":"DEPORTE","comment_count":"0","_links":{"self":[{"href":"https:\/\/diariotiempo.com.uy\/noticias\/wp-json\/wp\/v2\/posts\/15233","targetHints":{"allow":["GET"]}}],"collection":[{"href":"https:\/\/diariotiempo.com.uy\/noticias\/wp-json\/wp\/v2\/posts"}],"about":[{"href":"https:\/\/diariotiempo.com.uy\/noticias\/wp-json\/wp\/v2\/types\/post"}],"author":[{"embeddable":true,"href":"https:\/\/diariotiempo.com.uy\/noticias\/wp-json\/wp\/v2\/users\/1"}],"replies":[{"embeddable":true,"href":"https:\/\/diariotiempo.com.uy\/noticias\/wp-json\/wp\/v2\/comments?post=15233"}],"version-history":[{"count":2,"href":"https:\/\/diariotiempo.com.uy\/noticias\/wp-json\/wp\/v2\/posts\/15233\/revisions"}],"predecessor-version":[{"id":15236,"href":"https:\/\/diariotiempo.com.uy\/noticias\/wp-json\/wp\/v2\/posts\/15233\/revisions\/15236"}],"wp:featuredmedia":[{"embeddable":true,"href":"https:\/\/diariotiempo.com.uy\/noticias\/wp-json\/wp\/v2\/media\/15234"}],"wp:attachment":[{"href":"https:\/\/diariotiempo.com.uy\/noticias\/wp-json\/wp\/v2\/media?parent=15233"}],"wp:term":[{"taxonomy":"category","embeddable":true,"href":"https:\/\/diariotiempo.com.uy\/noticias\/wp-json\/wp\/v2\/categories?post=15233"},{"taxonomy":"post_tag","embeddable":true,"href":"https:\/\/diariotiempo.com.uy\/noticias\/wp-json\/wp\/v2\/tags?post=15233"}],"curies":[{"name":"wp","href":"https:\/\/api.w.org\/{rel}","templated":true}]}}