{"id":15271,"date":"2024-07-19T15:16:38","date_gmt":"2024-07-19T15:16:38","guid":{"rendered":"https:\/\/diariotiempo.com.uy\/noticias\/?p=15271"},"modified":"2024-07-19T15:16:39","modified_gmt":"2024-07-19T15:16:39","slug":"vehiculo-donado-por-el-gobierno-de-japon-y-destinado-al-transporte-depersonas-con-discapacidad-prestara-servicios-en-el-municipio-de-la-floresta","status":"publish","type":"post","link":"https:\/\/diariotiempo.com.uy\/noticias\/2024\/07\/19\/vehiculo-donado-por-el-gobierno-de-japon-y-destinado-al-transporte-depersonas-con-discapacidad-prestara-servicios-en-el-municipio-de-la-floresta\/","title":{"rendered":"Veh\u00edculo donado por el Gobierno de Jap\u00f3n y destinado al transporte depersonas con discapacidad prestar\u00e1 servicios en el Municipio de La Floresta"},"content":{"rendered":"\n<figure class=\"wp-block-image size-full\"><img loading=\"lazy\" decoding=\"async\" width=\"900\" height=\"601\" src=\"https:\/\/diariotiempo.com.uy\/noticias\/wp-content\/uploads\/2024\/07\/BUS-ACCESIBLE.jpg\" alt=\"\" class=\"wp-image-15272\" srcset=\"https:\/\/diariotiempo.com.uy\/noticias\/wp-content\/uploads\/2024\/07\/BUS-ACCESIBLE.jpg 900w, https:\/\/diariotiempo.com.uy\/noticias\/wp-content\/uploads\/2024\/07\/BUS-ACCESIBLE-300x200.jpg 300w, https:\/\/diariotiempo.com.uy\/noticias\/wp-content\/uploads\/2024\/07\/BUS-ACCESIBLE-768x513.jpg 768w\" sizes=\"auto, (max-width: 900px) 100vw, 900px\" \/><\/figure>\n\n\n\n<p>El proceso de restauraci\u00f3n y acondicionamiento de un veh\u00edculo donado por el Gobierno de Jap\u00f3n y destinado al transporte de personas con discapacidad se encuentra en su fase final. La Intendenta interina, Profa. Gabriela Garrido, constat\u00f3 el avance de los trabajos en la unidad que, pr\u00f3ximamente, prestar\u00e1 servicios en el Municipio de La Floresta.<\/p>\n\n\n\n<p>El veh\u00edculo, equipado con todas las medidas de seguridad, cuenta con un elevador el\u00e9ctrico que permite el f\u00e1cil ascenso y descenso. La unidad permitir\u00e1 realizar viajes con m\u00e1s de 10 pasajeros, dentro de los cuales tres pueden hacerlo en silla de ruedas.<\/p>\n\n\n\n<p>La incorporaci\u00f3n de la unidad es un proyecto realizado por el Municipio de La Floresta y el \u00c1rea de Discapacidad de la Direcci\u00f3n General de Desarrollo Humano de la Intendencia y se se enmarca dentro del programa de asistencia a proyectos comunitarios del Gobierno de Jap\u00f3n, que funciona en Uruguay desde el a\u00f1o 2003.<\/p>\n\n\n\n<p>Viaje seguro y al servicio de la comunidad<\/p>\n\n\n\n<p>La adaptaci\u00f3n del minibus se llev\u00f3 a cabo en Uruguay por parte de la empresa Top Van Equipamientos. Su representante, Pablo \u00c1lvarez, manifest\u00f3 que el trabajo tuvo una duraci\u00f3n de dos meses en los que el veh\u00edculo pas\u00f3 por un estudio de estructura. Puntualiz\u00f3 que los asientos van agarrados al chasis correspondiendo la medida entre el respaldo y la sentadera, cada uno con su cintur\u00f3n de seguridad.<\/p>\n\n\n\n<p>Dentro del m\u00f3vil, pueden ir hasta tres personas usuarias de sillas de ruedas. Una de ellas ya tiene su lugar propio, mientras que para las restantes dos se retiran dos filas de asientos y se generan los espacios. Cada uno de ellos cuenta con cuatro anclajes al piso y un cintur\u00f3n de seguridad de tres bandas.<\/p>\n\n\n\n<p>La Intendenta Garrido indic\u00f3 que esta donaci\u00f3n contemplar\u00e1 a usuarios y usuarias que residan en la jurisdicci\u00f3n del Municipio de La Floresta y toda la Costa de Oro. Los beneficiarios ser\u00e1n desde pacientes que van a terapia hasta personas que est\u00e1n cursando sus estudios.<\/p>\n\n\n\n<p>Garrido comunic\u00f3 que, al d\u00eda de hoy, la Intendencia de Canelones en materia de traslados accesibles colabora con quienes lo necesitan abonando taxis adaptados y tambi\u00e9n generando convenios con los diferentes centros que reciben pacientes de nuestro departamento. La Intendenta concluy\u00f3 que la unidad se sumar\u00e1 pr\u00f3ximamente a estos servicios para mejorar la calidad de vida de quienes lo necesitan.<\/p>\n","protected":false},"excerpt":{"rendered":"<p>El proceso de restauraci\u00f3n y acondicionamiento de un veh\u00edculo donado por el Gobierno de Jap\u00f3n&#8230;<\/p>\n","protected":false},"author":1,"featured_media":15272,"comment_status":"closed","ping_status":"closed","sticky":false,"template":"","format":"standard","meta":{"_monsterinsights_skip_tracking":false,"_monsterinsights_sitenote_active":false,"_monsterinsights_sitenote_note":"","_monsterinsights_sitenote_category":0,"footnotes":""},"categories":[92],"tags":[],"class_list":["post-15271","post","type-post","status-publish","format-standard","has-post-thumbnail","hentry","category-floresta"],"featured_image_urls":{"full":["https:\/\/diariotiempo.com.uy\/noticias\/wp-content\/uploads\/2024\/07\/BUS-ACCESIBLE.jpg",900,601,false],"thumbnail":["https:\/\/diariotiempo.com.uy\/noticias\/wp-content\/uploads\/2024\/07\/BUS-ACCESIBLE-150x150.jpg",150,150,true],"medium":["https:\/\/diariotiempo.com.uy\/noticias\/wp-content\/uploads\/2024\/07\/BUS-ACCESIBLE-300x200.jpg",300,200,true],"medium_large":["https:\/\/diariotiempo.com.uy\/noticias\/wp-content\/uploads\/2024\/07\/BUS-ACCESIBLE-768x513.jpg",640,428,true],"large":["https:\/\/diariotiempo.com.uy\/noticias\/wp-content\/uploads\/2024\/07\/BUS-ACCESIBLE.jpg",640,427,false],"rpg_gallery_admin_thumb":["https:\/\/diariotiempo.com.uy\/noticias\/wp-content\/uploads\/2024\/07\/BUS-ACCESIBLE-150x150.jpg",150,150,true],"rpg_gallery_thumb":["https:\/\/diariotiempo.com.uy\/noticias\/wp-content\/uploads\/2024\/07\/BUS-ACCESIBLE-150x150.jpg",150,150,true],"1536x1536":["https:\/\/diariotiempo.com.uy\/noticias\/wp-content\/uploads\/2024\/07\/BUS-ACCESIBLE.jpg",900,601,false],"2048x2048":["https:\/\/diariotiempo.com.uy\/noticias\/wp-content\/uploads\/2024\/07\/BUS-ACCESIBLE.jpg",900,601,false],"covernews-slider-full":["https:\/\/diariotiempo.com.uy\/noticias\/wp-content\/uploads\/2024\/07\/BUS-ACCESIBLE.jpg",900,601,false],"covernews-slider-center":["https:\/\/diariotiempo.com.uy\/noticias\/wp-content\/uploads\/2024\/07\/BUS-ACCESIBLE-800x500.jpg",800,500,true],"covernews-featured":["https:\/\/diariotiempo.com.uy\/noticias\/wp-content\/uploads\/2024\/07\/BUS-ACCESIBLE.jpg",900,601,false],"covernews-medium":["https:\/\/diariotiempo.com.uy\/noticias\/wp-content\/uploads\/2024\/07\/BUS-ACCESIBLE-540x340.jpg",540,340,true],"covernews-medium-square":["https:\/\/diariotiempo.com.uy\/noticias\/wp-content\/uploads\/2024\/07\/BUS-ACCESIBLE-400x250.jpg",400,250,true]},"author_info":{"display_name":"diario","author_link":"https:\/\/diariotiempo.com.uy\/noticias\/author\/diario\/"},"category_info":"<a href=\"https:\/\/diariotiempo.com.uy\/noticias\/category\/departamental\/floresta\/\" rel=\"category tag\">Floresta<\/a>","tag_info":"Floresta","comment_count":"0","_links":{"self":[{"href":"https:\/\/diariotiempo.com.uy\/noticias\/wp-json\/wp\/v2\/posts\/15271","targetHints":{"allow":["GET"]}}],"collection":[{"href":"https:\/\/diariotiempo.com.uy\/noticias\/wp-json\/wp\/v2\/posts"}],"about":[{"href":"https:\/\/diariotiempo.com.uy\/noticias\/wp-json\/wp\/v2\/types\/post"}],"author":[{"embeddable":true,"href":"https:\/\/diariotiempo.com.uy\/noticias\/wp-json\/wp\/v2\/users\/1"}],"replies":[{"embeddable":true,"href":"https:\/\/diariotiempo.com.uy\/noticias\/wp-json\/wp\/v2\/comments?post=15271"}],"version-history":[{"count":1,"href":"https:\/\/diariotiempo.com.uy\/noticias\/wp-json\/wp\/v2\/posts\/15271\/revisions"}],"predecessor-version":[{"id":15273,"href":"https:\/\/diariotiempo.com.uy\/noticias\/wp-json\/wp\/v2\/posts\/15271\/revisions\/15273"}],"wp:featuredmedia":[{"embeddable":true,"href":"https:\/\/diariotiempo.com.uy\/noticias\/wp-json\/wp\/v2\/media\/15272"}],"wp:attachment":[{"href":"https:\/\/diariotiempo.com.uy\/noticias\/wp-json\/wp\/v2\/media?parent=15271"}],"wp:term":[{"taxonomy":"category","embeddable":true,"href":"https:\/\/diariotiempo.com.uy\/noticias\/wp-json\/wp\/v2\/categories?post=15271"},{"taxonomy":"post_tag","embeddable":true,"href":"https:\/\/diariotiempo.com.uy\/noticias\/wp-json\/wp\/v2\/tags?post=15271"}],"curies":[{"name":"wp","href":"https:\/\/api.w.org\/{rel}","templated":true}]}}