{"id":1530,"date":"2021-08-27T16:07:17","date_gmt":"2021-08-27T16:07:17","guid":{"rendered":"https:\/\/diariotiempo.com.uy\/noticias\/?p=1530"},"modified":"2021-08-27T16:09:09","modified_gmt":"2021-08-27T16:09:09","slug":"plan-de-erradicacion-de-basurales-llego-a-pando","status":"publish","type":"post","link":"https:\/\/diariotiempo.com.uy\/noticias\/2021\/08\/27\/plan-de-erradicacion-de-basurales-llego-a-pando\/","title":{"rendered":"Plan de Erradicaci\u00f3n de Basurales lleg\u00f3 a Pando"},"content":{"rendered":"\n<div class=\"wp-block-image\"><figure class=\"aligncenter size-full\"><img loading=\"lazy\" decoding=\"async\" width=\"800\" height=\"432\" src=\"https:\/\/diariotiempo.com.uy\/noticias\/wp-content\/uploads\/2021\/08\/2-7.jpg\" alt=\"\" class=\"wp-image-1532\" srcset=\"https:\/\/diariotiempo.com.uy\/noticias\/wp-content\/uploads\/2021\/08\/2-7.jpg 800w, https:\/\/diariotiempo.com.uy\/noticias\/wp-content\/uploads\/2021\/08\/2-7-300x162.jpg 300w, https:\/\/diariotiempo.com.uy\/noticias\/wp-content\/uploads\/2021\/08\/2-7-768x415.jpg 768w\" sizes=\"auto, (max-width: 800px) 100vw, 800px\" \/><\/figure><\/div>\n\n\n\n<p>El Plan de Erradicaci\u00f3n de Basurales tiene su origen en los Foros Municipales de Limpieza y Gesti\u00f3n de Residuos que se vienen desarrollando en diferentes puntos del departamento. Esta acci\u00f3n es llevada adelante por el Gobierno de Canelones junto a los municipios, referentes barriales o de organizaciones vecinales, comerciantes y referentes de instituciones educativas, entre otros actores sociales.<\/p>\n\n\n\n<p>La finalidad es identificar lugares en los que se depositan residuos de forma irregular, com\u00fanmente denominados basurales end\u00e9micos. Para abordar este problema se buscan las causas y se desarrollan estrategias para su erradicaci\u00f3n a partir de acciones que incluyen educaci\u00f3n ambiental y comunicaci\u00f3n, control, vigilancia y acondicionamiento de los espacios p\u00fablicos. El pasado s\u00e1bado 21 de agosto, el Plan de Erradicaci\u00f3n de Basurales lleg\u00f3 al barrio Estadio perteneciente al Municipio de Pando, donde se limpiaron 10 puntos de la localidad.<\/p>\n\n\n\n<p><strong>Participaci\u00f3n y compromiso<\/strong><\/p>\n\n\n\n<p>Cada abordaje es planificado y acordado con los vecinos y las vecinas del lugar, ya que es fundamental el involucramiento de la sociedad para garantizar el \u00e9xito de la intervenci\u00f3n. En este sentido, el Director General de Gesti\u00f3n Ambiental de la Intendencia de Canelones, Leonardo Herou, explic\u00f3 cu\u00e1l es la forma en la que se trabaja: \u201cHicimos una reuni\u00f3n previa con la comisi\u00f3n de vecinos del barrio. Entregamos una carta en cada casa, donde explicamos c\u00f3mo funcionan los servicios de limpieza y recordamos lo que indica la normativa. Nosotros queremos seguir mejorando los niveles de limpieza en todo el departamento y queremos mejorar los niveles de recuperaci\u00f3n de materiales para reciclaje. Adem\u00e1s, eliminar los basurales que no deber\u00edan existir. Creo que los vecinos son los que generan menor cantidad pero hay que trabajar juntos para erradicarlos\u201d.<\/p>\n\n\n\n<p>Por su parte, el Alcalde del Municipio de Pando, Alcides P\u00e9rez, manifest\u00f3 que el objetivo de estas intervenciones es \u201ctratar de ir educando y erradicando los basurales y lograr que los vecinos participen de esto es fundamental. (&#8230;) Ese paso a paso se da para poder vivir en mejores condiciones. Los colectivos de vecinos se apropian del lugar y funciona\u201d.<br>Durante la recorrida tambi\u00e9n estuvo presente la Concejala Mar\u00eda Jos\u00e9 Mart\u00ednez, quien se\u00f1al\u00f3 la importancia de eliminar estos basurales. \u201cEsto es parte de nuestro municipio y tenemos que colaborar con todo lo que se haga aqu\u00ed. Creo que los vecinos responden, ellos mismos se dan cuenta de que no es nada lindo tener la basura en la calle. Repercute en tener una ciudad m\u00e1s limpia, que es lo que buscamos todos, no s\u00f3lo por la belleza sino porque tambi\u00e9n es una cuesti\u00f3n de salud\u201d, indic\u00f3.<\/p>\n\n\n\n<p>Expresiones como \u201cera necesario para el barrio\u201d, \u201chac\u00eda falta limpiar este lugar\u201d, \u201cesperemos que los vecinos lo cuiden\u201d o \u201cestamos muy contentos\u201d se fueron reiterando a lo largo de la ma\u00f1ana del s\u00e1bado. Un vecino sostuvo que hac\u00eda tiempo que estaban esperando algo as\u00ed, \u201ctodos tenemos contenedores pero hay vecinos que no interpretan el poder vivir en un lugar limpio, vienen y tiran y tiran. Vivo a dos metros y lo sufro. Esto es una alegr\u00eda para el barrio\u201d.<br>En esta l\u00ednea, grandes y chicos tienen la oportunidad de ser part\u00edcipes en este plan. \u201cEs un catalapa\u201d, dijo una ni\u00f1a que se acerc\u00f3 a colaborar con la limpieza, en referencia a la especie nativa reci\u00e9n plantada, \u201cme compromet\u00ed a cuidarlo. Hay que regarlo a diario y ver que no se lo coman las hormigas y que tampoco tenga yuyos\u201d.<\/p>\n\n\n\n<p>Otra de las participantes de la jornada fue Martha Lazo, vecina del barrio Estadio y referente de la localidad, quien apel\u00f3 al compromiso ciudadano: \u201cPara mantenerlo necesitamos el apoyo de los vecinos, porque los residuos son responsabilidad nuestra y si nosotros no nos hacemos cargo de cuidar los espacios y de poner los residuos en su lugar, es muy dif\u00edcil sostener espacios limpios y saludables para toda la comunidad\u201d.<\/p>\n\n\n\n<p><strong>Control y seguimiento<\/strong><\/p>\n\n\n\n<p>A pesar de los esfuerzos, se contin\u00faan detectando lugares donde la problem\u00e1tica del basural es a\u00fan mayor. En este caso, el Director Herou inform\u00f3 que en una segunda etapa se sumar\u00e1n estrategias para incorporar otras herramientas, como las c\u00e1maras de vigilancia. \u201cAc\u00e1 lo que tenemos es un lugar con poco control social; no tenemos viviendas cerca, lo que facilita que vengan veh\u00edculos de gran porte a tirar residuos. Este es uno de los lugares que vamos a priorizar cuando coloquemos las c\u00e1maras y, sin dudas, vamos a estar sigui\u00e9ndolo de cerca. Claramente, est\u00e1 definido como una irregularidad, una falta por la Ley de Faltas y tiene que ser sancionado, no solamente por la Intendencia sino a trav\u00e9s de los mecanismos que prev\u00e9 la propia Ley de Faltas\u201d, puntualiz\u00f3.<\/p>\n\n\n\n<p><strong>Reutilizar es clave<\/strong><\/p>\n\n\n\n<p>Los macetones que se colocan en los espacios recuperados albergan un especie nativa y son elaboradas con cubiertas reutilizadas, mostrando que muchas veces lo que tiramos puede tener m\u00e1s usos.<\/p>\n\n\n\n<p>Herou afirm\u00f3, adem\u00e1s, que se usa un compost elaborado con lodo papelero y chipeado de restos vegetales que se levantan en la ciudad, generado por una planta tambi\u00e9n de la localidad. Esto permiti\u00f3 elaborar un proyecto y presentarlo ante el Ministerio de Ambiente. <\/p>\n\n\n\n<p>\u201cEl Ministerio de Ambiente nos aprob\u00f3 un proyecto y estamos produciendo compost, que est\u00e1 siendo utilizado en estos lugares, y le sumamos carteler\u00eda, que esperamos que ayude a identificar los lugares donde antes hab\u00eda un basural y que ahora se mantenga como un espacio limpio\u201d, concluy\u00f3 el jerarca.<\/p>\n","protected":false},"excerpt":{"rendered":"<p>El Plan de Erradicaci\u00f3n de Basurales tiene su origen en los Foros Municipales de Limpieza&#8230;<\/p>\n","protected":false},"author":1,"featured_media":1532,"comment_status":"open","ping_status":"open","sticky":false,"template":"","format":"standard","meta":{"_monsterinsights_skip_tracking":false,"_monsterinsights_sitenote_active":false,"_monsterinsights_sitenote_note":"","_monsterinsights_sitenote_category":0,"footnotes":""},"categories":[19],"tags":[],"class_list":["post-1530","post","type-post","status-publish","format-standard","has-post-thumbnail","hentry","category-pando"],"featured_image_urls":{"full":["https:\/\/diariotiempo.com.uy\/noticias\/wp-content\/uploads\/2021\/08\/2-7.jpg",800,432,false],"thumbnail":["https:\/\/diariotiempo.com.uy\/noticias\/wp-content\/uploads\/2021\/08\/2-7-150x150.jpg",150,150,true],"medium":["https:\/\/diariotiempo.com.uy\/noticias\/wp-content\/uploads\/2021\/08\/2-7-300x162.jpg",300,162,true],"medium_large":["https:\/\/diariotiempo.com.uy\/noticias\/wp-content\/uploads\/2021\/08\/2-7-768x415.jpg",640,346,true],"large":["https:\/\/diariotiempo.com.uy\/noticias\/wp-content\/uploads\/2021\/08\/2-7.jpg",640,346,false],"rpg_gallery_admin_thumb":["https:\/\/diariotiempo.com.uy\/noticias\/wp-content\/uploads\/2021\/08\/2-7.jpg",150,81,false],"rpg_gallery_thumb":["https:\/\/diariotiempo.com.uy\/noticias\/wp-content\/uploads\/2021\/08\/2-7.jpg",150,81,false],"1536x1536":["https:\/\/diariotiempo.com.uy\/noticias\/wp-content\/uploads\/2021\/08\/2-7.jpg",800,432,false],"2048x2048":["https:\/\/diariotiempo.com.uy\/noticias\/wp-content\/uploads\/2021\/08\/2-7.jpg",800,432,false],"covernews-slider-full":["https:\/\/diariotiempo.com.uy\/noticias\/wp-content\/uploads\/2021\/08\/2-7.jpg",800,432,false],"covernews-slider-center":["https:\/\/diariotiempo.com.uy\/noticias\/wp-content\/uploads\/2021\/08\/2-7.jpg",800,432,false],"covernews-featured":["https:\/\/diariotiempo.com.uy\/noticias\/wp-content\/uploads\/2021\/08\/2-7.jpg",800,432,false],"covernews-medium":["https:\/\/diariotiempo.com.uy\/noticias\/wp-content\/uploads\/2021\/08\/2-7-540x340.jpg",540,340,true],"covernews-medium-square":["https:\/\/diariotiempo.com.uy\/noticias\/wp-content\/uploads\/2021\/08\/2-7-400x250.jpg",400,250,true]},"author_info":{"display_name":"diario","author_link":"https:\/\/diariotiempo.com.uy\/noticias\/author\/diario\/"},"category_info":"<a href=\"https:\/\/diariotiempo.com.uy\/noticias\/category\/departamental\/pando\/\" rel=\"category tag\">Pando<\/a>","tag_info":"Pando","comment_count":"0","_links":{"self":[{"href":"https:\/\/diariotiempo.com.uy\/noticias\/wp-json\/wp\/v2\/posts\/1530","targetHints":{"allow":["GET"]}}],"collection":[{"href":"https:\/\/diariotiempo.com.uy\/noticias\/wp-json\/wp\/v2\/posts"}],"about":[{"href":"https:\/\/diariotiempo.com.uy\/noticias\/wp-json\/wp\/v2\/types\/post"}],"author":[{"embeddable":true,"href":"https:\/\/diariotiempo.com.uy\/noticias\/wp-json\/wp\/v2\/users\/1"}],"replies":[{"embeddable":true,"href":"https:\/\/diariotiempo.com.uy\/noticias\/wp-json\/wp\/v2\/comments?post=1530"}],"version-history":[{"count":2,"href":"https:\/\/diariotiempo.com.uy\/noticias\/wp-json\/wp\/v2\/posts\/1530\/revisions"}],"predecessor-version":[{"id":1534,"href":"https:\/\/diariotiempo.com.uy\/noticias\/wp-json\/wp\/v2\/posts\/1530\/revisions\/1534"}],"wp:featuredmedia":[{"embeddable":true,"href":"https:\/\/diariotiempo.com.uy\/noticias\/wp-json\/wp\/v2\/media\/1532"}],"wp:attachment":[{"href":"https:\/\/diariotiempo.com.uy\/noticias\/wp-json\/wp\/v2\/media?parent=1530"}],"wp:term":[{"taxonomy":"category","embeddable":true,"href":"https:\/\/diariotiempo.com.uy\/noticias\/wp-json\/wp\/v2\/categories?post=1530"},{"taxonomy":"post_tag","embeddable":true,"href":"https:\/\/diariotiempo.com.uy\/noticias\/wp-json\/wp\/v2\/tags?post=1530"}],"curies":[{"name":"wp","href":"https:\/\/api.w.org\/{rel}","templated":true}]}}