{"id":1535,"date":"2021-08-27T16:10:37","date_gmt":"2021-08-27T16:10:37","guid":{"rendered":"https:\/\/diariotiempo.com.uy\/noticias\/?p=1535"},"modified":"2021-08-27T16:11:59","modified_gmt":"2021-08-27T16:11:59","slug":"ministerio-del-interior-inauguro-nueva-base-operacional-en-parque-del-plata","status":"publish","type":"post","link":"https:\/\/diariotiempo.com.uy\/noticias\/2021\/08\/27\/ministerio-del-interior-inauguro-nueva-base-operacional-en-parque-del-plata\/","title":{"rendered":"Ministerio del Interior inaugur\u00f3 nueva base operacional en Parque del Plata"},"content":{"rendered":"\n<div class=\"wp-block-image\"><figure class=\"aligncenter size-full\"><img loading=\"lazy\" decoding=\"async\" width=\"800\" height=\"432\" src=\"https:\/\/diariotiempo.com.uy\/noticias\/wp-content\/uploads\/2021\/08\/3-6.jpg\" alt=\"\" class=\"wp-image-1538\" srcset=\"https:\/\/diariotiempo.com.uy\/noticias\/wp-content\/uploads\/2021\/08\/3-6.jpg 800w, https:\/\/diariotiempo.com.uy\/noticias\/wp-content\/uploads\/2021\/08\/3-6-300x162.jpg 300w, https:\/\/diariotiempo.com.uy\/noticias\/wp-content\/uploads\/2021\/08\/3-6-768x415.jpg 768w\" sizes=\"auto, (max-width: 800px) 100vw, 800px\" \/><\/figure><\/div>\n\n\n\n<p>Qued\u00f3 inaugurado el nuevo local de la Base Operacional V de la Jefatura de Polic\u00eda de Canelones en Parque del Plata, ubicado en Mario Ferreira y Calle 1, un espacio central del municipio coste\u00f1o, que en los \u00faltimos a\u00f1os ha visto incrementada notoriamente su poblaci\u00f3n. Desde este lugar se desplegar\u00e1n las fuerzas policiales atendiendo de forma inmediata las necesidades de la poblaci\u00f3n.<\/p>\n\n\n\n<p>Estuvieron presentes en el acto inaugural el Secretario General de la Intendencia de Canelones, Francisco Legnani, el Director General de Administraci\u00f3n, Pedro Irigoin, la Diputada Luc\u00eda Etcheverry, la Alcaldesa de Parque del Plata, Tania Vecchio, el Ministro del Interior, Luis Alberto Heber, y el Jefe de Polic\u00eda de Canelones, Lic. V\u00edctor Trezza, entre otras autoridades nacionales, departamentales y locales.<\/p>\n\n\n\n<p>Esta inauguraci\u00f3n se vivi\u00f3 con \u201calegr\u00eda y apostando a la cercan\u00eda con la ciudadan\u00eda\u201d, seg\u00fan indic\u00f3 la Alcaldesa de Parque del Plata, Tania Vecchio, quien inform\u00f3, adem\u00e1s, que el territorio donde actuaba la anterior base operacional era muy extenso. \u201cDe esta forma se divide en dos. Hemos tenido una gran cantidad de problemas y se notaba la ausencia policial en el territorio\u201d, asegur\u00f3, y agreg\u00f3 que se espera que mejore la respuesta policial.<\/p>\n\n\n\n<p>Por su parte, el Secretario General de la Intendencia de Canelones, Francisco Legnani, comunic\u00f3 que la base operacional fortalecer\u00e1 la seguridad de la zona de cara a la pr\u00f3xima temporada tur\u00edstica. \u201cEstamos en un punto intermedio; nosotros contamos con 60 km de costa y se nos viene una temporada de turismo que esperamos que sea con mucha afluencia de turistas\u201d, sostuvo, al tiempo que a\u00f1adi\u00f3 que esta nueva base \u201ces necesaria para los turistas que llegan y para quienes viven ac\u00e1\u201d.<\/p>\n\n\n\n<p>En esta l\u00ednea, el Ministro del Interior, Luis Alberto Heber, manifest\u00f3 que se trata de un despliegue t\u00e1ctico que genera mayor presencia y dota de m\u00e1s unidades policiales la regi\u00f3n: \u201cEsta zona era muy importante y tardaba la presencia policial porque el zonal estaba cerca de Montevideo. Dividirla es un despliegue t\u00e1ctico donde se genera m\u00e1s presencia y m\u00e1s unidades m\u00f3viles en la zona\u201d. A su vez, puntualiz\u00f3 que desde el ministerio tienen buenas expectativas con respecto a los resultados que generar\u00e1 la instalaci\u00f3n de esta base, ya que estrategias similares han funcionado en otros territorios.<\/p>\n\n\n\n<p><strong>La base operacional<\/strong><\/p>\n\n\n\n<p>La instalaci\u00f3n de la nueva Base Operacional V se concret\u00f3 con la colaboraci\u00f3n de la la Comisi\u00f3n Policial de Parque del Plata, integrada por vecinos, vecinas, comerciantes y empresarios de la zona. Carlos y Richard Gonz\u00e1lez, integrantes de la comisi\u00f3n de apoyo, se\u00f1alaron la importancia del trabajo en conjunto. \u201cSurgi\u00f3 la idea de armar esta zona y potenciarla y nos pareci\u00f3 b\u00e1rbara. Nos pusimos a trabajar en ello y salimos a buscar colaboraci\u00f3n. Fuimos proporcionando los implementos para que se pudiera realizar esto\u201d, afirmaron. La obra cont\u00f3 con mano de obra de la polic\u00eda y la colaboraci\u00f3n desde la comisi\u00f3n.<\/p>\n\n\n\n<p>Seg\u00fan el Jefe de Polic\u00eda de Canelones, V\u00edctor Trezza, se realiz\u00f3 una redistribuci\u00f3n de los medios de la Zona Operacional III. El jerarca hizo hincapi\u00e9 en que \u201cen principio se trabajar\u00e1 coordinadamente con la ex zona III hasta el egreso de nuevos polic\u00edas, planificado para fines de setiembre, donde se inaugurar\u00e1 la Comisar\u00eda de la Mujer y la base de Polic\u00eda Cient\u00edfica\u201d. Desde diciembre, la Base Operacional V contar\u00e1 con m\u00e1s de 100 polic\u00edas, grupo PADO, Comisar\u00eda de Violencia Dom\u00e9stica y Polic\u00eda Cient\u00edfica .<\/p>\n\n\n\n<p><strong>Trabajo interinstitucional<\/strong><\/p>\n\n\n\n<p>Finalmente, el Director de Administraci\u00f3n del Gobierno Departamental, Pedro Irigoin, dijo que esta inauguraci\u00f3n se recibe con mucha expectativa, ya que el trabajo interinstitucional se viene desarrollando desde hace varios a\u00f1os. \u201cVenimos trabajando muy bien, desde hace muchos a\u00f1os, con el Ministerio del Interior. <\/p>\n\n\n\n<p>Por ejemplo, en el per\u00edodo pasado con la colocaci\u00f3n de c\u00e1maras, que fue algo muy importante y con muchos resultados; los operativos que se mantienen, como Verano Azul, con la l\u00f3gica com\u00fan de trabajar todos para que la seguridad sea un elemento compartido, entre los usos y las costumbres. Esta sociedad que est\u00e1 creciendo, que dej\u00f3 de ser balneario, es un nuevo desaf\u00edo para el Ministerio del Interior y vemos con muy buenos ojos esta inauguraci\u00f3n y estamos expectantes de ver resultados\u201d, concluy\u00f3.<\/p>\n","protected":false},"excerpt":{"rendered":"<p>Qued\u00f3 inaugurado el nuevo local de la Base Operacional V de la Jefatura de Polic\u00eda&#8230;<\/p>\n","protected":false},"author":1,"featured_media":1538,"comment_status":"open","ping_status":"open","sticky":false,"template":"","format":"standard","meta":{"_monsterinsights_skip_tracking":false,"_monsterinsights_sitenote_active":false,"_monsterinsights_sitenote_note":"","_monsterinsights_sitenote_category":0,"footnotes":""},"categories":[20],"tags":[],"class_list":["post-1535","post","type-post","status-publish","format-standard","has-post-thumbnail","hentry","category-costa-de-oro"],"featured_image_urls":{"full":["https:\/\/diariotiempo.com.uy\/noticias\/wp-content\/uploads\/2021\/08\/3-6.jpg",800,432,false],"thumbnail":["https:\/\/diariotiempo.com.uy\/noticias\/wp-content\/uploads\/2021\/08\/3-6-150x150.jpg",150,150,true],"medium":["https:\/\/diariotiempo.com.uy\/noticias\/wp-content\/uploads\/2021\/08\/3-6-300x162.jpg",300,162,true],"medium_large":["https:\/\/diariotiempo.com.uy\/noticias\/wp-content\/uploads\/2021\/08\/3-6-768x415.jpg",640,346,true],"large":["https:\/\/diariotiempo.com.uy\/noticias\/wp-content\/uploads\/2021\/08\/3-6.jpg",640,346,false],"rpg_gallery_admin_thumb":["https:\/\/diariotiempo.com.uy\/noticias\/wp-content\/uploads\/2021\/08\/3-6.jpg",150,81,false],"rpg_gallery_thumb":["https:\/\/diariotiempo.com.uy\/noticias\/wp-content\/uploads\/2021\/08\/3-6.jpg",150,81,false],"1536x1536":["https:\/\/diariotiempo.com.uy\/noticias\/wp-content\/uploads\/2021\/08\/3-6.jpg",800,432,false],"2048x2048":["https:\/\/diariotiempo.com.uy\/noticias\/wp-content\/uploads\/2021\/08\/3-6.jpg",800,432,false],"covernews-slider-full":["https:\/\/diariotiempo.com.uy\/noticias\/wp-content\/uploads\/2021\/08\/3-6.jpg",800,432,false],"covernews-slider-center":["https:\/\/diariotiempo.com.uy\/noticias\/wp-content\/uploads\/2021\/08\/3-6.jpg",800,432,false],"covernews-featured":["https:\/\/diariotiempo.com.uy\/noticias\/wp-content\/uploads\/2021\/08\/3-6.jpg",800,432,false],"covernews-medium":["https:\/\/diariotiempo.com.uy\/noticias\/wp-content\/uploads\/2021\/08\/3-6-540x340.jpg",540,340,true],"covernews-medium-square":["https:\/\/diariotiempo.com.uy\/noticias\/wp-content\/uploads\/2021\/08\/3-6-400x250.jpg",400,250,true]},"author_info":{"display_name":"diario","author_link":"https:\/\/diariotiempo.com.uy\/noticias\/author\/diario\/"},"category_info":"<a href=\"https:\/\/diariotiempo.com.uy\/noticias\/category\/departamental\/costa-de-oro\/\" rel=\"category tag\">Costa de Oro<\/a>","tag_info":"Costa de Oro","comment_count":"0","_links":{"self":[{"href":"https:\/\/diariotiempo.com.uy\/noticias\/wp-json\/wp\/v2\/posts\/1535","targetHints":{"allow":["GET"]}}],"collection":[{"href":"https:\/\/diariotiempo.com.uy\/noticias\/wp-json\/wp\/v2\/posts"}],"about":[{"href":"https:\/\/diariotiempo.com.uy\/noticias\/wp-json\/wp\/v2\/types\/post"}],"author":[{"embeddable":true,"href":"https:\/\/diariotiempo.com.uy\/noticias\/wp-json\/wp\/v2\/users\/1"}],"replies":[{"embeddable":true,"href":"https:\/\/diariotiempo.com.uy\/noticias\/wp-json\/wp\/v2\/comments?post=1535"}],"version-history":[{"count":3,"href":"https:\/\/diariotiempo.com.uy\/noticias\/wp-json\/wp\/v2\/posts\/1535\/revisions"}],"predecessor-version":[{"id":1539,"href":"https:\/\/diariotiempo.com.uy\/noticias\/wp-json\/wp\/v2\/posts\/1535\/revisions\/1539"}],"wp:featuredmedia":[{"embeddable":true,"href":"https:\/\/diariotiempo.com.uy\/noticias\/wp-json\/wp\/v2\/media\/1538"}],"wp:attachment":[{"href":"https:\/\/diariotiempo.com.uy\/noticias\/wp-json\/wp\/v2\/media?parent=1535"}],"wp:term":[{"taxonomy":"category","embeddable":true,"href":"https:\/\/diariotiempo.com.uy\/noticias\/wp-json\/wp\/v2\/categories?post=1535"},{"taxonomy":"post_tag","embeddable":true,"href":"https:\/\/diariotiempo.com.uy\/noticias\/wp-json\/wp\/v2\/tags?post=1535"}],"curies":[{"name":"wp","href":"https:\/\/api.w.org\/{rel}","templated":true}]}}